
{"id":55460,"date":"2016-01-10T11:37:01","date_gmt":"2016-01-10T09:37:01","guid":{"rendered":"http:\/\/www.gdapress.it\/it\/?p=55460"},"modified":"2016-01-10T11:37:01","modified_gmt":"2016-01-10T09:37:01","slug":"uccello-di-fuoco-e-romeo-e-giulietta-laverdi-sulle-punte","status":"publish","type":"post","link":"https:\/\/www.gdapress.it\/it\/index.php\/55460\/musica\/uccello-di-fuoco-e-romeo-e-giulietta-laverdi-sulle-punte.html","title":{"rendered":"Uccello di fuoco e Romeo e Giulietta:  laVerdi sulle punte"},"content":{"rendered":"<p><a href=\"http:\/\/www.gdapress.it\/it\/..\/public\/it\/2016\/01\/GetAttachment-1.jpg\"><img loading=\"lazy\" decoding=\"async\" class=\"alignnone size-full wp-image-55461\" src=\"http:\/\/www.gdapress.it\/it\/..\/public\/it\/2016\/01\/GetAttachment-1.jpg\" alt=\"GetAttachment (1)\" width=\"218\" height=\"146\" \/><\/a><\/p>\n<p>STAGIONE SINFONICA 2016<\/p>\n<p><strong><em>Uccello di fuoco<\/em><\/strong><strong> e <em>Romeo e Giulietta<\/em>:<\/strong><\/p>\n<p><strong>laVerdi sulle punte<\/strong><\/p>\n<p>Jader Bignamini torna alla guida dell\u2019Orchestra Sinfonica di Milano nelle Suite<\/p>\n<p>dei balletti di Stravinskij e Prokof\u2019ev<\/p>\n<p><strong>domenica 10 gennaio<\/strong><\/p>\n<p>Auditorium di Milano, largo Mahler<\/p>\n<p><strong>Orchestra Sinfonica di Milano Giuseppe Verdi<\/strong><\/p>\n<p>Direttore<strong> Jader Bignamini<\/strong><\/p>\n<p><strong>\u00a0<\/strong><\/p>\n<p>Dopo la sfolgorante apertura della nuova stagione con la Nona di Beethoven per Capodanno diretta da Zhang Xian, l\u2019<strong>Orchestra Sinfonica di Milano Giuseppe Verdi<\/strong> si ripresenta al pubblico dell\u2019<strong>Auditorium di Milano <\/strong><strong>\u00a0domenica 10 gennaio (ore 16.00) <\/strong>con una locandina sfavillante. Sul palco di <strong>largo Mahler <\/strong>torna la bacchetta di <strong>Jader Bignamini<\/strong>, per questo \u201ctrittico\u201d tutto sinfonico all\u2019insegna di due grandi della tradizione russa del Novecento. Si comincia con la Suite dell\u2019<em>Uccello di Fuoco<\/em> di <strong>Stravinskij<\/strong>, per proseguire con la Suite di <em>Romeo e Giulietta<\/em> di <strong>Prokof\u2019ev<\/strong>: due gioielli assoluti senza tempo, particolarmente amati dal grande pubblico.<\/p>\n<p>A <strong>Jader Bignamini<\/strong> il compito di accompagnarci all\u2019ascolto: \u201cAl di l\u00e0 della universale popolarit\u00e0 dei brani, \u00e8 significativo che le due suite siano tratte da altrettanti balletti, elemento che le accomuna. Prokof\u2019ev, in particolare, su <em>Romeo e Giulietta<\/em> ha composto 3 suite. Nell\u2019esecuzione con laVerdi, io faccio una \u2018mia\u2019 suite: un montaggio composto da brani tratti dalla prima e dalla seconda, che segue l\u2019ordine dell\u2019evoluzione della storia. Dell\u2019<em>Uccello di fuoco<\/em> di Stravinskij eseguiremo invece la suite tradizionale del 1919, che raggruppa i brani pi\u00f9 spettacolari, con la <em>Danza infernale<\/em> sopra tutti. Nel complesso, si tratta di un brano che dimostra le qualit\u00e0 virtuosistiche non solo dei solisti nell\u2019ambito orchestrale ma dell\u2019orchestra tutta. La tavolozza timbrica utilizzata dal compositore \u00e8 estremamente variegata e l\u2019orchestrazione \u00e8 a livello eccelso. E\u2019 la seconda volta che l\u2019affronto, e sempre con laVerdi; ma la partitura nasconde comunque novit\u00e0 e insidie: per affrontarla, attenzione e riguardo sono d\u2019obbligo\u201d.<\/p>\n<p>(<strong>Biglietti<\/strong>: euro 35,00\/15,00; <strong>info e prenotazioni<\/strong>: Auditorium di Milano Fondazione Cariplo, largo Mahler, orari apertura: mar \u2013 dom ore 14.30 \u2013 19.00, tel. 02.83389401\/2\/3;\u00a0 on line:\u00a0 <a href=\"http:\/\/www.laverdi.org\/\">www.laverdi.org<\/a> o <a href=\"http:\/\/www.vivaticket.it\/\">www.vivaticket.it<\/a> ).<\/p>\n<p>&nbsp;<\/p>\n<p><strong>Programma<\/strong><\/p>\n<p>La Suite eseguita nel concerto \u00e8 la seconda che <strong>Stravinskij<\/strong> trasse <em>dall\u2019Uccello di fuoco <\/em>dopo il clamoroso successo della prima rappresentazione del balletto, avvenuta a Parigi il 25 giugno 1910.\u00a0 La prima era stata pubblicata nel 1912, una terza sarebbe seguita nel 1945. L\u2019Introduzione evoca immediatamente un mondo misterioso, presentando il <em>leitmotiv<\/em> associato alla figura dell\u2019Uccello magico, che attraversa la letteratura popolare russa e rispecchia nell\u2019immaginario collettivo la libert\u00e0 della bellezza e l\u2019indifferenza per desideri e affanni delle persone umane. \u201cPer me &#8211; afferm\u00f2 Stravinskij &#8211; l\u2019effetto pi\u00f9 straordinario dell\u2019<em>Uccello di fuoco<\/em> \u00e8 derivato da Rimskij\u201d, il suo maestro, autore di una celebre raccolta di canti popolari russi, che influenz\u00f2 profondamente \u00a0i compositori dell\u2019epoca. <em>L\u2019uccello di fuoco<\/em> riflette questa fiducia nel folklore come risorsa stilistica di una musica \u201cnazionale\u201d.<\/p>\n<p>Composto nel 1935 come balletto, anche <em>Romeo e Giulietta<\/em> venne ridotto da <strong>Prokof\u2019ev <\/strong>in forma di Suite, con immediato successo a Mosca e Leningrado come in Europa e negli Stati Uniti. Poco importa se l\u2019\u201dottimismo di Stato\u201d allora vigente impose un irreale lieto fine della tragedia shakespiriana. Rinunciando alle sonorit\u00e0 \u201cavanguardistiche\u201d dei precedenti balletti, Prokof\u2019ev semplifica qui il linguaggio, rendendolo capace di emozionare senza cedere al sentimentalismo.<\/p>\n<p><strong>\u00a0<\/strong><\/p>\n<p><strong>Biografie<\/strong><\/p>\n<p><strong>Jader Bignamini<\/strong>, <em>direttore<\/em>. Apprezzato per il forte carisma e la personalit\u00e0 dirompente, nonch\u00e9 dotato di preparazione e raffinatezza musicale fuori dal comune, affina e sviluppa le sue doti tecniche e artistiche nell\u2019ambito dell\u2019Orchestra Sinfonica di Milano Giuseppe Verdi, dove gi\u00e0 nel 1997, a soli 21 anni, viene scelto dal Maestro Riccardo Chailly come clarinetto piccolo dell\u2019<em>ensemble<\/em> sinfonico. L\u2019attivit\u00e0 pi\u00f9 recente lo vede collaborare nel 2009 ha con il Teatro San Carlo di Napoli, con l\u2019Orchestra dell\u2019Arena di Verona e naturalmente con \u00a0l\u2019Orchestra Sinfonica di Milano Giuseppe Verdi, con la quale nel 2010 \u00e8 impegnato tra l\u2019altro nella registrazione per Sky TV in prima esecuzione mondiale del brano <em>Spirito Eroico<\/em> del compositore Di Iorio, colonna sonora ufficiale delle Olimpiadi invernali di Vancouver.<strong> \u00a0\u00a0 <\/strong>Nel 2010 \u00e8 nominato Direttore Assistente dell\u2019Orchestra Sinfonica di Milano Giuseppe Verdi e in questo ruolo prepara <em>la<\/em>Verdi nell\u2019esecuzione integrale delle sinfonie di Mahler per i direttori ospiti della Stagione Sinfonica 2010\/2011 dell\u2019Auditorium di Milano. \u00c8 del 13 Marzo 2011 il debutto alla direzione dell\u2019Orchestra nella Quinta Sinfonia di Mahler, e solo otto giorni pi\u00f9 tardi, il 20 marzo, dirige il concerto per il 150\u00b0 anniversario dell&#8217;Unit\u00e0 d&#8217;Italia in diretta televisiva, alla presenza del Presidente della Repubblica Giorgio Napolitano, in visita \u00a0ufficiale a Milano. Sempre nel 2011 dirige all&#8217;Auditorium San Domenico di Foligno la verdiana <em>Messa di Requiem<\/em> con l\u2019Orchestra Sinfonica e il Coro Sinfonico di Milano Giuseppe Verdi, mentre nella chiesa di San Marco a Milano per MiTo 2011 esegue la <em>Missa Solemnis <\/em>di Liszt e per MiTo 2012 la <em>Messe solennelle<\/em> di Berlioz.<strong> Nell\u2019aprile 2012 \u00e8 nominato Direttore Associato dell\u2019Orchestra Sinfonica di Milano Giuseppe Verdi<\/strong>. Bignamini ha chiuso \u201cUna Estate con la Musica 2012\u201d, la prima stagione estiva de <em>la<\/em>Verdi, dirigendo, a fine agosto, <em>Carmen<\/em> di Bizet in forma di concerto, e ha inaugurato la XX Stagione sinfonica dell\u2019Orchestra all\u2019Auditorium di Milano, il 13 settembre 2012, accompagnando la violinista Francesca Dego nell\u2019esecuzione del Concerto per violino e orchestra n. 2 di Prokof\u2019ev. Nel novembre 2012 ha guidato l\u2019Orchestra Sinfonica di Milano Giuseppe Verdi in una trionfale torun\u00e9e in Russia, con due concerti a Mosca (Sala Grande del Conservatorio \u010cajkovskij) e San Pietroburgo (Cappella Accademica di Stato). Il\u00a0 31 dicembre 2012 ha diretto il Concerto di Capodanno alla guida della Osaka Symphony Orchestra, con un programma tutto italiano, ospite alla Biwako Hall di Otsu per il suo debutto in Giappone. Seguono i debutti sinfonici in Brasile al Teatro Municipal di Sao Paulo, a Palermo con l&#8217;Orchestra Sinfonica Siciliana e a Firenze col Maggio Musicale.<\/p>\n<p>Inaugura poi il XXXIX Festival della Valle d&#8217;Itria con\u00a0<em>Crispino e la Comare<\/em>, la XX Stagione Sinfonica de\u00a0<em>la<\/em>Verdi con un programma verdiano e\u00a0il Festival Verdi 2013 a Parma con\u00a0<em>Simon Boccanegra<\/em>, a seguito del quale gli viene offerto dal Teatro Regio un invito triennale per il Festival.<\/p>\n<p>Impegni per il 2015: direzione di <em>Aida<\/em> al Teatro dell\u2019Opera di Roma (aprile); <em>Madama Butterfly<\/em>\u00a0al Teatro la\u00a0\u00a0Fenice di Venezia (maggio); <em>Rigoletto<\/em> negli USA,\u00a0 Festival di Santa F\u00e8, New Mexico (luglio e agosto).<\/p>\n<p>&nbsp;<\/p>\n","protected":false},"excerpt":{"rendered":"<p>STAGIONE SINFONICA 2016 Uccello di fuoco e Romeo e Giulietta: laVerdi sulle punte Jader Bignamini torna alla guida dell\u2019Orchestra Sinfonica di Milano nelle Suite dei balletti di Stravinskij e Prokof\u2019ev domenica 10 gennaio Auditorium di Milano, largo Mahler Orchestra Sinfonica di Milano Giuseppe Verdi Direttore Jader Bignamini \u00a0 Dopo la sfolgorante apertura della nuova stagione &hellip; <a href=\"https:\/\/www.gdapress.it\/it\/index.php\/55460\/musica\/uccello-di-fuoco-e-romeo-e-giulietta-laverdi-sulle-punte.html\" class=\"more-link\">Read more <span class=\"screen-reader-text\">Uccello di fuoco e Romeo e Giulietta:  laVerdi sulle punte<\/span><\/a><\/p>\n","protected":false},"author":3,"featured_media":0,"comment_status":"closed","ping_status":"open","sticky":false,"template":"","format":"standard","meta":{"footnotes":""},"categories":[19],"tags":[1494,17088,17087],"class_list":["post-55460","post","type-post","status-publish","format-standard","hentry","category-musica","tag-laverdi","tag-romeo-e-giulietta","tag-uccello-di-fuoco"],"_links":{"self":[{"href":"https:\/\/www.gdapress.it\/it\/index.php\/wp-json\/wp\/v2\/posts\/55460","targetHints":{"allow":["GET"]}}],"collection":[{"href":"https:\/\/www.gdapress.it\/it\/index.php\/wp-json\/wp\/v2\/posts"}],"about":[{"href":"https:\/\/www.gdapress.it\/it\/index.php\/wp-json\/wp\/v2\/types\/post"}],"author":[{"embeddable":true,"href":"https:\/\/www.gdapress.it\/it\/index.php\/wp-json\/wp\/v2\/users\/3"}],"replies":[{"embeddable":true,"href":"https:\/\/www.gdapress.it\/it\/index.php\/wp-json\/wp\/v2\/comments?post=55460"}],"version-history":[{"count":1,"href":"https:\/\/www.gdapress.it\/it\/index.php\/wp-json\/wp\/v2\/posts\/55460\/revisions"}],"predecessor-version":[{"id":55462,"href":"https:\/\/www.gdapress.it\/it\/index.php\/wp-json\/wp\/v2\/posts\/55460\/revisions\/55462"}],"wp:attachment":[{"href":"https:\/\/www.gdapress.it\/it\/index.php\/wp-json\/wp\/v2\/media?parent=55460"}],"wp:term":[{"taxonomy":"category","embeddable":true,"href":"https:\/\/www.gdapress.it\/it\/index.php\/wp-json\/wp\/v2\/categories?post=55460"},{"taxonomy":"post_tag","embeddable":true,"href":"https:\/\/www.gdapress.it\/it\/index.php\/wp-json\/wp\/v2\/tags?post=55460"}],"curies":[{"name":"wp","href":"https:\/\/api.w.org\/{rel}","templated":true}]}}