
{"id":55443,"date":"2016-01-09T14:26:32","date_gmt":"2016-01-09T12:26:32","guid":{"rendered":"http:\/\/www.gdapress.it\/it\/?p=55443"},"modified":"2016-01-09T14:26:32","modified_gmt":"2016-01-09T12:26:32","slug":"form-presenta-la-nuova-stagione-sinfonica-2016","status":"publish","type":"post","link":"https:\/\/www.gdapress.it\/it\/index.php\/55443\/musica\/form-presenta-la-nuova-stagione-sinfonica-2016.html","title":{"rendered":"FORM presenta la nuova stagione sinfonica 2016"},"content":{"rendered":"<p class=\"ecxModulovuotoA\"><a href=\"http:\/\/www.gdapress.it\/it\/..\/public\/it\/2016\/01\/DSC_0928.jpg\"><img loading=\"lazy\" decoding=\"async\" class=\"alignnone size-medium wp-image-55444\" src=\"http:\/\/www.gdapress.it\/it\/..\/public\/it\/2016\/01\/DSC_0928-300x173.jpg\" alt=\"DSC_0928\" width=\"300\" height=\"173\" srcset=\"https:\/\/www.gdapress.it\/it\/..\/public\/it\/2016\/01\/DSC_0928-300x173.jpg 300w, https:\/\/www.gdapress.it\/it\/..\/public\/it\/2016\/01\/DSC_0928-500x288.jpg 500w, https:\/\/www.gdapress.it\/it\/..\/public\/it\/2016\/01\/DSC_0928-900x518.jpg 900w, https:\/\/www.gdapress.it\/it\/..\/public\/it\/2016\/01\/DSC_0928.jpg 1200w\" sizes=\"auto, (max-width: 300px) 100vw, 300px\" \/><\/a><\/p>\n<p class=\"ecxModulovuotoA\">Una stagione all\u2019insegna di Beethoven e del classicismo viennese che spazia attraverso generi e stili diversi, dal barocco alla musica da film. L\u2019Orchestra Filarmonica Marchigiana ha presentato il cartellone 2016, composto da capolavori immortali che hanno fatto la storia della musica, con l\u2019assessore alla Cultura Moreno Pieroni, il presidente FORM Renato Pasqualetti e il direttore artistico Fabio Tiberi. Dal 13 gennaio, con il debutto a Jesi, al 9 maggio, le melodie di Beethoven, Mozart, Haydn, Brahms, Schubert, Vivaldi e tanti altri attraversano, con ben 45 concerti, 12 importanti teatri della regione, da Pesaro ad Ascoli Piceno, e le citt\u00e0 di Lucca, Ravenna e Foggia.<\/p>\n<p class=\"ecxModulovuotoA\">\u201cLa stagione sinfonica &#8211; ha dichiarato Pieroni &#8211; \u00e8 <span lang=\"DE\">uno degli eventi pi\u00f9 qualificati e importanti della nostra regione. Voglio sottolineare la nostra vicinanza alla FORM che \u00e8 una realt\u00e0 tutta marchigiana, grazie anche alla professionalit\u00e0 dei maestri. L\u2018assessorato si sta impegnando per trovare fondi a sostegno di questo tipo di strutture culturali che rappresentano le Marche a livello nazionale. \u201d Prosegue Pasqualetti: \u201cil nostro lavoro di produzione si svolge per 365 giorni l\u2019anno, in tutte le Marche, da Ascoli a Pesaro. L\u2019orchestra, composta mediamente da 60\/70 musicisti, \u00e8 cultura, spettacolo, coesione sociale e pure economia, un vero patrimonio a disposizione della regione\u201d.<\/span><\/p>\n<p class=\"ecxModulovuotoA\">Il Maestro <b>Hubert Soudant <\/b>apre la stagione mercoled\u00ec prossimo. \u201cMusicista di fama internazionale, Direttore Principale della FORM da un anno &#8211; ha affermato Tiberi &#8211; Soudant ci fa apprezzare la famosissima <i>Quinta Sinfonia<\/i> di Beethoven\u201d. Sempre Soudant dirige il mese successivo la serie di concerti <i>Mozart 40 <\/i>e ad aprile<i> Beethoven 1. <\/i>La musica del genio tedesco \u00e8 la protagonista anche dei <i>Concerti per pianoforte<\/i> che, dal 22 gennaio vedono misurarsi, dirette da Federico Mondelci, tre eccellenti giovane pianiste: Costanza Principe, Leonora Armellini e Gloria Campaner.<\/p>\n<p class=\"ecxModulovuotoA\">Uno dei migliori oboisti del panorama internazionale, Francesco Di Rosa, dal 28 gennaio esegue OBOISSIMO!: un viaggio con lo strumento che d\u00e0 il \u201cla\u201d all\u2019orchestra dal barocco di Vivaldi alla musica contemporanea di Keith Jarrett.<\/p>\n<p class=\"ecxModulovuotoA\">Il 14 febbraio l\u2019Orchestra Filarmonica Marchigiana accompagna ad Ancona lo strepitoso duo Dosto &amp; Yevski con la loro ultima \u201cfollia\u201d, <i>Sinfollia,<\/i>mentre due settimane dopo spazio ad un altro gigante: Johannes Brahms. Questa volta la FORM accompagna Lorenzo Di Bella, diretto da Matteo Pagliari, nell\u2019interpretazione del <i>Secondo concerto per pianoforte e orchestra<\/i>, il \u201cconcerto dei concerti\u201d.<\/p>\n<p class=\"ecxModulovuotoA\">La stagione ha in serbo ancora due giovani e importanti musicisti internazionali, che si sono fatti apprezzare dal pubblico nelle stagioni precedenti. Il grande violoncellista Umberto Clerici \u00e8 l\u2019artista in residenza che dal 30 marzo si esibisce in veste di solista e di direttore dell\u2019ensemble d\u2019archi dell\u2019Orchestra Filarmonica Marchigiana, mentre dal 28 aprile torna il violinista Stefan Milenkovich con il programma <i>Otto stagioni<\/i>, ovvero quelle famosissime di Vivaldi e quelle amatissime di Piazzolla<\/p>\n<p class=\"ecxModulovuotoA\">Il programma 2016 si completa con il concerto lirico sinfonico di Fabriano (6 marzo), con quello che inaugura la mostra <i>Tiziano, Lotto, Artemisia: le stanze segrete di Vittorio Sgarbi<\/i> ad Osimo (17 marzo) e con l\u2019esibizione, affidata alla direzione di David Crescenzi e al giovane violoncellista Alberto Casadei, dal titolo <i>Saint-Sans e Beethoven<\/i>, a Chiaravalle (21 aprile).<\/p>\n<p class=\"ecxCorpoAA\">Lo stile sinfonico incontra e si contamina con il linguaggio del jazz nell\u2019appuntamento <i>Woody Shaw Legacy with strings. <\/i>Il 23 marzo al Pergolesi di Jesi, l\u2019Orchestra Filarmonica Marchigiana affronta una serata entusiasmante con la tromba di Fabrizio Bosso e il Massimo Morganti Sextet. Non meno affascinante il programma <i>Musica da vedere: cinema italiano in concerto<\/i> che propone le pi\u00f9 belle colonne sonore del cinema italiano eseguite dalla FORM, diretta da Michelangelo Galeati.<\/p>\n<p class=\"ecxCorpoAA\">Numerose le iniziative rivolte al mondo dell\u2019istruzione con attivit\u00e0 educational e concerti in anteprima; rinnovate le collaborazioni con il Conservatorio G. Rossini per le attivit\u00e0 della classe di direzione d\u2019orchestra e con l\u2019Universit\u00e0 di Ancona per <i>FORM-OFF. I concerti dell\u2019aula magna. <\/i>Confermati anche gli appuntamenti con la <i>Rassegna di Nuova Musica<\/i> di Macerata e la serata finale del <i>Concorso Postacchini<\/i> di Fermo.<\/p>\n<p class=\"ecxCorpoAA\">I partner sono: Fondazione Teatro delle Muse e Societ\u00e0 Amici della Musica \u201cG. Michelli\u201d di Ancona, Fondazione Pergolesi Spontini di Jesi, Ente Concerti di Pesaro, Associazione Arena Sferisterio, Appassionata e Rassegna di Nuova Musica di Macerata, Civitanova Classica Piano Festival, Fondazione Giovent\u00f9 Musicale d\u2019Italia \u2013 sezione di Fermo, Associazione Antiqua Marca Fermana, Societ\u00e0 Filarmonica Ascolana, Associazione Spazio Marche Jazz Network, AMAT, Accademia d\u2019Arte Lirica e Concorso \u201cNuova Coppa Pianisti\u201d di Osimo, Consorzio Marche Spettacolo.<\/p>\n<p class=\"ecxNormale1\"><b><i>La stagione \u00e8 realizzata con il sostegno del Ministero per i Beni e le Attivit\u00e0 Culturali e della Regione Marche, con il contributo dei Comuni di Ancona, Jesi, Macerata, Fermo, Fano, Fabriano e della Fondazione Cassa di Risparmio di Fabriano e Cupramontana.<\/i><\/b><\/p>\n<p class=\"ecxNormale1\">INFO<\/p>\n<p class=\"ecxNormale1\">FORM-Orchestra Filarmonica Marchigiana<\/p>\n<p class=\"ecxNormale1\"><span class=\"ecxHyperlink0\"><span lang=\"DE\"><a href=\"http:\/\/www.filarmonicamarchigiana.com\/\" target=\"_blank\"><span lang=\"EN-US\">www.filarmonicamarchigiana.com<\/span><\/a><\/span><\/span><span class=\"ecxNessuno\"><span lang=\"EN-US\">\u00a0<\/span><\/span><\/p>\n<p class=\"ecxNormale1\"><span class=\"ecxNessuno\"><span lang=\"EN-US\">tel. 071 206168 | fax 071 206730 | <\/span><\/span><span class=\"ecxHyperlink1\"><span lang=\"DE\"><a href=\"mailto:info@filarmonicamarchigiana.com\"><span lang=\"EN-US\">info@filarmonicamarchigiana.com<\/span><\/a><\/span><\/span><\/p>\n<p class=\"ecxNormale1\"><span class=\"ecxNessuno\"><span lang=\"EN-US\">\u00a0<\/span><\/span><\/p>\n<p class=\"ecxNormale1\"><span class=\"ecxNessuno\"><span lang=\"EN-US\">\u00a0<\/span><\/span><\/p>\n<p class=\"ecxNormale1\"><span class=\"ecxNessuno\"><span lang=\"EN-US\">\u00a0<\/span><\/span><\/p>\n<p class=\"ecxNormale1\"><span class=\"ecxNessuno\"><span lang=\"EN-US\">\u00a0<\/span><\/span><\/p>\n<p class=\"ecxNormale1\"><span lang=\"EN-US\">\u00a0<\/span><\/p>\n","protected":false},"excerpt":{"rendered":"<p>Una stagione all\u2019insegna di Beethoven e del classicismo viennese che spazia attraverso generi e stili diversi, dal barocco alla musica da film. L\u2019Orchestra Filarmonica Marchigiana ha presentato il cartellone 2016, composto da capolavori immortali che hanno fatto la storia della musica, con l\u2019assessore alla Cultura Moreno Pieroni, il presidente FORM Renato Pasqualetti e il direttore &hellip; <a href=\"https:\/\/www.gdapress.it\/it\/index.php\/55443\/musica\/form-presenta-la-nuova-stagione-sinfonica-2016.html\" class=\"more-link\">Read more <span class=\"screen-reader-text\">FORM presenta la nuova stagione sinfonica 2016<\/span><\/a><\/p>\n","protected":false},"author":3,"featured_media":0,"comment_status":"closed","ping_status":"open","sticky":false,"template":"","format":"standard","meta":{"footnotes":""},"categories":[19],"tags":[16521,14371,17083,6027],"class_list":["post-55443","post","type-post","status-publish","format-standard","hentry","category-musica","tag-16521","tag-form","tag-orchestra-filarmonica-marchigiana","tag-stagione-sinfonica"],"_links":{"self":[{"href":"https:\/\/www.gdapress.it\/it\/index.php\/wp-json\/wp\/v2\/posts\/55443","targetHints":{"allow":["GET"]}}],"collection":[{"href":"https:\/\/www.gdapress.it\/it\/index.php\/wp-json\/wp\/v2\/posts"}],"about":[{"href":"https:\/\/www.gdapress.it\/it\/index.php\/wp-json\/wp\/v2\/types\/post"}],"author":[{"embeddable":true,"href":"https:\/\/www.gdapress.it\/it\/index.php\/wp-json\/wp\/v2\/users\/3"}],"replies":[{"embeddable":true,"href":"https:\/\/www.gdapress.it\/it\/index.php\/wp-json\/wp\/v2\/comments?post=55443"}],"version-history":[{"count":1,"href":"https:\/\/www.gdapress.it\/it\/index.php\/wp-json\/wp\/v2\/posts\/55443\/revisions"}],"predecessor-version":[{"id":55445,"href":"https:\/\/www.gdapress.it\/it\/index.php\/wp-json\/wp\/v2\/posts\/55443\/revisions\/55445"}],"wp:attachment":[{"href":"https:\/\/www.gdapress.it\/it\/index.php\/wp-json\/wp\/v2\/media?parent=55443"}],"wp:term":[{"taxonomy":"category","embeddable":true,"href":"https:\/\/www.gdapress.it\/it\/index.php\/wp-json\/wp\/v2\/categories?post=55443"},{"taxonomy":"post_tag","embeddable":true,"href":"https:\/\/www.gdapress.it\/it\/index.php\/wp-json\/wp\/v2\/tags?post=55443"}],"curies":[{"name":"wp","href":"https:\/\/api.w.org\/{rel}","templated":true}]}}