
{"id":55416,"date":"2016-01-08T10:34:24","date_gmt":"2016-01-08T08:34:24","guid":{"rendered":"http:\/\/www.gdapress.it\/it\/?p=55416"},"modified":"2016-01-08T10:34:24","modified_gmt":"2016-01-08T08:34:24","slug":"francesca-michielin-quirinetta-caffe-roma","status":"publish","type":"post","link":"https:\/\/www.gdapress.it\/it\/index.php\/55416\/musica\/francesca-michielin-quirinetta-caffe-roma.html","title":{"rendered":"FRANCESCA MICHIELIN QUIRINETTA CAFFE&#8217; ROMA"},"content":{"rendered":"<p><a href=\"http:\/\/www.gdapress.it\/it\/..\/public\/it\/2016\/01\/Francesca-Michielin-Quirinetta-8-gennaio-2016.jpg\"><img loading=\"lazy\" decoding=\"async\" class=\"alignnone size-medium wp-image-55417\" src=\"http:\/\/www.gdapress.it\/it\/..\/public\/it\/2016\/01\/Francesca-Michielin-Quirinetta-8-gennaio-2016-300x191.jpg\" alt=\"Francesca Michielin Quirinetta 8 gennaio 2016\" width=\"300\" height=\"191\" srcset=\"https:\/\/www.gdapress.it\/it\/..\/public\/it\/2016\/01\/Francesca-Michielin-Quirinetta-8-gennaio-2016-300x191.jpg 300w, https:\/\/www.gdapress.it\/it\/..\/public\/it\/2016\/01\/Francesca-Michielin-Quirinetta-8-gennaio-2016-500x318.jpg 500w, https:\/\/www.gdapress.it\/it\/..\/public\/it\/2016\/01\/Francesca-Michielin-Quirinetta-8-gennaio-2016.jpg 785w\" sizes=\"auto, (max-width: 300px) 100vw, 300px\" \/><\/a><\/p>\n<p><strong><em>Nice To Meet You<\/em><\/strong><\/p>\n<p><strong>FRANCESCA MICHIELIN<\/strong><\/p>\n<p><strong><em>Uno show intimo ed esclusivo<\/em><\/strong><\/p>\n<p><strong>Live l\u20198 gennaio 2016 al Quirinetta Caff\u00e8 Concerto di Roma<\/strong><\/p>\n<ol start=\"22\">\n<li>22.00 \u2013 Via Marco Minghetti 5 (Roma)<\/li>\n<\/ol>\n<p><strong>Venerd\u00ec 8 gennaio<\/strong> la cantautrice<strong> Francesca Michielin<\/strong> arriva a <strong>Roma<\/strong>, al <strong>Quirinetta Caff\u00e8 Concerto<\/strong>, per il primo live di <strong>Nice to meet you<\/strong>.<\/p>\n<p>A pochi giorni dalla conferma del suo nome nella rosa dei <strong>Big<\/strong> della prossima edizione del <strong>Festival di Sanremo<\/strong>, <strong>Francesca Michielin<\/strong>\u00a0 parte con una nuova serie di date dal vivo.<\/p>\n<p><strong>Nice to meet you<\/strong>, pi\u00f9 che un tour \u00e8 un progetto, pi\u00f9 che un concerto un\u2019autobiografia musicale della cantante: uno spettacolo molto intimo che la vedr\u00e0 da sola sul palco, tra tutti gli strumenti che conosce.<\/p>\n<p>Un live pensato da Francesca per creare un contatto intimo e diretto con il pubblico, per raccontarsi, per farsi conoscere, per dire a chi la ascolta \u2018<em>Piacere, sono io, Francesca<\/em>\u2019: da qui, infatti, il nome scelto.<\/p>\n<p>Sul palco, Francesca canter\u00e0 anche le canzoni del suo <strong>ultimo lavoro discografico<\/strong> pubblicato lo scorso ottobre su etichetta <strong>Sony Music<\/strong> e intitolato <strong>di20<\/strong>, perch\u00e9 il manifesto dei vent\u2019anni della cantante classe 1995.<\/p>\n<p>L\u2019appuntamento con <strong>Francesca Michielin<\/strong> dunque \u00e8 il prossimo<strong> 8 gennaio <\/strong>alle <strong>ore<\/strong><strong> 22.00,<\/strong> al <strong>Quirinetta Caff\u00e8 Concerto <\/strong>di<strong> via Minghetti 5<\/strong>. Il costo del biglietto di ingresso \u00e8 di <strong>10,00\u20ac + diritti di prevendita<\/strong>.<\/p>\n<p>Continua cos\u00ec la stagione dell\u2019ex <strong>Teatro Quirinetta<\/strong>, oggi rinato grazie al lavoro di <strong>Viteculture<\/strong> &#8211; <strong>impresa culturale<\/strong> che progetta e organizza eventi, riqualifica e rinnova spazi in disuso determinandone una nuova valenza in chiave contemporanea &#8211; nata a Roma nel 2014 su idea di <strong>Giulio<\/strong> <strong>Amorosetti<\/strong> e <strong>Mamo Giovenco<\/strong> &#8211; co-fondatori del Lanificio 159 &#8211; insieme a Daniele Martelli<\/p>\n<p>Dopo il concerto di Francesca Michielin, la programmazione live del Quirinetta di Roma prosegue con un\u2019altra grande ospite della scena pop: Bianca Atzei, il 27 gennaio 2016.<\/p>\n<p><strong>Per info:<\/strong> 06.69.92.56.16 \u2013 <a href=\"mailto:info@quirinetta.com\">info@quirinetta.com<\/a><\/p>\n<p><a href=\"http:\/\/phplist.hf4.it\/lt.php?id=LEhVBR0BX08FBQ9aUg\"><strong>www.quirinetta.com<\/strong><\/a><\/p>\n","protected":false},"excerpt":{"rendered":"<p>Nice To Meet You FRANCESCA MICHIELIN Uno show intimo ed esclusivo Live l\u20198 gennaio 2016 al Quirinetta Caff\u00e8 Concerto di Roma 22.00 \u2013 Via Marco Minghetti 5 (Roma) Venerd\u00ec 8 gennaio la cantautrice Francesca Michielin arriva a Roma, al Quirinetta Caff\u00e8 Concerto, per il primo live di Nice to meet you. A pochi giorni dalla &hellip; <a href=\"https:\/\/www.gdapress.it\/it\/index.php\/55416\/musica\/francesca-michielin-quirinetta-caffe-roma.html\" class=\"more-link\">Read more <span class=\"screen-reader-text\">FRANCESCA MICHIELIN QUIRINETTA CAFFE&#8217; ROMA<\/span><\/a><\/p>\n","protected":false},"author":3,"featured_media":0,"comment_status":"closed","ping_status":"open","sticky":false,"template":"","format":"standard","meta":{"footnotes":""},"categories":[19],"tags":[17073,17074,27],"class_list":["post-55416","post","type-post","status-publish","format-standard","hentry","category-musica","tag-francesca-michielin","tag-quirinetta-caffe","tag-roma"],"_links":{"self":[{"href":"https:\/\/www.gdapress.it\/it\/index.php\/wp-json\/wp\/v2\/posts\/55416","targetHints":{"allow":["GET"]}}],"collection":[{"href":"https:\/\/www.gdapress.it\/it\/index.php\/wp-json\/wp\/v2\/posts"}],"about":[{"href":"https:\/\/www.gdapress.it\/it\/index.php\/wp-json\/wp\/v2\/types\/post"}],"author":[{"embeddable":true,"href":"https:\/\/www.gdapress.it\/it\/index.php\/wp-json\/wp\/v2\/users\/3"}],"replies":[{"embeddable":true,"href":"https:\/\/www.gdapress.it\/it\/index.php\/wp-json\/wp\/v2\/comments?post=55416"}],"version-history":[{"count":1,"href":"https:\/\/www.gdapress.it\/it\/index.php\/wp-json\/wp\/v2\/posts\/55416\/revisions"}],"predecessor-version":[{"id":55418,"href":"https:\/\/www.gdapress.it\/it\/index.php\/wp-json\/wp\/v2\/posts\/55416\/revisions\/55418"}],"wp:attachment":[{"href":"https:\/\/www.gdapress.it\/it\/index.php\/wp-json\/wp\/v2\/media?parent=55416"}],"wp:term":[{"taxonomy":"category","embeddable":true,"href":"https:\/\/www.gdapress.it\/it\/index.php\/wp-json\/wp\/v2\/categories?post=55416"},{"taxonomy":"post_tag","embeddable":true,"href":"https:\/\/www.gdapress.it\/it\/index.php\/wp-json\/wp\/v2\/tags?post=55416"}],"curies":[{"name":"wp","href":"https:\/\/api.w.org\/{rel}","templated":true}]}}