
{"id":55376,"date":"2016-01-07T09:40:36","date_gmt":"2016-01-07T07:40:36","guid":{"rendered":"http:\/\/www.gdapress.it\/it\/?p=55376"},"modified":"2016-01-07T09:40:36","modified_gmt":"2016-01-07T07:40:36","slug":"radiodervish-teatro-menotti-milano","status":"publish","type":"post","link":"https:\/\/www.gdapress.it\/it\/index.php\/55376\/teatro\/radiodervish-teatro-menotti-milano.html","title":{"rendered":"RADIODERVISH TEATRO MENOTTI MILANO"},"content":{"rendered":"<p><a href=\"http:\/\/www.gdapress.it\/it\/..\/public\/it\/2016\/01\/simurgh_nella-foto-Nabil_Radiodervish.jpg\"><img loading=\"lazy\" decoding=\"async\" class=\"alignnone size-large wp-image-55377\" src=\"http:\/\/www.gdapress.it\/it\/..\/public\/it\/2016\/01\/simurgh_nella-foto-Nabil_Radiodervish-500x333.jpg\" alt=\"simurgh_nella foto Nabil_Radiodervish\" width=\"500\" height=\"333\" srcset=\"https:\/\/www.gdapress.it\/it\/..\/public\/it\/2016\/01\/simurgh_nella-foto-Nabil_Radiodervish-500x333.jpg 500w, https:\/\/www.gdapress.it\/it\/..\/public\/it\/2016\/01\/simurgh_nella-foto-Nabil_Radiodervish-300x200.jpg 300w, https:\/\/www.gdapress.it\/it\/..\/public\/it\/2016\/01\/simurgh_nella-foto-Nabil_Radiodervish-900x600.jpg 900w\" sizes=\"auto, (max-width: 500px) 100vw, 500px\" \/><\/a><\/p>\n<p><strong>Dal 7 al 10 gennaio 2016<\/strong><\/p>\n<p><strong>RADIODERVISH<\/strong><\/p>\n<p><strong>in<\/strong><\/p>\n<p><strong>IN SEARCH OF SIMURGH<\/strong><\/p>\n<p><em>con <\/em>Teresa Ludovico<\/p>\n<p><em>e con<\/em><\/p>\n<p>Nabil-<em>canto e percussioni<\/em><\/p>\n<p>Michele Lobaccaro-<em>chitarre, basso, percussioni<\/em><\/p>\n<p>Alessandro Pipino-<em>harmonium e tastiere<\/em><\/p>\n<p>Teresa Ludovico-<em>voce recitante<\/em><\/p>\n<p><em>produzione <\/em>Teatro Kismet OperA e Radiodervish<\/p>\n<p>Tornano finalmente a Milano, al <strong>Teatro Menotti<\/strong> dal 7 al 10 gennaio, i <strong>Radiodervish<\/strong> con <em>In Search of Simurgh<\/em>, scritto con <em>Teresa Ludovico<\/em>.<\/p>\n<p>Contemporaneo di Dante Alighieri e del famoso poeta e mistico sufi Jallaudin Rumi, Attar racconta nel <em>Verbo degli uccelli<\/em> il viaggio di un gruppo di uccelli che partono alla ricerca del loro re, il Simurgh. Il lungo volo si snoda attraverso 7 valli chiamate dell\u2019Amore, della Conoscenza, del Distacco, dell\u2019Unificazione, dello Stupore, della Privazione e dell\u2019Annientamento per arrivare al Simurgh, il loro re, il quale si riveler\u00e0 un&#8217;immagine riflessa dei trenta uccelli superstiti del cammino mistico. La descrizione del percorso e dei dialoghi tra gli uccelli \u00e8 costellata da numerosi aneddoti, racconti mistici, favole erotiche, in una ricca e raffinata esposizione di delicata poesia e di profonda sapienza mistica e filosofica paragonabile solo alla <em>Divina Commedia<\/em> di Dante.<\/p>\n<p>Ne consegue un affresco meraviglioso di una umanit\u00e0 composita e popolata da re, principesse, bellissimi giovani dal petto d\u2019argento, fanciulle dal volto di luna, arcangeli che parlano con gli uomini e sufi poverissimi e pazzi d\u2019amore, personaggi appartenenti ai miti biblici e del Corano. Il mondo che scaturisce dalla geniale penna di Attar e il viaggio simbolico degli uccelli ha ispirato la composizione musicale dei <em>Radiodervish<\/em> alla ricerca di un&#8217;espressione che affianca alla forma canzone una musica, che si sofferma sul registro pi\u00f9 descrittivo e si espande sul filo delle impressioni suscitate dalla lettura delle pagine del <em>Mantiq at-Tayr<\/em>. I personaggi e le vicende narrate offrono una materia ideale per le preziose atmosfere orientali e fiabesche, richiamate dalle melodie e dal canto dei <em>Radiodervish <\/em>in uno spettacolo costruito sull\u2019incontro tra le musiche contenute nell\u2019 album <em>In search of Simurgh<\/em>, e <em>Ali di Polvere<\/em>, testo teatrale scritto da <em>Teresa Ludovico<\/em>.<\/p>\n<p>L\u2019intera stagione del Teatro Menotti \u00e8 dedicata ad un progetto di solidariet\u00e0 a favore dell\u2019<strong>Associazione Banco Alimentare della Lombardia \u201cDanilo Fossati\u201d Onlus,<\/strong> che effettua il recupero quotidiano delle eccedenze alimentari e la loro redistribuzione a strutture caritative convenzionate in favore delle persone bisognose della Lombardia.<\/p>\n<p>Con<strong> In Search of Simurgh<\/strong> prosegue quindi il progetto <strong><em>Protagonisti insieme a Banco Alimentare;<\/em><\/strong> \u00e8 <strong>la prima volta in Italia<\/strong> che un teatro organizza gesti di concreta solidariet\u00e0, invitando il proprio pubblico a donare cibo al Banco Alimentare per le famiglie pi\u00f9 bisognose.<\/p>\n<p><strong>Chi porta al Teatro Menotti<\/strong> <span style=\"text-decoration: underline;\">gioved\u00ec 7 gennaio<\/span> <strong>un prodotto alimentare a lunga conservazione<\/strong>\u00a0avr\u00e0 in cambio un biglietto di ingresso a soli 5 \u20ac (80% di sconto) per lo spettacolo.<\/p>\n<p><strong><em>\u00a0<\/em><\/strong><strong>TEATRO MENOTTI<\/strong><\/p>\n<p><strong>\u00a0<\/strong>via Ciro Menotti 11, Milano<\/p>\n<p>tel. 02 36592544<\/p>\n<p><a href=\"mailto:biglietteria@tieffeteatro.it\">biglietteria@tieffeteatro.it<\/a><\/p>\n<p><strong>Orari di biglietteria<\/strong><\/p>\n<p>luned\u00ec e mercoled\u00ec dalle ore 15,00 alle ore 18,00<\/p>\n<p>marted\u00ec, gioved\u00ec, venerd\u00ec\u00a0 dalle ore 15,00 alle ore 19,00<\/p>\n<p>sabato dalle ore 15,30 alle ore 19,00<\/p>\n<p>domenica dalle ore 15,00 alle ore 17,00 solo per la vendita della replica pomeridiana<\/p>\n<p>Acquisti online<\/p>\n<p>con carta di credito su <a href=\"http:\/\/www.teatromenotti.org\/\">www.teatromenotti.org<\/a><\/p>\n<p>PREZZI<\/p>\n<p>intero &#8211; \u20ac 26.50<\/p>\n<p>ridotto over 65 &#8211; \u20ac 14.00<\/p>\n<p>ridotto under 25, gruppi, cral, biblioteche &#8211; \u20ac 16.50<\/p>\n<p>ridotto convenzioni &#8211; \u20ac 18.00<\/p>\n<p>ridotto gruppi studenti &#8211; \u20ac 11.50<\/p>\n<p>ORARI SPETTACOLI<\/p>\n<p>feriali ore 20.30<\/p>\n<p>domenica ore 16.30<\/p>\n","protected":false},"excerpt":{"rendered":"<p>Dal 7 al 10 gennaio 2016 RADIODERVISH in IN SEARCH OF SIMURGH con Teresa Ludovico e con Nabil-canto e percussioni Michele Lobaccaro-chitarre, basso, percussioni Alessandro Pipino-harmonium e tastiere Teresa Ludovico-voce recitante produzione Teatro Kismet OperA e Radiodervish Tornano finalmente a Milano, al Teatro Menotti dal 7 al 10 gennaio, i Radiodervish con In Search of &hellip; <a href=\"https:\/\/www.gdapress.it\/it\/index.php\/55376\/teatro\/radiodervish-teatro-menotti-milano.html\" class=\"more-link\">Read more <span class=\"screen-reader-text\">RADIODERVISH TEATRO MENOTTI MILANO<\/span><\/a><\/p>\n","protected":false},"author":3,"featured_media":0,"comment_status":"closed","ping_status":"open","sticky":false,"template":"","format":"standard","meta":{"footnotes":""},"categories":[1],"tags":[17,17062,7382],"class_list":["post-55376","post","type-post","status-publish","format-standard","hentry","category-teatro","tag-milano","tag-radiodervish","tag-teatro-menotti"],"_links":{"self":[{"href":"https:\/\/www.gdapress.it\/it\/index.php\/wp-json\/wp\/v2\/posts\/55376","targetHints":{"allow":["GET"]}}],"collection":[{"href":"https:\/\/www.gdapress.it\/it\/index.php\/wp-json\/wp\/v2\/posts"}],"about":[{"href":"https:\/\/www.gdapress.it\/it\/index.php\/wp-json\/wp\/v2\/types\/post"}],"author":[{"embeddable":true,"href":"https:\/\/www.gdapress.it\/it\/index.php\/wp-json\/wp\/v2\/users\/3"}],"replies":[{"embeddable":true,"href":"https:\/\/www.gdapress.it\/it\/index.php\/wp-json\/wp\/v2\/comments?post=55376"}],"version-history":[{"count":1,"href":"https:\/\/www.gdapress.it\/it\/index.php\/wp-json\/wp\/v2\/posts\/55376\/revisions"}],"predecessor-version":[{"id":55378,"href":"https:\/\/www.gdapress.it\/it\/index.php\/wp-json\/wp\/v2\/posts\/55376\/revisions\/55378"}],"wp:attachment":[{"href":"https:\/\/www.gdapress.it\/it\/index.php\/wp-json\/wp\/v2\/media?parent=55376"}],"wp:term":[{"taxonomy":"category","embeddable":true,"href":"https:\/\/www.gdapress.it\/it\/index.php\/wp-json\/wp\/v2\/categories?post=55376"},{"taxonomy":"post_tag","embeddable":true,"href":"https:\/\/www.gdapress.it\/it\/index.php\/wp-json\/wp\/v2\/tags?post=55376"}],"curies":[{"name":"wp","href":"https:\/\/api.w.org\/{rel}","templated":true}]}}