
{"id":55221,"date":"2015-12-26T12:14:29","date_gmt":"2015-12-26T10:14:29","guid":{"rendered":"http:\/\/www.gdapress.it\/it\/?p=55221"},"modified":"2015-12-26T12:14:29","modified_gmt":"2015-12-26T10:14:29","slug":"milano-teatro-franco-parenti-sala-grande-ieri-e-un-altro-giorno","status":"publish","type":"post","link":"https:\/\/www.gdapress.it\/it\/index.php\/55221\/teatro\/milano-teatro-franco-parenti-sala-grande-ieri-e-un-altro-giorno.html","title":{"rendered":"Milano Teatro Franco Parenti Sala Grande Ieri \u00e8 un altro giorno!"},"content":{"rendered":"<p><a href=\"http:\/\/www.gdapress.it\/it\/..\/public\/it\/2015\/12\/12369130_10153608396469300_653340570270009442_n.jpg\"><img loading=\"lazy\" decoding=\"async\" class=\"alignnone size-medium wp-image-55222\" src=\"http:\/\/www.gdapress.it\/it\/..\/public\/it\/2015\/12\/12369130_10153608396469300_653340570270009442_n-300x300.jpg\" alt=\"12369130_10153608396469300_653340570270009442_n\" width=\"300\" height=\"300\" srcset=\"https:\/\/www.gdapress.it\/it\/..\/public\/it\/2015\/12\/12369130_10153608396469300_653340570270009442_n-300x300.jpg 300w, https:\/\/www.gdapress.it\/it\/..\/public\/it\/2015\/12\/12369130_10153608396469300_653340570270009442_n-150x150.jpg 150w, https:\/\/www.gdapress.it\/it\/..\/public\/it\/2015\/12\/12369130_10153608396469300_653340570270009442_n-400x400.jpg 400w, https:\/\/www.gdapress.it\/it\/..\/public\/it\/2015\/12\/12369130_10153608396469300_653340570270009442_n-144x144.jpg 144w, https:\/\/www.gdapress.it\/it\/..\/public\/it\/2015\/12\/12369130_10153608396469300_653340570270009442_n-676x676.jpg 676w, https:\/\/www.gdapress.it\/it\/..\/public\/it\/2015\/12\/12369130_10153608396469300_653340570270009442_n.jpg 960w\" sizes=\"auto, (max-width: 300px) 100vw, 300px\" \/><\/a><\/p>\n<p>Sala Grande<br \/>\n<strong>26 dicembre 2015 &#8211; 6 gennaio 2016<\/strong><\/p>\n<p><strong>Ieri \u00e8 un altro giorno!<\/strong><\/p>\n<p>di Silvain Meyniac e Jean Francois Cros<\/p>\n<p>versione italiana di Luca Barcellona e David Conati<\/p>\n<p>con<strong> Gianluca Ramazzotti<\/strong>, <strong>Antonio Cornacchione<\/strong>, Milena Miconi, Biancamaria Lelli, Antonio Conte, Alessandro Sampaoli<\/p>\n<p>Regia Eric Civanyan<\/p>\n<p>Produzione OTI Officine del Teatro Italiano in collaborazione con Theatre des Bouffes<\/p>\n<p>Sul punto di concludere \u00abla causa\u00bb pi\u00f9 importante della sua vita, Pietro, un avvocato freddo e rigido, ossessionato dalle sue manie e dai suoi principi, si trova obbligato a dividere una lunghissima giornata con l\u2019individuo pi\u00f9 incredibile e pi\u00f9 imprevedibile che abbia mai incontrato. Un incontro improbabile che cambier\u00e0 la vita di entrambi. Una giornata, strana, assurda, dove niente va come previsto, niente \u00e8 prevedibile, dove tutto \u00e8 possibile e tutto pu\u00f2 accadere.<\/p>\n<p>Ma perch\u00e9 la sua segretaria inciampa sempre i piedi nel tappeto?<br \/>\nMa perch\u00e9 il suo capo gli chiede sempre la stessa cosa?<br \/>\nMa perch\u00e9 riceve sempre la stessa telefonata?<br \/>\nMa perch\u00e9 tutti hanno l\u2019aria di avercela con lui?<br \/>\nMa perch\u00e9 non riesce a sbarazzarsi di questo buffo individuo che gli impedisce di fare il suo lavoro correttamente?<br \/>\nMa perch\u00e9 tutto si ripete ancora, ancora e ancora<br \/>\ne perch\u00e9 Pietro \u00e8 il <em><span style=\"text-decoration: underline;\">SOLO<\/span><\/em> ad accorgersi di tutto questo?<\/p>\n<p>Uno dei maggiori successi Comici a Parigi delle ultime due stagioni teatrali, nominata miglior commedia ai Moli\u00e8re 2014, IERI E\u2019 UN ALTRO GIORNO, degli autori contemporanei francofoni Sylvain Meyniac e Jean Francois Cros, \u00e8 quello che si dice una commedia solida, moderna, piena di sorprese mai rappresentata sui nostri palcoscenici italiani, perfettamente costruita e con un\u2019inventiva folle nella messa in scena che fa ben comprendere del perch\u00e9 di un cos\u00ec inaspettato successo. Difficile anche svelare la storia senza poter rivelare tutti gli snodi sorprendenti della trama che il pubblico scoprir\u00e0 vedendola in teatro. Diciamo che siamo in uno studio di Avvocati. Pietro Paolucci, avvocato irreprensibile, \u00e8 sul punto di essere complice, spinto dal padrone dello studio, Bernardo, per il quale lavora e dal genero di quest\u2019ultimo Federico, due persone non troppo oneste, un atto contrario alla sua etica, pur di raggiungere il suo sogno di lavorare in uno studio di Londra. Nel momento in cui commette il gesto irreparabile, uno strano personaggio bussa alla sua porta\u2026Chi \u00e8? Cosa vuole? Perch\u00e9 \u00e8 li? Si scoprir\u00e0 in seguito, \u00e8 dotato di uno strano potere che sconvolger\u00e0 il corso delle cose, da quel momento pu\u00f2 succedere di tutto ed \u00e8 quello che accadr\u00e0!<\/p>\n<p><strong>\u00a0ORARI<\/strong><br \/>\nmarted\u00ec ore 20.30; mercoled\u00ec ore 19.30; gioved\u00ec ore 21.00*; venerd\u00ec ore 19.30; sabato ore 20.30; domenica ore 15.30; <em>luned\u00ec riposo<\/em><\/p>\n<p><strong>ORARI ECCEZIONALI<\/strong><\/p>\n<p>sabato 26 dicembre &gt; ore 18.30<\/p>\n<p>gioved\u00ec 31 dicembre &gt; prima replica ore 19.30 &#8211; seconda replica ore 22.45<\/p>\n<p>venerd\u00ec 1 gennaio &gt; ore 18.30<\/p>\n<p><strong><br \/>\nBIGLIETTI<\/strong><br \/>\nIntero 40\u20ac | 32\u20ac*<br \/>\nunder26\/over60 18\u20ac*<br \/>\n<em>prevendita 1,50\u20ac\u00a0<\/em><\/p>\n<p>&nbsp;<\/p>\n<p><strong>INFO <\/strong><\/p>\n<p>Tel : 02 59 99 52 06; <a href=\"mailto:biglietteria@teatrofrancoparenti.it\">biglietteria@teatrofrancoparenti.it<\/a>;<\/p>\n<p>Fb : <a href=\"http:\/\/www.facebook.com\/teatrofrancoparenti\">http:\/\/www.facebook.com\/teatrofrancoparenti<\/a><\/p>\n<p>Tw: <a href=\"http:\/\/www.twitter.com\/teatrofparenti\">http:\/\/www.twitter.com\/teatrofparenti<\/a><\/p>\n<p>Sito : <a href=\"http:\/\/www.teatrofrancoparenti.it\/\">http:\/\/www.teatrofrancoparenti.it<\/a><br \/>\nApp: <strong>Teatro Franco Parenti<\/strong><\/p>\n","protected":false},"excerpt":{"rendered":"<p>Sala Grande 26 dicembre 2015 &#8211; 6 gennaio 2016 Ieri \u00e8 un altro giorno! di Silvain Meyniac e Jean Francois Cros versione italiana di Luca Barcellona e David Conati con Gianluca Ramazzotti, Antonio Cornacchione, Milena Miconi, Biancamaria Lelli, Antonio Conte, Alessandro Sampaoli Regia Eric Civanyan Produzione OTI Officine del Teatro Italiano in collaborazione con Theatre &hellip; <a href=\"https:\/\/www.gdapress.it\/it\/index.php\/55221\/teatro\/milano-teatro-franco-parenti-sala-grande-ieri-e-un-altro-giorno.html\" class=\"more-link\">Read more <span class=\"screen-reader-text\">Milano Teatro Franco Parenti Sala Grande Ieri \u00e8 un altro giorno!<\/span><\/a><\/p>\n","protected":false},"author":3,"featured_media":0,"comment_status":"closed","ping_status":"open","sticky":false,"template":"","format":"standard","meta":{"footnotes":""},"categories":[1],"tags":[17013,17,17012,11984],"class_list":["post-55221","post","type-post","status-publish","format-standard","hentry","category-teatro","tag-ieri-e-un-altro-giorno","tag-milano","tag-sala-grande","tag-teatro-franco-parenti"],"_links":{"self":[{"href":"https:\/\/www.gdapress.it\/it\/index.php\/wp-json\/wp\/v2\/posts\/55221","targetHints":{"allow":["GET"]}}],"collection":[{"href":"https:\/\/www.gdapress.it\/it\/index.php\/wp-json\/wp\/v2\/posts"}],"about":[{"href":"https:\/\/www.gdapress.it\/it\/index.php\/wp-json\/wp\/v2\/types\/post"}],"author":[{"embeddable":true,"href":"https:\/\/www.gdapress.it\/it\/index.php\/wp-json\/wp\/v2\/users\/3"}],"replies":[{"embeddable":true,"href":"https:\/\/www.gdapress.it\/it\/index.php\/wp-json\/wp\/v2\/comments?post=55221"}],"version-history":[{"count":1,"href":"https:\/\/www.gdapress.it\/it\/index.php\/wp-json\/wp\/v2\/posts\/55221\/revisions"}],"predecessor-version":[{"id":55223,"href":"https:\/\/www.gdapress.it\/it\/index.php\/wp-json\/wp\/v2\/posts\/55221\/revisions\/55223"}],"wp:attachment":[{"href":"https:\/\/www.gdapress.it\/it\/index.php\/wp-json\/wp\/v2\/media?parent=55221"}],"wp:term":[{"taxonomy":"category","embeddable":true,"href":"https:\/\/www.gdapress.it\/it\/index.php\/wp-json\/wp\/v2\/categories?post=55221"},{"taxonomy":"post_tag","embeddable":true,"href":"https:\/\/www.gdapress.it\/it\/index.php\/wp-json\/wp\/v2\/tags?post=55221"}],"curies":[{"name":"wp","href":"https:\/\/api.w.org\/{rel}","templated":true}]}}