
{"id":55218,"date":"2015-12-26T11:15:12","date_gmt":"2015-12-26T09:15:12","guid":{"rendered":"http:\/\/www.gdapress.it\/it\/?p=55218"},"modified":"2015-12-26T11:15:12","modified_gmt":"2015-12-26T09:15:12","slug":"il-bambino-sottovuoto-in-sala-bausch-elfo-puccini-milano","status":"publish","type":"post","link":"https:\/\/www.gdapress.it\/it\/index.php\/55218\/teatro\/il-bambino-sottovuoto-in-sala-bausch-elfo-puccini-milano.html","title":{"rendered":"IL BAMBINO SOTTOVUOTO in Sala Bausch Elfo Puccini Milano"},"content":{"rendered":"<p><a href=\"http:\/\/www.gdapress.it\/it\/..\/public\/it\/2015\/12\/bambinosottovuoto9721-low.jpg\"><img loading=\"lazy\" decoding=\"async\" class=\"alignnone size-large wp-image-55219\" src=\"http:\/\/www.gdapress.it\/it\/..\/public\/it\/2015\/12\/bambinosottovuoto9721-low-267x400.jpg\" alt=\"bambinosottovuoto9721-low\" width=\"267\" height=\"400\" srcset=\"https:\/\/www.gdapress.it\/it\/..\/public\/it\/2015\/12\/bambinosottovuoto9721-low-267x400.jpg 267w, https:\/\/www.gdapress.it\/it\/..\/public\/it\/2015\/12\/bambinosottovuoto9721-low-200x300.jpg 200w, https:\/\/www.gdapress.it\/it\/..\/public\/it\/2015\/12\/bambinosottovuoto9721-low-451x676.jpg 451w\" sizes=\"auto, (max-width: 267px) 100vw, 267px\" \/><\/a><\/p>\n<p>26 dicembre \u2013 17 gennaio, sala Bausch<\/p>\n<p><strong>IL BAMBINO SOTTOVUOTO<\/strong><\/p>\n<p>di Christine N\u00f6stlinger<\/p>\n<p>traduzione di Carla Becagli Calamai<\/p>\n<p>adattamento di Cristina Crippa<\/p>\n<p>regia Elio De Capitani<\/p>\n<p>con Cristina Crippa<\/p>\n<p>disegno del fondale di Ferdinando Bruni<\/p>\n<p>luci Rocco Colaianna<\/p>\n<p>copyright Verlag\u00a0f\u00fcr kindertheater, Adriano Salani Editore nella collana Gl&#8217;Istrici<\/p>\n<p>produzione Teatro dell\u2019Elfo<\/p>\n<p>Torna in scena Cristina Crippa con la riduzione teatrale del famoso romanzo per ragazzi <em>Il bambino sottovuoto<\/em>, che ha saputo gi\u00e0 coinvolgere spettatori grandi e piccini. Un pubblico trasversale e di ogni et\u00e0 come quello che segue da sempre Christine N\u00f6stlinger, tra le pi\u00f9 note autrici di letteratura per l&#8217;infanzia (vincitrice del prestigioso Premio Internazionale Hans C. Andersen). Una scrittrice austriaca scanzonata e surreale che ama scardinare luoghi comuni e aspettative con l\u2019ironia graffiante di una bambina \u201ccattiva\u201d, ma anche con intensa partecipazione e solidariet\u00e0.<\/p>\n<p>Romanzo dal titolo curioso, \u00e8 una favola surreale e ipermoderna. Narra la storia di Marius, un bambino sintetico e liofilizzato che una potente ed efficiente multinazionale produce per soddisfare le richieste di una clientela di genitori\/acquirenti esigenti e frettolosi, con poco tempo da perdere per la procreazione, l\u2019accudimento e l\u2019educazione dei figli.<\/p>\n<p>Marius \u00e8 un personaggio che appartiene alla specie dei Pinocchi, dei replicanti, degli esseri magici e diversi, e, perch\u00e9 no, dei bambini mai adulti come Peter Pan. Anche se dopo qualche pagina, quando si comincia a stare al gioco, non si ha nessun problema a considerarlo un bambino normalissimo.<\/p>\n<p>Coprotagonista del racconto \u00e8 la signora Betta Bartolotti. La signora B.B. non \u00e8 troppo giovane, n\u00e9 troppo vecchia, \u00e8 disordinatissima, un po\u2019 anarchica e, sfiorata un tempo dal desiderio di maternit\u00e0, ormai non ci pensava pi\u00f9.<\/p>\n<p>Un bel mattino per un errore del sistema viene consegnato un bambino, programmato, istruito e condizionato ad essere fin esageratamente perfetto, educato, ubbidiente e studioso. Comincia cos\u00ec, tra questo essere insolito e questa improbabile mamma, un rapporto di grande amore, simpatia ed affetto che sconvolge totalmente la vita della nostra B.B..<\/p>\n<p>Cristina Crippa, profondamente emozionata e divertita dalla lettura de <em>Il bambino sottovuoto<\/em>, lo ha trasformato in un monologo teatrale dove la vicenda \u00e8 narrata dal punto di vista del suo personaggio preferito, la signora B.B..<\/p>\n<p><strong>Dalla rassegna stampa<\/strong><\/p>\n<p>Uno spettacolo per grandi e piccoli che diverte, fa riflettere e racconta un mondo surreale, eppure non dissimile dalla realt\u00e0 quotidiana. Una realt\u00e0\u0300 fatta di approssimazione, di superficialit\u00e0 e di fretta, dove \u00e8 preferibile essere quello che gli altri vorrebbero piuttosto che quello che si \u00e8 realmente.<\/p>\n<p>Emergono cos\u00ec\u0300 i sentimenti veri e i valori \u2013 quelli che forse oggi rischiano di perdersi \u2013 come il senso della famiglia, l\u2019amicizia e la correttezza: indispensabili per vincere anche i piu\u0300 temibili \u201cscagnozzi\u201d della multinazionale che vuole riprendersi il proprio \u201cprodotto\u201d, quando si accorge di averlo inviato al destinatario sbagliato.<\/p>\n<p>Diretta da Elio De Capitani, una coloratissima Cristina Crippa \u2013 che non smentisce le sue doti sceniche ne\u0301 l\u2019affetto del suo calorosissimo pubblico \u2013 che vale la pena di non perdere, in uno spettacolo decisamente intelligente e dal sapore contemporaneo.<\/p>\n<p><em>Persinsala.it<\/em><\/p>\n<p><strong>26 dicembre \/ 17 gennaio, <\/strong><strong>sala Bausch dell&#8217;Elfo Puccini, corso Buenos Aires 33, Mi.<\/strong> Marted\u00ec\/sabato ore 19.30, domenica e festivi\u00a0 ore 15.30 &#8211; Riposo tutti i luned\u00ec e venerd\u00ec 1 gennaio.<\/p>\n<p>Intero\u00a0 \u20ac 30.50 &#8211; Ridotto giovani\/anziani \u20ac 16\u00a0 &#8211; Marted\u00ec \u20ac 20\u00a0 &#8211; Informazioni e prenotazioni: 02.0066.06.06 &#8211; www.elfo.org &#8211; <strong>Promozione bambini<\/strong>: ridotto \u20ac 11.50 per bambini &lt; di 12 anni e due accompagnatori adulti.<\/p>\n<p>&nbsp;<\/p>\n<p><strong>ATTENZIONE: <\/strong><strong>Replica speciale di San Silvestro, 31 dicembre ore 18.30: <\/strong>spettacolo + una magica sorpresa per i pi\u00f9 piccoli <strong>&#8211; Intero <\/strong>\u20ac <strong>35 &#8211; Ridotto <\/strong>(&lt; 12 anni) \u20ac <strong>15<\/strong><\/p>\n<p>&nbsp;<\/p>\n<p>&nbsp;<\/p>\n","protected":false},"excerpt":{"rendered":"<p>26 dicembre \u2013 17 gennaio, sala Bausch IL BAMBINO SOTTOVUOTO di Christine N\u00f6stlinger traduzione di Carla Becagli Calamai adattamento di Cristina Crippa regia Elio De Capitani con Cristina Crippa disegno del fondale di Ferdinando Bruni luci Rocco Colaianna copyright Verlag\u00a0f\u00fcr kindertheater, Adriano Salani Editore nella collana Gl&#8217;Istrici produzione Teatro dell\u2019Elfo Torna in scena Cristina Crippa &hellip; <a href=\"https:\/\/www.gdapress.it\/it\/index.php\/55218\/teatro\/il-bambino-sottovuoto-in-sala-bausch-elfo-puccini-milano.html\" class=\"more-link\">Read more <span class=\"screen-reader-text\">IL BAMBINO SOTTOVUOTO in Sala Bausch Elfo Puccini Milano<\/span><\/a><\/p>\n","protected":false},"author":3,"featured_media":0,"comment_status":"closed","ping_status":"open","sticky":false,"template":"","format":"standard","meta":{"footnotes":""},"categories":[1],"tags":[1902,17011,17,7235],"class_list":["post-55218","post","type-post","status-publish","format-standard","hentry","category-teatro","tag-elfo-puccini","tag-il-bambino-sottovuoto","tag-milano","tag-sala-bausch"],"_links":{"self":[{"href":"https:\/\/www.gdapress.it\/it\/index.php\/wp-json\/wp\/v2\/posts\/55218","targetHints":{"allow":["GET"]}}],"collection":[{"href":"https:\/\/www.gdapress.it\/it\/index.php\/wp-json\/wp\/v2\/posts"}],"about":[{"href":"https:\/\/www.gdapress.it\/it\/index.php\/wp-json\/wp\/v2\/types\/post"}],"author":[{"embeddable":true,"href":"https:\/\/www.gdapress.it\/it\/index.php\/wp-json\/wp\/v2\/users\/3"}],"replies":[{"embeddable":true,"href":"https:\/\/www.gdapress.it\/it\/index.php\/wp-json\/wp\/v2\/comments?post=55218"}],"version-history":[{"count":1,"href":"https:\/\/www.gdapress.it\/it\/index.php\/wp-json\/wp\/v2\/posts\/55218\/revisions"}],"predecessor-version":[{"id":55220,"href":"https:\/\/www.gdapress.it\/it\/index.php\/wp-json\/wp\/v2\/posts\/55218\/revisions\/55220"}],"wp:attachment":[{"href":"https:\/\/www.gdapress.it\/it\/index.php\/wp-json\/wp\/v2\/media?parent=55218"}],"wp:term":[{"taxonomy":"category","embeddable":true,"href":"https:\/\/www.gdapress.it\/it\/index.php\/wp-json\/wp\/v2\/categories?post=55218"},{"taxonomy":"post_tag","embeddable":true,"href":"https:\/\/www.gdapress.it\/it\/index.php\/wp-json\/wp\/v2\/tags?post=55218"}],"curies":[{"name":"wp","href":"https:\/\/api.w.org\/{rel}","templated":true}]}}