
{"id":55206,"date":"2015-12-23T11:07:01","date_gmt":"2015-12-23T09:07:01","guid":{"rendered":"http:\/\/www.gdapress.it\/it\/?p=55206"},"modified":"2015-12-23T11:08:13","modified_gmt":"2015-12-23T09:08:13","slug":"i-legnanesi-con-la-famiglia-colombo-al-barclays-teatro-nazionale-di-milano","status":"publish","type":"post","link":"https:\/\/www.gdapress.it\/it\/index.php\/55206\/spettacoli\/i-legnanesi-con-la-famiglia-colombo-al-barclays-teatro-nazionale-di-milano.html","title":{"rendered":"I LEGNANESI con &#8220;la famiglia Colombo&#8221; al BARCLAYS  TEATRO NAZIONALE DI MILANO"},"content":{"rendered":"<p><a href=\"http:\/\/www.gdapress.it\/it\/..\/public\/it\/2015\/12\/ILEGNANESI_manifesto_LAFAMIGLIACOLOMBO_stagione2015-2016.jpg\"><img loading=\"lazy\" decoding=\"async\" class=\"alignnone size-large wp-image-55207\" src=\"http:\/\/www.gdapress.it\/it\/..\/public\/it\/2015\/12\/ILEGNANESI_manifesto_LAFAMIGLIACOLOMBO_stagione2015-2016-343x400.jpg\" alt=\"ILEGNANESI_manifesto_LAFAMIGLIACOLOMBO_stagione2015-2016\" width=\"343\" height=\"400\" srcset=\"https:\/\/www.gdapress.it\/it\/..\/public\/it\/2015\/12\/ILEGNANESI_manifesto_LAFAMIGLIACOLOMBO_stagione2015-2016-343x400.jpg 343w, https:\/\/www.gdapress.it\/it\/..\/public\/it\/2015\/12\/ILEGNANESI_manifesto_LAFAMIGLIACOLOMBO_stagione2015-2016-257x300.jpg 257w, https:\/\/www.gdapress.it\/it\/..\/public\/it\/2015\/12\/ILEGNANESI_manifesto_LAFAMIGLIACOLOMBO_stagione2015-2016-580x676.jpg 580w, https:\/\/www.gdapress.it\/it\/..\/public\/it\/2015\/12\/ILEGNANESI_manifesto_LAFAMIGLIACOLOMBO_stagione2015-2016.jpg 1029w\" sizes=\"auto, (max-width: 343px) 100vw, 343px\" \/><\/a><\/p>\n<p><strong>I LEGNANESI con &#8220;la famiglia Colombo&#8221; al BARCLAYS TEATRO NAZIONALE DI MILANO\u00a0<\/strong><strong>con ANTONIO PROVASIO, ENRICO DALCERI, LUIGI CAMPISI<\/strong><\/p>\n<p>Testi Felice Musazzi, Antonio Provasio &#8211; Musiche Arnaldo Ciato, Enrico Dalceri &#8211; Regia Antonio Provasio<\/p>\n<p>Coreografie Sofia Fusco \u2013 Direttore Artistico Sandra Musazzi &#8211; Direttore di Produzione Enrico Barlocco<\/p>\n<p>Una produzione CHI.TE.MA.<\/p>\n<p>dal 3 gennaio al 28 febbraio 2016<\/p>\n<p><a href=\"http:\/\/www.gdapress.it\/it\/..\/public\/it\/2015\/12\/ILegnanesi_trio_20152016.jpg\"><img loading=\"lazy\" decoding=\"async\" class=\"alignnone size-medium wp-image-55208\" src=\"http:\/\/www.gdapress.it\/it\/..\/public\/it\/2015\/12\/ILegnanesi_trio_20152016-300x200.jpg\" alt=\"ILegnanesi_trio_20152016\" width=\"300\" height=\"200\" srcset=\"https:\/\/www.gdapress.it\/it\/..\/public\/it\/2015\/12\/ILegnanesi_trio_20152016-300x200.jpg 300w, https:\/\/www.gdapress.it\/it\/..\/public\/it\/2015\/12\/ILegnanesi_trio_20152016-500x333.jpg 500w, https:\/\/www.gdapress.it\/it\/..\/public\/it\/2015\/12\/ILegnanesi_trio_20152016-900x600.jpg 900w, https:\/\/www.gdapress.it\/it\/..\/public\/it\/2015\/12\/ILegnanesi_trio_20152016.jpg 1890w\" sizes=\"auto, (max-width: 300px) 100vw, 300px\" \/><\/a><\/p>\n<p>Un&#8217;altra spumeggiante storia de <a href=\"http:\/\/www.silviaarosio.com\/search?q=legnanesi\"><b>I LEGNANESI<\/b><\/a> \u00e8 pronta per conquistare Milano e l&#8217;affezionato pubblico del capoluogo lombardo, per l&#8217; attesissimo e immancabile appuntamento con il nuovo spettacolo &#8220;La Famiglia Colombo&#8221; al <a href=\"http:\/\/www.teatronazionale.it\/\" target=\"_blank\"><b>Barclays Teatro Nazionale<\/b><\/a>, che saluta l&#8217;arrivo del nuovo anno dal 3 gennaio al 28 febbraio 2016: due mesi con la famiglia pi\u00f9 divertente d&#8217;Italia e con il cortile pi\u00f9 famoso che nel nuovo spettacolo si trasforma nello scenario della processione per festeggiare S. Ambrogio.<\/p>\n<p>Un cortile in festa \u2014 introdotto dai Boys scatenati in apertura &#8211; quello abitato dalla famiglia Colombo, in cui la TERESA (Antonio Provasio), insieme alla figlia MABILIA (Enrico Dalceri) e al suo GIOVANNI (Luigi Campisi) e con l&#8217;ausilio delle altre &#8220;cortigiane&#8221; e delle suore del paese, sta preparando una grande recita per omaggiare il Santo Patrono.<\/p>\n<p>Sar\u00e0 durante l&#8217;allestimento della festa che Mabilia \u2014 chiamata a impersonare la Vergine Maria &#8211; si innamorer\u00e0 di uno strano &#8220;personaggio&#8221;, un nuovo arrivato nel cortile che la conquister\u00e0 al punto di decidere di ufficializzare il fidanzamento al cospetto delle due famiglie.<br \/>\n<a href=\"http:\/\/www.gdapress.it\/it\/..\/public\/it\/2015\/12\/ILegnanesi_rivista2_20152016.jpg\"><img loading=\"lazy\" decoding=\"async\" class=\"alignnone size-medium wp-image-55209\" src=\"http:\/\/www.gdapress.it\/it\/..\/public\/it\/2015\/12\/ILegnanesi_rivista2_20152016-300x178.jpg\" alt=\"ILegnanesi_rivista2_20152016\" width=\"300\" height=\"178\" srcset=\"https:\/\/www.gdapress.it\/it\/..\/public\/it\/2015\/12\/ILegnanesi_rivista2_20152016-300x178.jpg 300w, https:\/\/www.gdapress.it\/it\/..\/public\/it\/2015\/12\/ILegnanesi_rivista2_20152016-500x296.jpg 500w, https:\/\/www.gdapress.it\/it\/..\/public\/it\/2015\/12\/ILegnanesi_rivista2_20152016-900x533.jpg 900w\" sizes=\"auto, (max-width: 300px) 100vw, 300px\" \/><\/a><br \/>\nE proprio un inno all&#8217;amore il primo spettacolare numero musicale della Mabilia, in un trionfo di cuori e di puttini dorati, tra un accenno di passionale tango e chilometri di preziosi tessuti rosso &#8220;amore&#8217;<\/p>\n<p>Tra una schermaglia con la Chetta, battute esilaranti con le suore impegnate nella processione e la Teresa alle prese con la tecnologia, un cellulare di ultima generazione e il suo inglese maccheronico, che replica al &#8220;Ti amo da morire&#8221; del Giovanni con &#8220;Ma non lo fai mai, devi dimostrarlo!&#8221; \u2014 strappando l&#8217;ennesima risata al pubblico \u2014 si fa largo l&#8217;idea di un viaggio premio a Cuba. \u00c8 qui che, ispirati all&#8217;apertura degli Usa verso l&#8217;isola caraibica, a conferma della sempre viva attenzione ai fatti di attualit\u00e0, prende vita un quadro davvero strabiliante, trascinante e coinvolgente: un caleidoscopio di colori per la Mabilia, con una Teresa inedita e il Giovanni che si gusta un sigaro, regalando agli spettatori una vacanza da sogno&#8230; restando seduti sulle poltrone.<\/p>\n<p>Abbiamo lasciato Mabilia alle prese con il suo nuovo amore, questa volta sar\u00e0 quello giusto per convolare a nozze? Dopo una sofisticata apertura &#8220;in nero&#8221;(ma illuminato da centinaia di migliaia di paillettes) nella seconda parte dello spettacolo, infatti, insieme alla Teresa, al Giovanni e alla Pinetta, con il vestito buono delle grandi occasioni, dal cortile ci trasferiremo nella sinistra villa dei davvero bizzarri genitori del fidanzato, in via della Paura 17&#8230; strizzando l&#8217;occhio alla famiglia &#8220;noir&#8221; pi\u00f9 famosa. Il nero sar\u00e0 il colore prevalente in questa scena, look dei personaggi compresi, con esilaranti gag in tema; il fidanzamento si svolger\u00e0 addirittura nei pressi del cimitero del paese e si trasformer\u00e0 in una strampalata seduta spiritica.<\/p>\n<p>Ancora una volta la famiglia Colombo ci porter\u00e0 con la sua semplicit\u00e0 attraverso situazioni grottesche ed imprevedibili per farci ridere, riflettere e tornare col pensiero alla quotidianit\u00e0 che si viveva un tempo nei cortili \u2014 dove il vicino \u00e8 cos\u00ec vicino che&#8230; praticamente vive con te! &#8211; ma che in qualche modo si vive, in maniera diversa, anche oggi.<\/p>\n<p>Una famiglia davvero unica, quella della Teresa, della Mabilia e del Giovanni che fa sorridere ripensando ai tempi che furono&#8230; e riflettere sui tempi di oggi, con un nuovo spettacolo pieno di ritmo, risate, tradizione e quella v\u00ecs comica che li contraddistingue e li rende cos\u00ec amati dagli spettatori, affezionati o al loro &#8220;primo appuntamento&#8221; con I LEGNANESI. Una formula ormai collaudata per oltre due ore di spettacolo tutto al maschile (come sempre, insieme alla famiglia Colombo sul palcoscenico ad animare il mitico &#8220;cortile&#8221; troveremo anche 10 personaggi della tradizione e 10 scatenati &#8220;boys&#8221;), con un ritmo serratissimo di battute, tra sfarzosi quadri musicali che ricalcano le atmosfere e la tradizione della classica Rivista, fino all&#8217;ormai immancabile, applauditissimo ed emozionante gran finale con tutti gli interpreti in smoking.<\/p>\n<p>Da\/ 1949 interpreti della tradizione teatrale italiana, gli spettacoli de I Legnanesi sono un tuffo ne\/ passato per ricordare (o riscoprire) la cultura popolare e raccontare, nello stesso tempo, storie di tutti i giorni attraverso una comicit\u00e0 pulita, dedicata alla gente comune, ne\/ singolare &#8220;italiandia\/etto&#8221;, un mix di italiano e dialetto lombardo che ne costituisce una delle cifre pi\u00f9 caratteristiche. Riconosciuti tra le principali e pi\u00f9 conosciute compagnie dialettali d&#8217;Italia e d&#8217;Europa, oggi la Compagnia porta in scena le storie, i costumi e le tradizioni lombarde ma \u00e8 ampiamente apprezzata anche fuori dalla Lombardia, grazie a un intervento di modernizzazione dei testi originali e alla scelta di temi universali (la famiglia, i\/ lavoro, la crisi economica, i rapporti di vicinato), con riferimenti sempre attuali a\/ costume e alla politica nazionale.<\/p>\n<p>PROGRAMMAZIONE<\/p>\n<p>mercoled\u00ec, gioved\u00ec, venerd\u00ec ore 20.30 sabato ore 20.30 (nei giorni 23 gennaio, 30 gennaio, 20 febbraio e 27 febbraio anche ore 1 5.30)<\/p>\n<p>domenica ore 1 5.30<\/p>\n<p>mercoled\u00ec 6 gennaio 2015 ore 15.30<\/p>\n<p>Il calendario \u00e8 disponibile su www.ilegnanesi.it<\/p>\n<p>BARCLAYS TEATRO NAZIONALE<br \/>\nVia G. Rota, I &#8211; MILANO<\/p>\n<p>Infoline e prenotazioni tel. 02 00640888 dal mercoled\u00ec al sabato dalle 15 alle 1 8<\/p>\n<p>www.teatronazionale.it<\/p>\n","protected":false},"excerpt":{"rendered":"<p>I LEGNANESI con &#8220;la famiglia Colombo&#8221; al BARCLAYS TEATRO NAZIONALE DI MILANO\u00a0con ANTONIO PROVASIO, ENRICO DALCERI, LUIGI CAMPISI Testi Felice Musazzi, Antonio Provasio &#8211; Musiche Arnaldo Ciato, Enrico Dalceri &#8211; Regia Antonio Provasio Coreografie Sofia Fusco \u2013 Direttore Artistico Sandra Musazzi &#8211; Direttore di Produzione Enrico Barlocco Una produzione CHI.TE.MA. dal 3 gennaio al 28 &hellip; <a href=\"https:\/\/www.gdapress.it\/it\/index.php\/55206\/spettacoli\/i-legnanesi-con-la-famiglia-colombo-al-barclays-teatro-nazionale-di-milano.html\" class=\"more-link\">Read more <span class=\"screen-reader-text\">I LEGNANESI con &#8220;la famiglia Colombo&#8221; al BARCLAYS  TEATRO NAZIONALE DI MILANO<\/span><\/a><\/p>\n","protected":false},"author":3,"featured_media":0,"comment_status":"closed","ping_status":"open","sticky":false,"template":"","format":"standard","meta":{"footnotes":""},"categories":[8],"tags":[17010,95,16436,7033],"class_list":["post-55206","post","type-post","status-publish","format-standard","hentry","category-spettacoli","tag-la-famiglia-colombo","tag-100-milano","tag-barclays-teatro-nazionale","tag-i-legnanesi"],"_links":{"self":[{"href":"https:\/\/www.gdapress.it\/it\/index.php\/wp-json\/wp\/v2\/posts\/55206","targetHints":{"allow":["GET"]}}],"collection":[{"href":"https:\/\/www.gdapress.it\/it\/index.php\/wp-json\/wp\/v2\/posts"}],"about":[{"href":"https:\/\/www.gdapress.it\/it\/index.php\/wp-json\/wp\/v2\/types\/post"}],"author":[{"embeddable":true,"href":"https:\/\/www.gdapress.it\/it\/index.php\/wp-json\/wp\/v2\/users\/3"}],"replies":[{"embeddable":true,"href":"https:\/\/www.gdapress.it\/it\/index.php\/wp-json\/wp\/v2\/comments?post=55206"}],"version-history":[{"count":3,"href":"https:\/\/www.gdapress.it\/it\/index.php\/wp-json\/wp\/v2\/posts\/55206\/revisions"}],"predecessor-version":[{"id":55212,"href":"https:\/\/www.gdapress.it\/it\/index.php\/wp-json\/wp\/v2\/posts\/55206\/revisions\/55212"}],"wp:attachment":[{"href":"https:\/\/www.gdapress.it\/it\/index.php\/wp-json\/wp\/v2\/media?parent=55206"}],"wp:term":[{"taxonomy":"category","embeddable":true,"href":"https:\/\/www.gdapress.it\/it\/index.php\/wp-json\/wp\/v2\/categories?post=55206"},{"taxonomy":"post_tag","embeddable":true,"href":"https:\/\/www.gdapress.it\/it\/index.php\/wp-json\/wp\/v2\/tags?post=55206"}],"curies":[{"name":"wp","href":"https:\/\/api.w.org\/{rel}","templated":true}]}}