
{"id":55125,"date":"2015-12-17T13:38:48","date_gmt":"2015-12-17T11:38:48","guid":{"rendered":"http:\/\/www.gdapress.it\/it\/?p=55125"},"modified":"2015-12-17T13:38:48","modified_gmt":"2015-12-17T11:38:48","slug":"teatro-dal-verme-orchestra-i-pomeriggi-musicali-milano","status":"publish","type":"post","link":"https:\/\/www.gdapress.it\/it\/index.php\/55125\/musica\/teatro-dal-verme-orchestra-i-pomeriggi-musicali-milano.html","title":{"rendered":"Teatro Dal Verme Orchestra I Pomeriggi Musicali Milano"},"content":{"rendered":"<p><a href=\"http:\/\/www.gdapress.it\/it\/..\/public\/it\/2015\/12\/Marco_Giani_.jpg\"><img loading=\"lazy\" decoding=\"async\" class=\"alignnone size-medium wp-image-55126\" src=\"http:\/\/www.gdapress.it\/it\/..\/public\/it\/2015\/12\/Marco_Giani_-300x226.jpg\" alt=\"Marco_Giani_\" width=\"300\" height=\"226\" srcset=\"https:\/\/www.gdapress.it\/it\/..\/public\/it\/2015\/12\/Marco_Giani_-300x226.jpg 300w, https:\/\/www.gdapress.it\/it\/..\/public\/it\/2015\/12\/Marco_Giani_-500x376.jpg 500w, https:\/\/www.gdapress.it\/it\/..\/public\/it\/2015\/12\/Marco_Giani_-898x676.jpg 898w, https:\/\/www.gdapress.it\/it\/..\/public\/it\/2015\/12\/Marco_Giani_.jpg 1550w\" sizes=\"auto, (max-width: 300px) 100vw, 300px\" \/><\/a>\u00a0<a href=\"http:\/\/www.gdapress.it\/it\/..\/public\/it\/2015\/12\/Rustioni-Daniele-photo-Davide-Cerati-ritratto_2_.jpg\"><img loading=\"lazy\" decoding=\"async\" class=\"alignnone size-medium wp-image-55127\" src=\"http:\/\/www.gdapress.it\/it\/..\/public\/it\/2015\/12\/Rustioni-Daniele-photo-Davide-Cerati-ritratto_2_-300x156.jpg\" alt=\"Rustioni Daniele (photo Davide Cerati) ritratto_2_\" width=\"300\" height=\"156\" srcset=\"https:\/\/www.gdapress.it\/it\/..\/public\/it\/2015\/12\/Rustioni-Daniele-photo-Davide-Cerati-ritratto_2_-300x156.jpg 300w, https:\/\/www.gdapress.it\/it\/..\/public\/it\/2015\/12\/Rustioni-Daniele-photo-Davide-Cerati-ritratto_2_-500x259.jpg 500w, https:\/\/www.gdapress.it\/it\/..\/public\/it\/2015\/12\/Rustioni-Daniele-photo-Davide-Cerati-ritratto_2_-900x467.jpg 900w, https:\/\/www.gdapress.it\/it\/..\/public\/it\/2015\/12\/Rustioni-Daniele-photo-Davide-Cerati-ritratto_2_.jpg 1064w\" sizes=\"auto, (max-width: 300px) 100vw, 300px\" \/><\/a><\/p>\n<p><strong>71\u00aa STAGIONE SINFONICA<\/strong><\/p>\n<p><strong>ORCHESTRA I POMERIGGI MUSICALI<\/strong><\/p>\n<p><strong>Direttore Artistico, M\u00b0 Maurizio Salerno<\/strong><\/p>\n<p><strong>Stagione 2014-2015<\/strong><\/p>\n<p><strong>Gioved\u00ec 17 dicembre, ore 21.00<\/strong><\/p>\n<p><strong>Sabato 19 dicembre, ore 17.00<\/strong><\/p>\n<p><em>Generale aperta al pubblico \u2013 Gioved\u00ec 17 dicembre, ore 14.00<\/em><\/p>\n<p><strong>Teatro Dal Verme<\/strong><\/p>\n<p><em>Via San Giovanni sul Muro 2 \u2013 Milano<\/em><\/p>\n<p>Direttore: <strong>Daniele Rustioni<\/strong><\/p>\n<p>Clarinetto:<strong> Marco Giani<\/strong><\/p>\n<p>&nbsp;<\/p>\n<p><strong>Galante,<\/strong> <em>Zora<\/em>, poemetto per clarinetto concertante e orchestra<\/p>\n<p>commissione I Pomeriggi Musicali<br \/>\n<strong>Schubert,<\/strong> <em>Sinfonia n. 3<\/em>, D 200\u00a0<strong><br \/>\n<\/strong><strong>Schumann, <\/strong><em>Sinfonia n. 3, \u201cRenana\u201d<\/em>, op. 97<\/p>\n<p>Un ritorno alla grande per la nostra orchestra che, rarefattosi il calendario di impegni con OperaLombardia, rassegna lirica che la vede fra i protagonisti di un successo dopo l\u2019altro sui palchi dei teatri di tradizione lombardi e che proseguir\u00e0 fino a gennaio 2016, riprende possesso del palco del Teatro Dal Verme di Milano per essere diretta da Daniele Rustioni.<\/p>\n<p>Con questo rientro della nostra orchestra in cartellone riprende anche lo sviluppo di quella drammaturgia in bilico tra musica e letteratura che proprio alla 71\u00aa Stagione Sinfonica \u00e8 sottesa. La serata inizia infatti con <strong><em>Zora,<\/em><\/strong> commissionata da I Pomeriggi a <strong>Carlo Galante<\/strong>: un poemetto per clarinetto concertante e orchestra, tra le cui note il nostro Primo clarinetto, <strong>Marco Giani,<\/strong> si aggirer\u00e0 come il viandante a cui le vie, le case, le porte di Zora rimangono impresse per sempre nella memoria.<\/p>\n<p>A completare il programma della serata due capolavori sinfonici: prima la <strong><em>Sinfonia n. 3 <\/em><\/strong>di <strong>Schubert<\/strong>, opera giovanile ma tutt\u2019altro che acerba del compositore viennese, a seguire la <strong><em>Terza sinfonia<\/em><\/strong> di <strong>Schumann<\/strong>, che evocher\u00e0 nella mente dell\u2019ascoltatore i paesaggi in riva al Reno e il duomo di Colonia che ne hanno ispirato la composizione.<\/p>\n<p><strong>DANIELE RUSTIONI, direttore<\/strong><\/p>\n<p>A 32 anni Daniele Rustioni \u00e8 gi\u00e0 considerato uno dei direttori d\u2019orchestra pi\u00f9 interessanti della sua generazione: dal 2017 sar\u00e0 il nuovo Direttore Principale dell\u2019Op\u00e9ra National de Lyon, una della maggiori scene liriche internazionali. Attualmente \u00e8 Direttore Principale dell\u2019Orchestra della Toscana, tra il 2008 e il 2010 \u00e8 stato Direttore Ospite Principale del Teatro Mikhailovsky di San Pietroburgo e, dal 2012 al 2014, Direttore Musicale del Teatro Petruzzelli di Bari. Il critico principale del \u201cTimes\u201d aveva profetizzato, in occasione del suo debutto in Inghilterra: \u00abSiamo chiaramente di fronte a un altro talento in ascesa, destinato a grandi cose\u00bb. Oggi, Daniele Rustioni dirige regolarmente nei migliori teatri italiani, dal Teatro Regio Torino, alla Fenice di Venezia, \u00e8 stato ospite del Maggio Musicale Fiorentino e del Rossini Opera Festival a Pesaro. Nell&#8217;Ottobre 2012 ha debuttato al Teatro alla Scala. Nel Marzo 2011 aveva gi\u00e0 debuttato alla Royal Opera House Covent Garden. Ha gi\u00e0 diretto in Giappone, all\u2019Op\u00e9ra National de Lyon, alla Bayerische Staatsoper and at the Staatsoper di Berlino. Nell\u2019autunno 2015 diriger\u00e0 per la prima volta alla Opernhaus di Zurigo, mentre nella stagione successiva \u00e8 previsto il debutto alla Metropolitan Opera. Daniele Rustioni svolge un\u2019intensa attivit\u00e0 sinfonica: ha gi\u00e0 diretto le migliori orchestre sinfoniche italiane e estere: la BBC Philharmonic, l\u2019Orchestra della Svizzera Italiana, la Helsinki Philharmonic, la London Philharmonic, l\u2019Orchestre Philharmonique de Montecarlo e la Bournemouth Symphony Orchestra; a Ottobre 2015 debutter\u00e0 con la City of Birmingham Symphony Orchestra.<\/p>\n<p><strong>MARCO GIANI, clarinetto<\/strong><\/p>\n<p>Primo clarinetto dell\u2019orchestra I Pomeriggi Musicali, Marco Giani si \u00e8 diplomato con il massimo dei voti e la lode nella classe del M\u00b0 Bulfone, si \u00e8 successivamente laureato con 110 e lode presso il Conservatorio G. Verdi di Milano con il M\u00b0 Magistrelli. Vincitore in numerosi concorsi nazionali ed internazionali, si \u00e8 inoltre distinto tra i finalisti (unico italiano ammesso) del prestigioso Concorso Internazionale ARD di Monaco di Baviera 2012. Marco Giani \u00e8 risultato finalista ai concorsi per Primo clarinetto presso l\u2019Orchestra Sinfonica di Lucerna e l\u2019Orchestra La Fenice di Venezia. Nel ruolo di primo clarinetto ha collaborato con numerose orchestre in Italia e in Europa: Orchestra del Teatro La Fenice di Venezia, Orchestra Mahler di Vienna (sotto la direzione artistica di Abbado) l\u2019Orchestra Haydn di Bolzano, l&#8217;Orchestra Sinfonica di Savona, Verbier Festival Orchestra (Svizzera), sotto la bacchetta di importanti direttori tra cui R. Muti, D. Gatti, V. Gergiev. Ha suonato in alcune fra le pi\u00f9 importanti sale concertistiche in tutta Europa, in Canada e negli Stati Uniti. In qualit\u00e0 di solista si \u00e8 esibito in Italia e all\u2019estero con importanti orchestre quali: I Pomeriggi Musicali, la M\u00fcnchener Kammerorchester (ARD), i Kapelle Dresden Solisten. Del 2014 la pubblicazione in prima mondiale dei due CD dedicati al compositore E. Cavallini per l\u2019etichetta Naxos.<\/p>\n<p><strong>ORCHESTRA I POMERIGGI MUSICALI<\/strong><\/p>\n<p>27 novembre 1945, ore 17.30: al Teatro Nuovo di Milano debutta l\u2019Orchestra I Pomeriggi Musicali. In programma Mozart e Beethoven accostati a Stravinskij e Prokov\u2019ev. Nell\u2019immediato dopoguerra, nel pieno fervore della ricostruzione, l\u2019impresario teatrale Remigio Paone e il critico musicale Ferdinando Ballo lanciano la nuova formazione con un progetto di straordinaria attualit\u00e0: dare alla citt\u00e0 un\u2019orchestra da camera con un solido repertorio classico ed una specifica vocazione alla contemporaneit\u00e0. Il successo \u00e8 immediato e l\u2019Orchestra contribuisce notevolmente alla divulgazione popolare in Italia della musica dei grandi del Novecento censurati durante la dittatura fascista: Stravinskij, Hindemith, Webern, Berg, Poulenc, Honegger, Copland, Yves, Fran\u00e7ais. I Pomeriggi Musicali avviano, inoltre, una tenace attivit\u00e0 di commissione musicale. Per I Pomeriggi compongono infatti Casella, Dallapiccola, Ghedini, Gian Francesco Malipiero, Pizzetti, Respighi. Questa scelta programmatica si consolida nel rapporto con i compositori delle leve successive: Berio, Bussotti, Luciano Chailly, Clementi, Donatoni, Hazon, Maderna, Mannino, Manzoni, Margola, Pennisi, Testi, Tutino, Panni, Fedele, Francesconi, Vacchi. Oggi I Pomeriggi Musicali contano su un vastissimo repertorio che include i capolavori del Barocco, del Classicismo e del primo Romanticismo insieme alla gran parte della musica moderna e contemporanea. Compositori come Honegger e Hindemith, Pizzetti, Dallapiccola, Petrassi e Penderecki hanno diretto la loro musica sul podio de I Pomeriggi Musicali, che diventano trampolino di lancio verso la celebrit\u00e0 di tanti giovani artisti. \u00c8 il caso di\u00a0 Claudio Abbado, Leonard Bernstein, Rudolf Buchbinder, Pierre Boulez, Michele Campanella, Giuliano Carmignola, Aldo Ceccato, Sergiu Celibidache, Riccardo Chailly, Daniele Gatti, Gianandrea Gavazzeni, Carlo Maria Giulini, Vittorio Gui, Natalia Gutman, Angela Hewitt, Leonidas Kavakos, Alexander Lonquich, Alexander Igor Markevitch, Zubin Mehta, Carl Melles, Riccardo Muti, Hermann Scherchen, Thomas Schippers, Christian Thielemann, Salvatore Accardo, Antonio Ballista, Arturo Benedetti Michelangeli, Bruno Canino, Dino Ciani, Severino Gazzelloni, Franco Gulli, Nikita Magaloff, Nathan Milstein, Massimo Quarta, Maurizio Pollini, Corrado Rovaris e Uto Ughi. Tra i Direttori stabili dell\u2019Orchestra, ricordiamo Nino Sanzogno, il primo, Gianluigi Gelmetti, Giampiero Taverna e Othmar Maga, per arrivare ai milanesi Daniele Gatti, Antonello Manacorda e Aldo Ceccato, direttore emerito dell\u2019Orchestra. In alcuni casi, la direzione musicale \u00e8 stata affiancata da una direzione artistica; in questa veste: Italo Gomez, Carlo Majer, Marcello Panni, Marco Tutino, Gianni Tangucci, Ivan Fedele, Massimo Collarini e, da luglio 2013, Maurizio Salerno. L\u2019Orchestra I Pomeriggi Musicali svolge la sua attivit\u00e0 principalmente a Milano e nelle citt\u00e0 lombarde, mentre in autunno contribuisce alle stagioni liriche dei Teatri di Bergamo, Brescia, Como, Cremona, Mantova, Pavia \u2013 all\u2019interno del cartellone di Opera Lombardia \u2013 e alla stagione di balletto del Teatro alla Scala. Invitata nelle principali stagioni sinfoniche italiane, l\u2019Orchestra \u00e8 ospite anche delle maggiori sale da concerto europee. I Pomeriggi Musicali sono una Fondazione costituita dalla Regione Lombardia, dal Comune di Milano, dalla Provincia di Milano, e da enti privati, riconosciuta dallo Stato come istituzione concertistico-orchestrale e dalla Regione Lombardia come ente primario di produzione musicale. Sede dell\u2019Orchestra I Pomeriggi Musicali \u00e8 lo storico Teatro Dal Verme, sito nel cuore di Milano.<\/p>\n<p><strong>BIGLIETTI<\/strong><\/p>\n<p><strong>Interi<\/strong><\/p>\n<p>Primo Settore (Platea, dalla fila 1 alla 30): <strong>\u20ac 19,00 <\/strong>+ prevendita<\/p>\n<p>Secondo Settore (Platea, dalla fila 31 alla 40): <strong>\u20ac 13,50 <\/strong>+ prevendita<\/p>\n<p>Balconata: <strong>\u20ac 10,50 <\/strong>+ prevendita<\/p>\n<p>&nbsp;<\/p>\n<p><strong>Ridotti <\/strong>(Giovani under 26; Anziani over 60; Cral; Ass.<\/p>\n<p>Culturali, Biblioteche; Gruppi; Scuole e Universit\u00e0)<\/p>\n<p>Primo Settore (Platea, dalla fila 1 alla fila 30) <strong>\u20ac 15,00 <\/strong>+ prevendita<\/p>\n<p>Secondo Settore (Platea, dalla fila 31 alla fila 40) <strong>\u20ac 11,50 <\/strong>+ prevendita<\/p>\n<p>Balconata <strong>\u20ac 8,50 <\/strong>+ prevendita<\/p>\n<p>&nbsp;<\/p>\n<p><strong>Biglietteria TicketOne <\/strong><\/p>\n<p><strong>Teatro<\/strong> <strong>Dal Verme <\/strong><\/p>\n<p>Via San Giovanni Sul Muro, 2 \u2013 20121 Milano<\/p>\n<p>Tel. 02 87.905.201<\/p>\n<p>dal marted\u00ec al sabato dalle 11.00 alle 18.00<\/p>\n<p><strong>\u00a0<\/strong><\/p>\n<p><a href=\"http:\/\/www.ipomeriggi.it\/\">www.ipomeriggi.it<\/a><\/p>\n<p><a href=\"http:\/\/www.ipomeriggi.it\/facebook\">www.ipomeriggi.it\/facebook<\/a><\/p>\n<p><a href=\"http:\/\/www.ipomeriggi.it\/youtube\">www.ipomeriggi.it\/youtube<\/a><\/p>\n","protected":false},"excerpt":{"rendered":"<p>\u00a0 71\u00aa STAGIONE SINFONICA ORCHESTRA I POMERIGGI MUSICALI Direttore Artistico, M\u00b0 Maurizio Salerno Stagione 2014-2015 Gioved\u00ec 17 dicembre, ore 21.00 Sabato 19 dicembre, ore 17.00 Generale aperta al pubblico \u2013 Gioved\u00ec 17 dicembre, ore 14.00 Teatro Dal Verme Via San Giovanni sul Muro 2 \u2013 Milano Direttore: Daniele Rustioni Clarinetto: Marco Giani &nbsp; Galante, Zora, &hellip; <a href=\"https:\/\/www.gdapress.it\/it\/index.php\/55125\/musica\/teatro-dal-verme-orchestra-i-pomeriggi-musicali-milano.html\" class=\"more-link\">Read more <span class=\"screen-reader-text\">Teatro Dal Verme Orchestra I Pomeriggi Musicali Milano<\/span><\/a><\/p>\n","protected":false},"author":3,"featured_media":0,"comment_status":"closed","ping_status":"open","sticky":false,"template":"","format":"standard","meta":{"footnotes":""},"categories":[19],"tags":[14296,17,1568,235],"class_list":["post-55125","post","type-post","status-publish","format-standard","hentry","category-musica","tag-i-pomeriggi-musicali","tag-milano","tag-orchestra","tag-teatro-dal-verme"],"_links":{"self":[{"href":"https:\/\/www.gdapress.it\/it\/index.php\/wp-json\/wp\/v2\/posts\/55125","targetHints":{"allow":["GET"]}}],"collection":[{"href":"https:\/\/www.gdapress.it\/it\/index.php\/wp-json\/wp\/v2\/posts"}],"about":[{"href":"https:\/\/www.gdapress.it\/it\/index.php\/wp-json\/wp\/v2\/types\/post"}],"author":[{"embeddable":true,"href":"https:\/\/www.gdapress.it\/it\/index.php\/wp-json\/wp\/v2\/users\/3"}],"replies":[{"embeddable":true,"href":"https:\/\/www.gdapress.it\/it\/index.php\/wp-json\/wp\/v2\/comments?post=55125"}],"version-history":[{"count":1,"href":"https:\/\/www.gdapress.it\/it\/index.php\/wp-json\/wp\/v2\/posts\/55125\/revisions"}],"predecessor-version":[{"id":55128,"href":"https:\/\/www.gdapress.it\/it\/index.php\/wp-json\/wp\/v2\/posts\/55125\/revisions\/55128"}],"wp:attachment":[{"href":"https:\/\/www.gdapress.it\/it\/index.php\/wp-json\/wp\/v2\/media?parent=55125"}],"wp:term":[{"taxonomy":"category","embeddable":true,"href":"https:\/\/www.gdapress.it\/it\/index.php\/wp-json\/wp\/v2\/categories?post=55125"},{"taxonomy":"post_tag","embeddable":true,"href":"https:\/\/www.gdapress.it\/it\/index.php\/wp-json\/wp\/v2\/tags?post=55125"}],"curies":[{"name":"wp","href":"https:\/\/api.w.org\/{rel}","templated":true}]}}