
{"id":55068,"date":"2015-12-14T11:23:00","date_gmt":"2015-12-14T09:23:00","guid":{"rendered":"http:\/\/www.gdapress.it\/it\/?p=55068"},"modified":"2015-12-14T11:23:00","modified_gmt":"2015-12-14T09:23:00","slug":"esterni-compie-20-anni-cascina-cuccagna-milano","status":"publish","type":"post","link":"https:\/\/www.gdapress.it\/it\/index.php\/55068\/enogastronomia\/esterni-compie-20-anni-cascina-cuccagna-milano.html","title":{"rendered":"ESTERNI COMPIE 20 ANNI CASCINA CUCCAGNA MILANO"},"content":{"rendered":"<p><a href=\"http:\/\/www.gdapress.it\/it\/..\/public\/it\/2015\/12\/Cover-libro.png\"><img loading=\"lazy\" decoding=\"async\" class=\"alignnone size-large wp-image-55069\" src=\"http:\/\/www.gdapress.it\/it\/..\/public\/it\/2015\/12\/Cover-libro-500x336.png\" alt=\"Cover libro\" width=\"500\" height=\"336\" srcset=\"https:\/\/www.gdapress.it\/it\/..\/public\/it\/2015\/12\/Cover-libro-500x336.png 500w, https:\/\/www.gdapress.it\/it\/..\/public\/it\/2015\/12\/Cover-libro-300x202.png 300w, https:\/\/www.gdapress.it\/it\/..\/public\/it\/2015\/12\/Cover-libro-900x605.png 900w, https:\/\/www.gdapress.it\/it\/..\/public\/it\/2015\/12\/Cover-libro.png 985w\" sizes=\"auto, (max-width: 500px) 100vw, 500px\" \/><\/a><\/p>\n<p><strong>ESTERNI COMPIE 20 ANNI E FESTEGGIA CON UN LIBRO <\/strong><\/p>\n<p><strong>E UN PARTY IN CASCINA CUCCAGNA<\/strong><\/p>\n<p><em>Luned\u00ec 14 dicembre da \u2018un posto a Milano&#8217; la presentazione di<\/em><\/p>\n<p><em>\u201cMilano? La citt\u00e0 di esterni, dal 1995\u201d<\/em><\/p>\n<p>Luned\u00ec <strong>14 dicembre<\/strong>, dalle <strong>17.00<\/strong> a mezzanotte, da \u2018<strong><em>un posto a Milano\u2019<\/em><\/strong><em>, <\/em>il ristorante di <strong>Cascina Cuccagna,<\/strong> si festeggeranno i primi 20 anni di <strong>esterni<\/strong>, l&#8217;impresa culturale per antonomasia a Milano che, dal 1995, progetta spazi pubblici, disegna servizi per piccole e grandi comunit\u00e0 e realizza eventi di aggregazione e che, proprio la scorsa settimana, \u00e8 stata premiata dal Comune di Milano con l\u2019Ambrogino d\u2019Oro.<\/p>\n<p>Il programma prevede, a partire dalle 17.00, la presentazione del libro <strong><em>Milano? La citt\u00e0 di esterni, dal 1995<\/em><\/strong> (esterni). A seguire un party aperto al pubblico per festeggiare quelli che gli autori considerano: \u201c<em>i primi venti anni di pratica utopica e rivoluzionaria negli spazi pubblici di Milano, in Italia e in altre citt\u00e0 d\u2019Europa\u201d.<\/em><\/p>\n<p>Il libro, in italiano e in inglese, si struttura come una guida turistica della citt\u00e0 di Milano, raccontata con un tono ironico e leggero. Le oltre 400 pagine sono organizzate in 26 sezioni tematiche (dove alloggiare, come orientarsi, come spostarsi, dove mangiare, dove bere, dove far festa, arte e musei&#8230;) che, nella finzione narrativa, ripropongono tutti i progetti realizzati da <em>esterni<\/em> in venti anni, come se fossero accaduti tutti contemporaneamente.\u00a0 <em>\u201cIl libro<\/em><em> &#8211; <\/em>come aggiungono gli autori<em> &#8211; \u00e8<\/em><em> uno strumento per ripercorrere la storia dell\u2019associazione culturale milanese e, nello stesso tempo, un <\/em><em>percorso nelle citt\u00e0 \u201cpossibili\u201d di <\/em>esterni<em>, le metropoli oggetto-progetto di cultura e comunicazione. Una guida (che non \u00e8 una guida) per una citt\u00e0 diversa: spazi pubblici e interessi comuni. I mille luoghi di una citt\u00e0 immaginata e fortemente voluta. Milano?\u201d.<\/em><\/p>\n<p>Ad ospitare i festeggiamenti sar\u00e0 la <strong>Cascina Cuccagna<\/strong>, una delle perle che, grazie all\u2019impegno e alla creativit\u00e0 di <em>esterni<\/em>, \u00e8 tornata a essere un punto di riferimento, architettonico, sociale e culturale, sia per gli abitanti del quartiere e i milanesi in generale che per i numerosi turisti che ogni anno transitano per il capoluogo lombardo. Un progetto che, nel corso degli anni, \u00e8 cresciuto dando vita a numerose attivit\u00e0 collaterali come, ad esempio, \u201c<strong>un posto a Milano<\/strong>\u201d, il bar ristorante all\u2019interno della cascina, frequentatissimo sia a pranzo o per l\u2019aperitivo che per cena o per eventi. O come l\u2019ultima nata in casa <em>esterni<\/em>, la <strong>Foresteria<\/strong>, un ostello perfettamente integrato nell\u2019architettura della struttura, in grado di ospitare fino a <strong>16 persone<\/strong>, nell\u2019oasi urbana della Cascina Cuccagna. Senza dimenticare infine, solo per citarne alcuni, i progetti dal respiro internazionale come il <strong>Milano Film Festival<\/strong>, <strong>Audiovisiva<\/strong> o il <strong>Public Design Festival<\/strong> e molti altri ancora, che hanno fatto diventare, senza ombra di dubbio, Milano la citt\u00e0 di <em>esterni.<\/em><\/p>\n<p>Luned\u00ec 14 dicembre<\/p>\n<p>dalle 17.00 a mezzanotte<\/p>\n<p><em>un posto a Milano<\/em> (Cascina Cuccagna)<\/p>\n<p><strong>Milano? La citt\u00e0 di Esterni dal 1995<\/strong> (ESTERNI)<\/p>\n<p>439 pagg. italiano e inglese<br \/>\n\u20ac19.95<\/p>\n<p><strong>Esterni<\/strong><\/p>\n<p>Nel 1995 un gruppo di studenti decide di provare a cambiare le abitudini dei milanesi, sempre pi\u00f9 chiusi nelle loro case e nelle loro macchine. Individuano negli spazi pubblici il cuore di una societ\u00e0 ideale e decidono di diventare esperti in <em>cardiologia urbana<\/em>. L&#8217;operazione \u00e8 tuttora in corso, il gruppo ha allargato i suoi confini e i suoi interessi ed \u00e8 diventato un&#8217;impresa culturale portata avanti da decine di persone. Oggi \u00e8 un&#8217;impresa culturale che dal 1995 progetta spazi pubblici, disegna servizi per piccole e grandi comunit\u00e0, promuove e realizza eventi di aggregazione, sviluppa campagne di comunicazione necessaria e partecipata. Lavora con enti pubblici e privati in Italia e all&#8217;estero, condividendo competenze, progetti e risorse. Oggi <em>esterni<\/em> si dedica all&#8217;analisi del contemporaneo e alla formulazione di soluzioni creative che favoriscano la partecipazione allargata, la mescolanza sociale e un pensiero libero.<\/p>\n<p><a href=\"http:\/\/www.esterni.org\/\">www.esterni.org<\/a><\/p>\n<p><strong>un Posto a Milano.<\/strong><\/p>\n<p>\u00c8 il progetto di <em>esterni<\/em> che nasce nel 2012 in Cascina Cuccagna. La cucina con i piatti dello Chef Nicola Cavallaro, il bar-gastronomia e la foresteria creano un ponte culturale che ricongiunge la citt\u00e0 e la campagna negli stili di vita quotidiani, nelle scelte alimentari e di produzione sostenibile, finalizzata alla rivalutazione delle risorse territoriali. Il men\u00f9 e le ricette si basano sulla richiesta e rintracciabilit\u00e0 delle migliori risorse stagionali del territorio. Pane, pasta e dolci sono fatti in casa. Molti piatti sono vegetariani e senza glutine. Un posto a Milano nel 2015 \u00e8 diventato anche una Foresteria, una piccola struttura moderna e accogliente con 16 posti letto, che ospita viaggiatori, studenti, turisti e persone in visita per lavoro. Cucina e bar aperti da marted\u00ec a domenica dalle 10.00 alla 1.00. Chiuso il luned\u00ec. <a href=\"http:\/\/www.unpostoamilano.it\/\">www.unpostoamilano.it<\/a><\/p>\n<p>&nbsp;<\/p>\n","protected":false},"excerpt":{"rendered":"<p>ESTERNI COMPIE 20 ANNI E FESTEGGIA CON UN LIBRO E UN PARTY IN CASCINA CUCCAGNA Luned\u00ec 14 dicembre da \u2018un posto a Milano&#8217; la presentazione di \u201cMilano? La citt\u00e0 di esterni, dal 1995\u201d Luned\u00ec 14 dicembre, dalle 17.00 a mezzanotte, da \u2018un posto a Milano\u2019, il ristorante di Cascina Cuccagna, si festeggeranno i primi 20 &hellip; <a href=\"https:\/\/www.gdapress.it\/it\/index.php\/55068\/enogastronomia\/esterni-compie-20-anni-cascina-cuccagna-milano.html\" class=\"more-link\">Read more <span class=\"screen-reader-text\">ESTERNI COMPIE 20 ANNI CASCINA CUCCAGNA MILANO<\/span><\/a><\/p>\n","protected":false},"author":3,"featured_media":0,"comment_status":"closed","ping_status":"open","sticky":false,"template":"","format":"standard","meta":{"footnotes":""},"categories":[20],"tags":[5551,1455,15504,17],"class_list":["post-55068","post","type-post","status-publish","format-standard","hentry","category-enogastronomia","tag-20-anni","tag-cascina-cuccagna","tag-esterni","tag-milano"],"_links":{"self":[{"href":"https:\/\/www.gdapress.it\/it\/index.php\/wp-json\/wp\/v2\/posts\/55068","targetHints":{"allow":["GET"]}}],"collection":[{"href":"https:\/\/www.gdapress.it\/it\/index.php\/wp-json\/wp\/v2\/posts"}],"about":[{"href":"https:\/\/www.gdapress.it\/it\/index.php\/wp-json\/wp\/v2\/types\/post"}],"author":[{"embeddable":true,"href":"https:\/\/www.gdapress.it\/it\/index.php\/wp-json\/wp\/v2\/users\/3"}],"replies":[{"embeddable":true,"href":"https:\/\/www.gdapress.it\/it\/index.php\/wp-json\/wp\/v2\/comments?post=55068"}],"version-history":[{"count":1,"href":"https:\/\/www.gdapress.it\/it\/index.php\/wp-json\/wp\/v2\/posts\/55068\/revisions"}],"predecessor-version":[{"id":55070,"href":"https:\/\/www.gdapress.it\/it\/index.php\/wp-json\/wp\/v2\/posts\/55068\/revisions\/55070"}],"wp:attachment":[{"href":"https:\/\/www.gdapress.it\/it\/index.php\/wp-json\/wp\/v2\/media?parent=55068"}],"wp:term":[{"taxonomy":"category","embeddable":true,"href":"https:\/\/www.gdapress.it\/it\/index.php\/wp-json\/wp\/v2\/categories?post=55068"},{"taxonomy":"post_tag","embeddable":true,"href":"https:\/\/www.gdapress.it\/it\/index.php\/wp-json\/wp\/v2\/tags?post=55068"}],"curies":[{"name":"wp","href":"https:\/\/api.w.org\/{rel}","templated":true}]}}