
{"id":55063,"date":"2015-12-13T13:23:41","date_gmt":"2015-12-13T11:23:41","guid":{"rendered":"http:\/\/www.gdapress.it\/it\/?p=55063"},"modified":"2015-12-13T13:23:41","modified_gmt":"2015-12-13T11:23:41","slug":"milano-teatro-libero-rassegna-stand-up-quando-il-comico-e-libero","status":"publish","type":"post","link":"https:\/\/www.gdapress.it\/it\/index.php\/55063\/teatro\/milano-teatro-libero-rassegna-stand-up-quando-il-comico-e-libero.html","title":{"rendered":"Milano Teatro Libero RASSEGNA \u201cSTAND UP! Quando il comico \u00e8\u2026 libero\u201d"},"content":{"rendered":"<p><a href=\"http:\/\/www.gdapress.it\/it\/..\/public\/it\/2015\/12\/Claudio-Zucca.jpg\"><img loading=\"lazy\" decoding=\"async\" class=\"alignnone size-medium wp-image-55064\" src=\"http:\/\/www.gdapress.it\/it\/..\/public\/it\/2015\/12\/Claudio-Zucca-300x233.jpg\" alt=\"Claudio Zucca\" width=\"300\" height=\"233\" srcset=\"https:\/\/www.gdapress.it\/it\/..\/public\/it\/2015\/12\/Claudio-Zucca-300x233.jpg 300w, https:\/\/www.gdapress.it\/it\/..\/public\/it\/2015\/12\/Claudio-Zucca-500x388.jpg 500w, https:\/\/www.gdapress.it\/it\/..\/public\/it\/2015\/12\/Claudio-Zucca.jpg 600w\" sizes=\"auto, (max-width: 300px) 100vw, 300px\" \/><\/a><\/p>\n<p><strong><em>RASSEGNA \u201cSTAND UP! Quando il comico \u00e8\u2026 libero\u201d<\/em><\/strong><\/p>\n<p>ideata ed organizzata da Dado Tedeschi<\/p>\n<p><strong>Domenica <\/strong><strong>13 dicembre 2015<\/strong><\/p>\n<p><strong>Ore 21.00<\/strong><\/p>\n<p><strong>QUELLI DELL\u2019ACCADEMIA DEL COMICO<\/strong><\/p>\n<p><strong>di e con<\/strong><\/p>\n<p><strong>Laura Formenti,<\/strong> <strong>Claudio Zucca,<\/strong> <strong>Stefano Grimelli, Max Conte<\/strong><\/p>\n<p>Dopo qualche anno di latitanza il cabaret torna al Teatro Libero con una programmazione a cadenza mensile che \u201clascia cadere\u201d tutte le banalit\u00e0 del recente prodotto televisivo e abbraccia in pieno la nuova comicit\u00e0 che si sta imponendo a Roma, a Milano e in altre zone, ovvero il <strong>movimento<em> stand up<\/em><\/strong>.<\/p>\n<p>Gli <strong><em>stand up comedians<\/em><\/strong> sono nient&#8217;altro che \u201ccomici in piedi\u201d ovvero persone che con il loro nome e la loro faccia (al massimo un microfono) raccontano il mondo che li circonda, a volte privato a volte pubblico o sociale, con un menefreghismo del mezzo televisivo e una libert\u00e0 espressiva come da anni non si conosceva. A fare da antesignani alla rinascita (in realt\u00e0 lo <em>stand up<\/em> si \u00e8 sempre fatto) italiana di questo genere sono stati i romani di \u201cSatiriasi\u201d (Giorgio Montanini, Filippo Giardina e soci), ma anche al nord nell&#8217;ultimo anno si sono formati diversi gruppi di lavoro che si occupano esattamente di questa forma di spettacolo. E questi gruppi troveranno consacrazione e voce, <strong>una domenica al mese<\/strong>,<strong> al Teatro Libero<\/strong> con la rassegna <strong><em>Stand up<\/em><\/strong><strong><em>! Q<\/em><\/strong><strong><em>uando il comico \u00e8&#8230; libero<\/em><\/strong>.<\/p>\n<p><strong>Si parte domenica 13 dicembre con <em>Quelli dell&#8217;<\/em><\/strong><strong><em>A<\/em><\/strong><strong><em>ccademia del <\/em><\/strong><strong><em>C<\/em><\/strong><strong><em>omico<\/em><\/strong><strong>.<\/strong><\/p>\n<p>L&#8217;<strong>A<\/strong><strong>ccademia del <\/strong><strong>C<\/strong><strong>omico (Seriamente comici)<\/strong> \u00e8 la scuola pi\u00f9 importante per la comicit\u00e0 a Milano, ogni anno tiene corsi di varia natura \u2013 sempre legati per\u00f2 al discorso umoristico \u2013 e da l\u00ec ogni anno vengono sfornati nuovi talenti in grado di lavorare in giro e vivere di comicit\u00e0.<\/p>\n<p>La serata al Libero accoglier\u00e0 due dei docenti pi\u00f9 bravi e divertenti, <em>stand up comedians<\/em> e attori in proprio, ovvero <strong>Claudio Zucca<\/strong>, attore di nobile tradizione, anche familiare (ricordate Mario Zucca?), che vanta anni di esperienze sui palchi di tutta Italia e che adesso alterna esperienze importanti (spettacoli drammatici o comunque seri) all&#8217;insegnamento e alla comicit\u00e0 <em>stand up<\/em>, e <strong>Laura Formenti<\/strong>, attrice, artista di strada e comica <em>stand up<\/em> che proporr\u00e0 un estratto del suo <em>Sono una bionda non sono una santa<\/em>. Ai due insegnanti si affiancheranno due tra i migliori allievi dell&#8217;accademia (ormai fuoriusciti e gi\u00e0 \u201ccircolanti sul mercato\u201d): <strong>Stefano Grimelli<\/strong>, segnalatosi per la cattiveria di alcuni suoi interventi, e <strong>Max Conte<\/strong>.<\/p>\n<p>Ai quattro variegati protagonisti della serata si affiancher\u00e0 <strong>Dado Tedeschi<\/strong>, comico e <em>stand up<\/em> veneto-milanese, organizzatore della rassegna che sar\u00e0 il motore di ogni serata. Un modo per divertirsi con contenuti un po\u2019 diversi, a volte persino estremi nel linguaggio e nella scelta dei temi (lo spettacolo \u00e8 sconsigliato alle anime sensibili), ma molto pi\u00f9 ridanciani e sinceri dell&#8217;omogeneizzata comicit\u00e0 televisiva.<\/p>\n<p><strong>A<\/strong><strong>ttenzione<\/strong><strong>: GLI SPETTACOLI <\/strong><strong>DELLA RASSEGNA <\/strong><strong>SONO CONSIGLIATI AI MAGGIORI DI 14 ANNI<\/strong><\/p>\n<p><strong><em>Prossimi appuntamenti della rassegna<\/em><\/strong><\/p>\n<p><strong>Tutti presentati (con sconfinamenti nel monologo)<\/strong> <strong>da DADO TEDESCHI<\/strong><\/p>\n<p>&nbsp;<\/p>\n<p><strong>10 gennaio 2016<\/strong><\/p>\n<p><strong>DANIELE RACO \u2013 KOMBAT KOMEDIAN <\/strong><\/p>\n<p>OPENING ACT MARCO CHAMPIER<\/p>\n<p><strong>7 febbraio 2016<\/strong><\/p>\n<p><strong>COMICUS VERONA <\/strong><\/p>\n<p>DIEGO CARLI \u2013 PAOLO ROZZI \u2013 IL GREZZA \u2013 ROBERTO SERAFINI<\/p>\n<p><strong>6 marzo 2016<\/strong><\/p>\n<p><strong>DADO TEDESCHI \u2013 IO E BRIDGET (IO E LE DONNE)<\/strong><\/p>\n<p>OPENING ACT: CHIARA AVANZO E ARGEO LONGHITANO<\/p>\n<p><strong>3 aprile 2016<\/strong><\/p>\n<p><strong>MELAMARCIA SHOW<\/strong><\/p>\n<p>LUCA ANSELMI, CLARA CAMPI, EDOARDO CONFUORTO, GIORGIO MAGRI<\/p>\n<p><strong>8 maggio 2016<\/strong><\/p>\n<p><strong>STAND UP COMEDY ITALIA <\/strong><\/p>\n<p>ANDREA SALERI \u2013 SOFIA GOTTARDI \u2013 NICOLA SELENU \u2013 GIANLUCA ETTORI<\/p>\n<p><strong>Teatro Libero<\/strong><\/p>\n<p><strong>Via Savona, 10 &#8211; Milano<\/strong><\/p>\n<p><strong><span style=\"text-decoration: underline;\">BIGLIETTERIA<\/span><\/strong><\/p>\n<p><strong>PREZZI BIGLIETTI<\/strong><\/p>\n<p>Prezzo unico \u20ac 12,00<\/p>\n<p><strong>ORARIO SPETTACOLI<\/strong><br \/>\nOre 21.00<\/p>\n<p><strong>ORARI BIGLIETTERIA<br \/>\n<\/strong>Da luned\u00ec a venerd\u00ec dalle 15.00 alle 19.00<\/p>\n<p><strong>Nei giorni di spettacolo:<br \/>\n<\/strong>Da luned\u00ec a venerd\u00ec fino alle 21.30<br \/>\nSabato dalle 19.00 alle 21.30<\/p>\n<p>Domenica dalle 14.00 alle 16.30<\/p>\n<p><strong><span style=\"text-decoration: underline;\">CONTATTI<\/span><\/strong><\/p>\n<p>02 8323126<br \/>\n<a href=\"mailto:biglietteria@teatrolibero.it\">biglietteria@teatrolibero.it<\/a><\/p>\n<p><strong>ACQUISTI ONLINE<\/strong><\/p>\n<p><a href=\"http:\/\/www.teatrolibero.it\/\">www.teatrolibero.it<\/a><\/p>\n<p>&nbsp;<\/p>\n<p>&nbsp;<\/p>\n","protected":false},"excerpt":{"rendered":"<p>RASSEGNA \u201cSTAND UP! Quando il comico \u00e8\u2026 libero\u201d ideata ed organizzata da Dado Tedeschi Domenica 13 dicembre 2015 Ore 21.00 QUELLI DELL\u2019ACCADEMIA DEL COMICO di e con Laura Formenti, Claudio Zucca, Stefano Grimelli, Max Conte Dopo qualche anno di latitanza il cabaret torna al Teatro Libero con una programmazione a cadenza mensile che \u201clascia cadere\u201d &hellip; <a href=\"https:\/\/www.gdapress.it\/it\/index.php\/55063\/teatro\/milano-teatro-libero-rassegna-stand-up-quando-il-comico-e-libero.html\" class=\"more-link\">Read more <span class=\"screen-reader-text\">Milano Teatro Libero RASSEGNA \u201cSTAND UP! Quando il comico \u00e8\u2026 libero\u201d<\/span><\/a><\/p>\n","protected":false},"author":3,"featured_media":0,"comment_status":"closed","ping_status":"open","sticky":false,"template":"","format":"standard","meta":{"footnotes":""},"categories":[1],"tags":[17,11941,16961],"class_list":["post-55063","post","type-post","status-publish","format-standard","hentry","category-teatro","tag-milano","tag-teatro-libero","tag-stand-up"],"_links":{"self":[{"href":"https:\/\/www.gdapress.it\/it\/index.php\/wp-json\/wp\/v2\/posts\/55063","targetHints":{"allow":["GET"]}}],"collection":[{"href":"https:\/\/www.gdapress.it\/it\/index.php\/wp-json\/wp\/v2\/posts"}],"about":[{"href":"https:\/\/www.gdapress.it\/it\/index.php\/wp-json\/wp\/v2\/types\/post"}],"author":[{"embeddable":true,"href":"https:\/\/www.gdapress.it\/it\/index.php\/wp-json\/wp\/v2\/users\/3"}],"replies":[{"embeddable":true,"href":"https:\/\/www.gdapress.it\/it\/index.php\/wp-json\/wp\/v2\/comments?post=55063"}],"version-history":[{"count":1,"href":"https:\/\/www.gdapress.it\/it\/index.php\/wp-json\/wp\/v2\/posts\/55063\/revisions"}],"predecessor-version":[{"id":55065,"href":"https:\/\/www.gdapress.it\/it\/index.php\/wp-json\/wp\/v2\/posts\/55063\/revisions\/55065"}],"wp:attachment":[{"href":"https:\/\/www.gdapress.it\/it\/index.php\/wp-json\/wp\/v2\/media?parent=55063"}],"wp:term":[{"taxonomy":"category","embeddable":true,"href":"https:\/\/www.gdapress.it\/it\/index.php\/wp-json\/wp\/v2\/categories?post=55063"},{"taxonomy":"post_tag","embeddable":true,"href":"https:\/\/www.gdapress.it\/it\/index.php\/wp-json\/wp\/v2\/tags?post=55063"}],"curies":[{"name":"wp","href":"https:\/\/api.w.org\/{rel}","templated":true}]}}