
{"id":54817,"date":"2015-11-29T11:25:46","date_gmt":"2015-11-29T09:25:46","guid":{"rendered":"http:\/\/www.gdapress.it\/it\/?p=54817"},"modified":"2015-11-29T11:25:46","modified_gmt":"2015-11-29T09:25:46","slug":"ti-racconto-una-fiaba-biancaneve-i-piccoli-pomeriggi-musicali","status":"publish","type":"post","link":"https:\/\/www.gdapress.it\/it\/index.php\/54817\/musica\/ti-racconto-una-fiaba-biancaneve-i-piccoli-pomeriggi-musicali.html","title":{"rendered":"TI RACCONTO UNA FIABA  Biancaneve I PICCOLI POMERIGGI MUSICALI"},"content":{"rendered":"<p><strong>I Pomeriggi Musicali<\/strong><\/p>\n<p><strong>in collaborazione con Sconfinarte e Milano Teatro Scuola Paolo Grassi<\/strong><\/p>\n<p><strong>\u00a0e con il sostegno di Fondazione Cariplo<\/strong><\/p>\n<p>presentano<\/p>\n<p><strong>I PICCOLI POMERIGGI MUSICALI <\/strong><\/p>\n<p><strong><em>TI RACCONTO UNA FIABA<\/em><\/strong><\/p>\n<p><strong><em>Biancaneve<\/em><\/strong><\/p>\n<p><em>di Jacob Ludwig Karl Grimm e Wilhelm Karl Grimm<\/em><\/p>\n<p>Voce recitante:<strong> Marcello Mocchi<\/strong><\/p>\n<p>Regia:<strong> Manuel Renga<\/strong><\/p>\n<p>Direttore:<strong> Daniele Parziani<\/strong><\/p>\n<p><strong>Orchestra I Piccoli Pomeriggi Musicali<\/strong><\/p>\n<p><strong>Teatro Dal Verme<\/strong><\/p>\n<p><em>Via San Giovanni sul Muro 2 \u2013 Milano<\/em><\/p>\n<p><strong>Domenica 29 novembre 2015<\/strong><\/p>\n<p><strong>ore 11:00<\/strong><\/p>\n<p>Domenica 29 novembre, alle consuete ore 11:00, i nostri \u201cpiccoli professori\u201d ci racconteranno <em>Biancaneve <\/em>e come sempre sar\u00e0 una mattinata di fiaba, in equilibrio tra teatro, musica e fantasia.<\/p>\n<p>Per questo appuntamento sar\u00e0 <strong>Marcello Mocchi<\/strong> a narrarci la storia della dolce Biancaneve, nell\u2019adattamento per voce recitante e orchestra curato da <strong>Manuel Renga<\/strong>, responsabile per quello che riguarda la parte di drammaturgia e spettacolo dell\u2019intera stagione.<\/p>\n<p>Diretti come sempre dal <strong>M\u00b0 Daniele Parziani<\/strong>, direttore stabile dell\u2019orchestra, I Piccoli Pomeriggi si cimenteranno in un repertorio che raccoglie, tra gli altri, musiche dalla saga di <em>Twilight<\/em>, brani di Mozart (<em>Voi che sapete<\/em> da <em>Le nozze di Figaro<\/em>) e di Churchill (<em>Heigh-Ho<\/em>), scelti appositamente per accompagnare le vicende della principessa Biancaneve.<\/p>\n<p><em>\u00a0<\/em><\/p>\n<p>Protagonista al fianco dei nostri piccoli musicisti sar\u00e0 il pubblico di grandi e piccini che affoller\u00e0 il teatro, trasformato per l\u2019occasione in un luogo fatto di sogno, gioia e fantasia!<\/p>\n<p><strong>DANIELE PARZIANI<\/strong><\/p>\n<p>Daniele Parziani \u00e8, dalla fondazione, il Direttore musicale dell&#8217;Accademia de I Piccoli Pomeriggi Musicali. Si \u00e8 laureato in direzione d&#8217;orchestra, con distinction, presso la Newcastle University, in Inghilterra, dove gli \u00e8 stata affidata la direzione della Newcastle University Symphony Orchestra. \u00c8 stato allievo effettivo al corso di direzione d\u2019orchestra del M\u00b0 Gianluigi Gelmetti presso l\u2019Accademia chigiana di Siena. \u00c8 attualmente dottorando presso il Royal Northern College of Music di Manchester, dove svolge una ricerca specialistica sulla direzione delle orchestre giovanili. Musicista eclettico, Daniele ha arrangiato e diretto gli archi della Czech National Symphony Orchestra per l&#8217;album <em>Ricreazione<\/em>, il nuovo disco di Malika Ayane, artista raffinata del panorama pop italiano con cui collabora stabilmente. Parziani \u00e8, inoltre, membro cofondatore del Trio NefEsh, formazione con cui svolge un&#8217;intensa attivit\u00e0 concertistica e un lavoro di ricerca musicale che spazia dal klezmer al tango, dalle musiche balcaniche a quelle mediorientali, a cavallo fra classico, jazz e popolare.<\/p>\n<p>&nbsp;<\/p>\n<p><strong>MANUEL RENGA<\/strong><\/p>\n<p>Manuel Renga si diploma al corso di Regia Teatrale della Scuola di Teatro paolo Grassi nel 2013 e partecipa in seguito a vari e prestigiosi laboratori in Italia. Dalla stretta collaborazione con attori e registi, compagni di corso presso la Scuola di Teatro Paolo Grassi, Milano nasce lo spettacolo <em>Come cani al guinzaglio<\/em>, ispirato a <em>Bent<\/em> di Martin Sherman, che debutta in occasione del <em>Toscolano Maderno Art Festival 2011 <\/em>intitolato<em> Ah\u2026nimali@Anima\u2026li.com <\/em>Dopo il diploma fonda, a Milano, l\u2019Associazione Chronos3, con la quale produce, in collaborazione con la Scuola Paolo Grassi, <em>Il Cane la notte e il coltello<\/em> di M. von Mayenburg, che debutta al Festival Scena contemporanea e al Piccolo Teatro Studio di Milano. Debutta al teatro Franco Parenti con <em>Hamlet without eyes<\/em>, una performance per pubblico bendato ispirata a <em>Amleto<\/em> di Shakespeare. Dirige il festival di Teatro di strada e arte contemporanea <em>Come a Montmartre<\/em> sul lago di Garda, evento che raccoglie artisti italiani ed europei.<\/p>\n<p>&nbsp;<\/p>\n<p><strong>MARCELLO MOCCHI<\/strong><\/p>\n<p>Nasce a Milano il 5 novembre 1985. Laureato a pieni voti in lettere moderne alla facolt\u00e0 di Lettere e filosofia dell\u2019Universit\u00e0 di Pavia, si diploma nel 2013 alla Scuola d\u2019arte drammatica Paolo Grassi di Milano dove lavora, tra gli altri, con Giampiero Solari, Maurizio Schmidt, Maria Consagra, Valerio Binasco. Nel 2013, lavora come attore allo spettacolo <em>A.M.L.E.T.<\/em> prodotto dal Teatro Franco Parenti di Milano. Nello stesso anno \u00e8 diretto dal regista Giampiero Solari in <em>Attori o corsari,<\/em> in onda su Sky Arte HD. Dal 2011, Marcello partecipa come attore a un corso di formazione condotto da Claudio Autelli e terminato con la produzione di <em>Risveglio di primavera<\/em> da Wedekind, nel gennaio 2012 e, in scena al Teatro Out Off di Milano, nel maggio 2012. Nel giugno 2010 consegue il diploma triennale della Scuola di teatro \u2013 Corso per attori del teatro Fraschini di Pavia diretta da Angela Malfitano. Ha seguito numerosi seminari teatrali tenuti, fra gli altri, da Claudio Morganti, Fausto Paravidino, Isadora Angelini, Marco Manchisi, e un percorso di studio sulla Commedia dell\u2019Arte con Marta Dalla Via (compagnia Pantakin). Marcello collabora con la compagnia teatrale Chronos3, con cui lavora a numerosi spettacoli.<\/p>\n<p>&nbsp;<\/p>\n<p><strong>I PICCOLI POMERIGGI MUSICALI<\/strong><\/p>\n<p>L\u2019Orchestra de I Piccoli Pomeriggi Musicali nasce nel 2007 e si esibisce nello spettacolo di Francesco Micheli <em>I Musicanti di Brema<\/em>, che si \u00e8 tenuto presso il Teatro Dal Verme di Milano. Il grande successo dello spettacolo spinge la Fondazione I Pomeriggi Musicali, in collaborazione con l&#8217;Associazione culturale Sconfinarte, a istituire l\u2019Accademia di Formazione Professionale Orchestrale I Piccoli Pomeriggi Musicali. Essa nasce per promuovere la cultura orchestrale tra i bambini avviati allo studio della musica preparandoli all\u2019esecuzione dei concerti della stagione di musica per i bambini, ma si pone anche lo scopo di appassionare le nuovissime generazioni al mondo della musica classica. I Piccoli Pomeriggi Musicali sono Nucleo aderente al Sistema e fanno parte di FuturOrchestra, l\u2019orchestra lombarda del Sistema delle Orchestre e dei Cori Giovanili in Italia patrocinato dal M\u00b0 Claudio Abbado. I Piccoli Pomeriggi Musicali sono oggi considerati tra le realt\u00e0 pi\u00f9 interessanti nel panorama delle formazioni giovanili. Direttore della formazione \u00e8, dalla sua fondazione, il M\u00b0 Daniele Parziani.<\/p>\n<p>&nbsp;<\/p>\n<p><strong>BIGLIETTI<\/strong><\/p>\n<p><strong>. Adulti<\/strong> \u20ac 7,00 (+ prevendita)<\/p>\n<p><strong>. Bambini<\/strong> \u20ac 5,00 (+ prevendita)<\/p>\n<p>&nbsp;<\/p>\n<p><strong>Biglietteria TicketOne \u2013 Teatro Dal Verme <\/strong><\/p>\n<p>Via San Giovanni Sul Muro, 2 \u2013 20121 Milano<\/p>\n<p>Tel. 02 87.905.201<\/p>\n<p>dal marted\u00ec al sabato dalle 11.00 alle 19.00 &#8211; Domenica (nelle date dei concerti) ore 10:00 \u2013 11:00<\/p>\n<p><a href=\"http:\/\/www.ipomeriggi.it\">www.ipomeriggi.it<\/a><\/p>\n<p><a href=\"http:\/\/www.ipomeriggi.it\/facebook\">www.ipomeriggi.it\/facebook<\/a><\/p>\n<p><a href=\"http:\/\/www.ipomeriggi.it\/youtube\">www.ipomeriggi.it\/youtube<\/a><\/p>\n","protected":false},"excerpt":{"rendered":"<p>I Pomeriggi Musicali in collaborazione con Sconfinarte e Milano Teatro Scuola Paolo Grassi \u00a0e con il sostegno di Fondazione Cariplo presentano I PICCOLI POMERIGGI MUSICALI TI RACCONTO UNA FIABA Biancaneve di Jacob Ludwig Karl Grimm e Wilhelm Karl Grimm Voce recitante: Marcello Mocchi Regia: Manuel Renga Direttore: Daniele Parziani Orchestra I Piccoli Pomeriggi Musicali Teatro &hellip; <a href=\"https:\/\/www.gdapress.it\/it\/index.php\/54817\/musica\/ti-racconto-una-fiaba-biancaneve-i-piccoli-pomeriggi-musicali.html\" class=\"more-link\">Read more <span class=\"screen-reader-text\">TI RACCONTO UNA FIABA  Biancaneve I PICCOLI POMERIGGI MUSICALI<\/span><\/a><\/p>\n","protected":false},"author":3,"featured_media":0,"comment_status":"closed","ping_status":"open","sticky":false,"template":"","format":"standard","meta":{"footnotes":""},"categories":[7536,19],"tags":[11071,14346],"class_list":["post-54817","post","type-post","status-publish","format-standard","hentry","category-il-mondo-dei-bambini-dalla-a-alla-z","category-musica","tag-biancaneve","tag-i-piccoli-pomeriggi-musicali"],"_links":{"self":[{"href":"https:\/\/www.gdapress.it\/it\/index.php\/wp-json\/wp\/v2\/posts\/54817","targetHints":{"allow":["GET"]}}],"collection":[{"href":"https:\/\/www.gdapress.it\/it\/index.php\/wp-json\/wp\/v2\/posts"}],"about":[{"href":"https:\/\/www.gdapress.it\/it\/index.php\/wp-json\/wp\/v2\/types\/post"}],"author":[{"embeddable":true,"href":"https:\/\/www.gdapress.it\/it\/index.php\/wp-json\/wp\/v2\/users\/3"}],"replies":[{"embeddable":true,"href":"https:\/\/www.gdapress.it\/it\/index.php\/wp-json\/wp\/v2\/comments?post=54817"}],"version-history":[{"count":1,"href":"https:\/\/www.gdapress.it\/it\/index.php\/wp-json\/wp\/v2\/posts\/54817\/revisions"}],"predecessor-version":[{"id":54818,"href":"https:\/\/www.gdapress.it\/it\/index.php\/wp-json\/wp\/v2\/posts\/54817\/revisions\/54818"}],"wp:attachment":[{"href":"https:\/\/www.gdapress.it\/it\/index.php\/wp-json\/wp\/v2\/media?parent=54817"}],"wp:term":[{"taxonomy":"category","embeddable":true,"href":"https:\/\/www.gdapress.it\/it\/index.php\/wp-json\/wp\/v2\/categories?post=54817"},{"taxonomy":"post_tag","embeddable":true,"href":"https:\/\/www.gdapress.it\/it\/index.php\/wp-json\/wp\/v2\/tags?post=54817"}],"curies":[{"name":"wp","href":"https:\/\/api.w.org\/{rel}","templated":true}]}}