
{"id":54796,"date":"2015-11-28T12:31:24","date_gmt":"2015-11-28T10:31:24","guid":{"rendered":"http:\/\/www.gdapress.it\/it\/?p=54796"},"modified":"2015-11-28T12:31:24","modified_gmt":"2015-11-28T10:31:24","slug":"ancora-una-nuova-apertura-febal-casa-a-napoli","status":"publish","type":"post","link":"https:\/\/www.gdapress.it\/it\/index.php\/54796\/design\/ancora-una-nuova-apertura-febal-casa-a-napoli.html","title":{"rendered":"Ancora una nuova apertura  Febal Casa a Napoli"},"content":{"rendered":"<p><a href=\"http:\/\/www.gdapress.it\/it\/..\/public\/it\/2015\/11\/Marina-line.jpg\"><img loading=\"lazy\" decoding=\"async\" class=\"alignnone size-large wp-image-54797\" src=\"http:\/\/www.gdapress.it\/it\/..\/public\/it\/2015\/11\/Marina-line-500x247.jpg\" alt=\"Marina line\" width=\"500\" height=\"247\" srcset=\"https:\/\/www.gdapress.it\/it\/..\/public\/it\/2015\/11\/Marina-line-500x247.jpg 500w, https:\/\/www.gdapress.it\/it\/..\/public\/it\/2015\/11\/Marina-line-300x148.jpg 300w, https:\/\/www.gdapress.it\/it\/..\/public\/it\/2015\/11\/Marina-line.jpg 800w\" sizes=\"auto, (max-width: 500px) 100vw, 500px\" \/><\/a><\/p>\n<p>&nbsp;<\/p>\n<p><strong><em>Sabato 28 novembre 2015<\/em><\/strong><\/p>\n<p><strong><em>Febal Casa Stilmobili, Via Epomeo 522\/526, 80126 &#8211; Napoli<\/em><\/strong><\/p>\n<p>Dopo le partnership siglate nei mesi scorsi con\u00a0alcuni storici centri d&#8217;arredamento del territorio campano, Febal Casa conquista il capoluogo inaugurando un <strong>nuovo punto vendita a Napoli<\/strong><\/p>\n<p>Il nuovo showroom Febal Casa potr\u00e0 contare sugli <strong>oltre 40 anni di esperienza<\/strong> di<strong> Stilmobili, <\/strong>realt\u00e0 consolidata sul territorio che da sempre persegue l&#8217;obiettivo di arredare con gusto e flessibilit\u00e0 le case dei consumatori, rispondendo alle loro esigenze con cura e passione. <strong>Febal Casa Stilmobili <\/strong>sposer\u00e0 la filosofia dello store campano e, includendo l\u2019insegna sotto quella di un brand internazionale come Febal Casa, coniugher\u00e0 al meglio tradizione e innovazione.<\/p>\n<p>\u201c<em>L&#8217;apertura del nuovo showroom ci supporta nell\u2019intento di rafforzare la nostra presenza sul territorio, ed \u00e8 la conferma degli straordinari risultati<\/em> <em>raggiunti in questi anni <\/em>\u2013 <strong>commenta Pietro Mandico<\/strong> <strong>di Stilmobili<\/strong> \u2013<em> Con Febal Casa sar\u00e0 ancora pi\u00f9 semplice offrire ai nostri clienti un programma di arredo completo per tutta la casa, dalle soluzioni cucina alle proposte living.\u201d<\/em><\/p>\n<p>Lo spazio di<strong> 155 metri quadri, <\/strong>infatti, espone al suo interno alcune tra le soluzioni che caratterizzano il brand oggi, offrendo cos\u00ec al consumatore una panoramica di ci\u00f2 che Febal Casa ha da offrire: la dinamicit\u00e0 e grande capacit\u00e0 contenitiva di <strong>Volumia<\/strong>, l\u2019elegante semplicit\u00e0 di <strong>Ice<\/strong>, il sistema versatile di moduli e accessori di <strong>Marina Line<\/strong>, la creativit\u00e0 e funzionalit\u00e0 di <strong>Ice Industrial Edition<\/strong>.<\/p>\n<p><em>\u201c<\/em><em>Febal Casa non si limita semplicemente a essere un\u2019insegna, ma \u00e8 un sistema condiviso con tutti i partner del brand per la messa in atto di una strategia di espansione ben definita.<\/em><em> &#8211; <\/em>dichiara <strong>Emanuel Colombini, A.D. dell\u2019omonimo Gruppo<\/strong> \u2013 <em>Per il raggiungimento di questo nostro obiettivo \u00e8 fondamentale il supporto di realt\u00e0 come Stilmobili, clienti prima e partner poi, nel <\/em><em>contribuire all\u2019affermazione di Febal Casa come uno dei brand pi\u00f9 apprezzati del settore.\u201d<\/em><\/p>\n<p><strong><em>Dalle ore 10.00 porte aperte per l\u2019evento di apertura.<\/em><\/strong><\/p>\n<p><strong><em>\u00a0<\/em><\/strong><\/p>\n<p><em>\u00a0<\/em><\/p>\n<p><em>\u00a0<\/em><\/p>\n","protected":false},"excerpt":{"rendered":"<p>&nbsp; Sabato 28 novembre 2015 Febal Casa Stilmobili, Via Epomeo 522\/526, 80126 &#8211; Napoli Dopo le partnership siglate nei mesi scorsi con\u00a0alcuni storici centri d&#8217;arredamento del territorio campano, Febal Casa conquista il capoluogo inaugurando un nuovo punto vendita a Napoli Il nuovo showroom Febal Casa potr\u00e0 contare sugli oltre 40 anni di esperienza di Stilmobili, &hellip; <a href=\"https:\/\/www.gdapress.it\/it\/index.php\/54796\/design\/ancora-una-nuova-apertura-febal-casa-a-napoli.html\" class=\"more-link\">Read more <span class=\"screen-reader-text\">Ancora una nuova apertura  Febal Casa a Napoli<\/span><\/a><\/p>\n","protected":false},"author":3,"featured_media":0,"comment_status":"closed","ping_status":"open","sticky":false,"template":"","format":"standard","meta":{"footnotes":""},"categories":[32],"tags":[14922,97],"class_list":["post-54796","post","type-post","status-publish","format-standard","hentry","category-design","tag-febal-casa","tag-napoli"],"_links":{"self":[{"href":"https:\/\/www.gdapress.it\/it\/index.php\/wp-json\/wp\/v2\/posts\/54796","targetHints":{"allow":["GET"]}}],"collection":[{"href":"https:\/\/www.gdapress.it\/it\/index.php\/wp-json\/wp\/v2\/posts"}],"about":[{"href":"https:\/\/www.gdapress.it\/it\/index.php\/wp-json\/wp\/v2\/types\/post"}],"author":[{"embeddable":true,"href":"https:\/\/www.gdapress.it\/it\/index.php\/wp-json\/wp\/v2\/users\/3"}],"replies":[{"embeddable":true,"href":"https:\/\/www.gdapress.it\/it\/index.php\/wp-json\/wp\/v2\/comments?post=54796"}],"version-history":[{"count":1,"href":"https:\/\/www.gdapress.it\/it\/index.php\/wp-json\/wp\/v2\/posts\/54796\/revisions"}],"predecessor-version":[{"id":54798,"href":"https:\/\/www.gdapress.it\/it\/index.php\/wp-json\/wp\/v2\/posts\/54796\/revisions\/54798"}],"wp:attachment":[{"href":"https:\/\/www.gdapress.it\/it\/index.php\/wp-json\/wp\/v2\/media?parent=54796"}],"wp:term":[{"taxonomy":"category","embeddable":true,"href":"https:\/\/www.gdapress.it\/it\/index.php\/wp-json\/wp\/v2\/categories?post=54796"},{"taxonomy":"post_tag","embeddable":true,"href":"https:\/\/www.gdapress.it\/it\/index.php\/wp-json\/wp\/v2\/tags?post=54796"}],"curies":[{"name":"wp","href":"https:\/\/api.w.org\/{rel}","templated":true}]}}