
{"id":54793,"date":"2015-11-28T12:21:56","date_gmt":"2015-11-28T10:21:56","guid":{"rendered":"http:\/\/www.gdapress.it\/it\/?p=54793"},"modified":"2015-11-28T12:21:56","modified_gmt":"2015-11-28T10:21:56","slug":"orchestra-i-pomeriggi-musicali-george-pehlivanian","status":"publish","type":"post","link":"https:\/\/www.gdapress.it\/it\/index.php\/54793\/musica\/orchestra-i-pomeriggi-musicali-george-pehlivanian.html","title":{"rendered":"ORCHESTRA I POMERIGGI MUSICALI  George Pehlivanian"},"content":{"rendered":"<p><a href=\"http:\/\/www.gdapress.it\/it\/..\/public\/it\/2015\/11\/George-Pehlivanian_.jpg\"><img loading=\"lazy\" decoding=\"async\" class=\"alignnone size-medium wp-image-54794\" src=\"http:\/\/www.gdapress.it\/it\/..\/public\/it\/2015\/11\/George-Pehlivanian_-300x149.jpg\" alt=\"George Pehlivanian_\" width=\"300\" height=\"149\" srcset=\"https:\/\/www.gdapress.it\/it\/..\/public\/it\/2015\/11\/George-Pehlivanian_-300x149.jpg 300w, https:\/\/www.gdapress.it\/it\/..\/public\/it\/2015\/11\/George-Pehlivanian_-500x248.jpg 500w, https:\/\/www.gdapress.it\/it\/..\/public\/it\/2015\/11\/George-Pehlivanian_-900x446.jpg 900w, https:\/\/www.gdapress.it\/it\/..\/public\/it\/2015\/11\/George-Pehlivanian_.jpg 1359w\" sizes=\"auto, (max-width: 300px) 100vw, 300px\" \/><\/a><\/p>\n<p><strong>71\u00aa STAGIONE SINFONICA<\/strong><\/p>\n<p><strong>ORCHESTRA I POMERIGGI MUSICALI<\/strong><\/p>\n<p><strong>Direttore Artistico, M\u00b0 Maurizio Salerno<\/strong><\/p>\n<p><strong>Stagione 2014-2015<\/strong><\/p>\n<p><strong>Sabato 28 novembre, ore 17.00<\/strong><\/p>\n<p><strong>Teatro Dal Verme<\/strong><\/p>\n<p><em>Via San Giovanni sul Muro 2 \u2013 Milano<\/em><\/p>\n<p>Direttore:<strong> George Pehlivanian<\/strong><\/p>\n<p><strong>Orchestra Haydn di Bolzano e Trento<\/strong><\/p>\n<p><strong>Stravinskij,<\/strong> <em>Apollon musag\u00e8te, <\/em><em>per orchestra d&#8217;archi<\/em><\/p>\n<p><strong>Var\u00e8se,<\/strong> <em>Octandre<\/em>, per ottavino e flauto, clarinetto e clarinetto in mi bemolle, corno, fagotto, tromba, trombone e contrabbasso<br \/>\n<strong>Brahms,<\/strong> <em>Sinfonia n. 4 in mi minore<\/em><em>, op. 98<\/em><\/p>\n<p>Al Teatro Dal Verme di Milano, nell\u2019ambito della 71\u00aa Stagione Sinfonica dell\u2019Orchestra I Pomeriggi Musicali, torna una gradita presenza: l\u2019<strong>Orchestra Haydn di Bolzano e Trento<\/strong>. Da anni sodale dei Pomeriggi, la formazione altoatesina allieter\u00e0, come ogni stagione, il pubblico della sala di via San Giovanni sul Muro con un programma ricercato e originale.<\/p>\n<p>Il concerto inizier\u00e0 con <em><strong>Apollon musag\u00e8te<\/strong> <\/em><em>di <\/em><strong>Stravinskij<\/strong><strong>, che chiamer\u00e0 la fantasia del pubblico a immaginare il balletto che le muse regalano ad Apollo per guadagnarsi la sua predilezione. Si prosegue poi con <em>Octandre<\/em> <\/strong><strong>di Var\u00e8se<\/strong><strong>, una rarit\u00e0 nel catalogo del compositore, perch\u00e9 una delle poche opere in cui non utilizza strumenti a percussione ma esclusivamente fiati sorretti e accompagnati da un contrabbasso.<\/strong><\/p>\n<p><strong>Al termine del programma l\u2019orchestra si ricongiunger\u00e0 per eseguire uno dei capolavori sinfonici pi\u00f9 amati dal pubblico: la <\/strong><strong><em>Quarta sinfonia<\/em><\/strong><strong> di <\/strong><strong>Brahms<\/strong><strong>. Sul podio a dirigere la compagine di Bolzano e Trento sar\u00e0 <\/strong><strong>George Pehlivanian<\/strong><strong>; origini libanesi, statunitense di adozione e cittadino del Mondo, Pehlivanian \u00e8 un direttore eclettico ed esperto. \u00a0<\/strong><\/p>\n<p><strong>GEORGE PEHLIVANIAN<\/strong><strong>, direttore<\/strong><\/p>\n<p>Americano d&#8217;adozione, Pehlivanian si \u00e8 trasferito con la sua famiglia a Los Angeles nel 1975, dove ha studiato direzione d&#8217;orchestra con Pierre Boulez, Lorin Maazel e Ferdinand Leitner. Si \u00e8 imposto all&#8217;attenzione internazionale conseguendo a soli a 27 anni il Primo premio al Concorso internazionale per Direttori d&#8217;orchestra di Besancon, primo artista americano in assoluto ad aggiudicarsi un riconoscimento di siffatto prestigio. A partire da quel momento, Pehlivanian ha definitivamente consolidato la propria fama imponendosi come uno dei direttori pi\u00f9 coinvolgenti della propria generazione. Ha debuttato alla Long Beach Opera di Los Angeles con la direzione di <em>Carmen<\/em> e in seguito, su invito di Valery Gergiev, ha diretto <em>Traviata<\/em> all&#8217;Opera del Kirov di San Pietroburgo. A partire dal 2005 ricopre il ruolo di Direttore artistico e musicale dell&#8217;Orchestra Filarmonica Slovena, primo straniero a ottenere questa nomina. Successivamente, \u00e8 stato nominato Primo Direttore Ospite della Deutsche Staatsphlharmonie Rheinland-Pfalz e, ancora, Direttore Stabile dell&#8217;Orchestra del Teatro Lirico di Cagliari, affiancando al contempo prestigiose collaborazioni con la Israel Philharmonic Orchestra. Ha ricoperto inoltre l&#8217;incarico di Primo Direttore Ospite presso la Residentie Orkest dell&#8217;Aja tra il 1996 ed il 1999 e della Wiener KammerOrchester tra il 1996 ed il 2000, esprimendosi parallelamente con il medesimo impegno e con il medesimo successo alla guida delle pi\u00f9 famose orchestre europee ed americane. Notevoli sono le collaborazioni in ambito italiano: ha diretto l&#8217;Orchestra Filarmonica della Scala di Milano, l&#8217;Orchestra dell&#8217;Accademia Nazionale di Santa Cecilia di Roma, il Maggio Musicale Fiorentino, l&#8217;Orchestra del Teatro di San Carlo di Napoli, l&#8217;Orchestra Nazionale della Rai dl Torino, l&#8217;Orchestra del Teatro Lirico di Cagliari. Ha inoltre preso parte a prestigiosi festival, tra cui il Festival dei Maggio Musicale Fiorentino, il Festival Verdi di Parma, e il Ravenna Festival. Tra le pi\u00f9 recenti esperienze, Pehlivanian, nell&#8217;estate 2008 al Festival di Ljubljana, ha diretto l&#8217;<em>Elektra<\/em> di Strauss e il concerto di chiusura con la Israel Philharmonic. Di rilievo le sue collaborazioni con solisti di prestigio internazionale: Maxim Vengerov, Isabelle Faust, Sergej Krilov, Anne Akiko Meyers, Evelyn Glennie. Ha inciso per Virgin Classics\/Emi con l&#8217;Orchestre Philharmonique di Monte Carlo, la prima incisione di musiche di Zukov per la Chandos con la Residentle Orkest den Hague; il suo curriculum conta anche un&#8217;incisione con la London Philharmonic per la BMG, una registrazione monografica dedicata a Rodrigo con l&#8217;Orquesta Nacional de Espana per Studio SM, l&#8217;integrale delle opere di Liszt per pianoforte e orchestra con Louis Lortie, ancora con la Residentie Orkest den Hague per la Chandos. Attualmente Pehlivanian vive tra Los Angeles, Parigi e Lubiana.<\/p>\n<p><strong>ORCHESTRA HAYDN DI BOLZANO E TRENTO<\/strong><\/p>\n<p>Costituitasi nel 1960 per iniziativa delle Province e dei Comuni di Trento e Bolzano, l\u2019Orchestra Haydn \u00e8 stata ospite dei principali sodalizi concertistici italiani e ha preso parte a numerosi festival, esibendosi in vari stati europei, negli usa e in Giappone. Nel corso di oltre cinquant\u2019anni di attivit\u00e0 l\u2019Orchestra si \u00e8 fatta interprete di un ampio catalogo di opere che ha spaziato in tutti i generi musicali, dal Barocco fino ai compositori contemporanei.\u00a0 In pi\u00f9 occasioni autori come Dallapiccola, Nono, Berio, Donatoni, Battistelli e D\u2019Amico le hanno affidato lavori in prima esecuzione assoluta. Attenta alla valorizzazione di un repertorio spesso trascurato, l\u2019Orchestra Haydn si \u00e8 fatta promotrice anche della riscoperta di preziosi manoscritti, come il <em>Dixit Dominus <\/em>di Cimarosa, oppure la <em>Messe solennelle<\/em> di Berlioz, proposta nel 2002 in prima esecuzione moderna italiana. Innumerevoli le presenze di grandi artisti alla guida della formazione sinfonica del Trentino-Alto Adige, sul cui podio sono saliti fra gli altri Riccardo Chailly, Eliahu Inbal, Alain Lombard, Jes\u00fas L\u00f3pez-Cobos, Sir Neville Marriner, Riccardo Muti, Daniel Oren, Jos\u00e9 Serebrier e Alberto Zedda. Come direttori stabili si sono avvicendati, dopo il fondatore Antonio Pedrotti, Hermann Michael, Alun Francis, Christian Mandeal e Ola Rudner. Dal 2003 al 2012 ne \u00e8 stato direttore artistico Gustav Kuhn. Sotto la sua direzione l\u2019Orchestra ha eseguito nella stagione 2006\/2007 tutte le Sinfonie di Brahms e nella stagione 2005\/2006 le nove Sinfonie di Beethoven, riproposte nel dicembre 2007 al Mozarteum di Salisburgo e accolte da un grande successo di pubblico e di critica. Dal 2006 al 2009 l\u2019Orchestra Haydn ha preso parte al Rossini Opera Festival di Pesaro, partecipando alle seguenti produzioni: <em>L\u2019equivoco stravagante<\/em>, <em>La scala di seta<\/em>, <em>Il turco in Italia<\/em>, <em>Torvaldo e Dorliska<\/em>, <em>La gazza ladra <\/em>(premio <em>Diapason d\u2019or<\/em> e premio quale migliore dvd del 2008 della rivista \u201cMusica e Dischi\u201d), <em>Maometto<\/em> <em>II<\/em>, <em>Il viaggio a Reims<\/em>, <em>Edipo<\/em> <em>a Colono <\/em>e <em>Le nozze di Teti e di Peleo. <\/em>Nel settembre 2008 l\u2019Orchestra ha inaugurato a Perugia la LXIII edizione della Sagra Musicale Umbra proponendo la <em>Missa solemnis<\/em> di Beethoven sotto la direzione di Gustav Kuhn. In collaborazione con il Rossini Opera Festival la Haydn ha presentato nel novembre 2008, alla Biwako Hall di Otsu e alla Bunkamura Orchard Hall di Tokyo, un concerto sinfonico, l\u2019<em>Otello<\/em> e il <em>Maometto<\/em> <em>II <\/em>(premio per il migliore spettacolo dal vivo del 2008 nella categoria artisti stranieri assegnato dal Pen Club Japan), diretti da Gustav Kuhn e Alberto Zedda. Nel dicembre 2008 l\u2019Orchestra \u00e8 tornata nuovamente a esibirsi al Mozarteum di Salisburgo, dove ha eseguito le quattro Sinfonie di Brahms, la <em>Missa solemnis<\/em> e la Nona Sinfonia di Beethoven; sul podio Gustav Kuhn. Nel 2009, l\u2019Orchestra Haydn \u00e8 stata protagonista assieme all\u2019Orchestra Mozart dell\u2019esecuzione della Settima Sinfonia di Anton Bruckner, proposta in due memorabili concerti a Bolzano e Bologna, sotto la direzione di Claudio Abbado, che aveva gi\u00e0 diretto l\u2019Orchestra di Bolzano e Trento nel 1962. Numerose le registrazioni radiofoniche e televisive per la RAI; ampio il catalogo di CD e DVD realizzati per Agor\u00e1, Arts, Camerata, col legno, Concerto, cpo, Dynamic, Multigram, Naxos, Opus Arte, rca, Universal, vmc Classic e Zecchini. Da marzo 2013 Daniele Spini \u00e8 responsabile della progettazione artistica dell\u2019Orchestra Haydn.<\/p>\n<p><strong>BIGLIETTI<\/strong><\/p>\n<p><strong>Interi<\/strong><\/p>\n<p>Primo Settore (Platea, dalla fila 1 alla 30): <strong>\u20ac 19,00 <\/strong>+ prevendita<\/p>\n<p>Secondo Settore (Platea, dalla fila 31 alla 40): <strong>\u20ac 13,50 <\/strong>+ prevendita<\/p>\n<p>Balconata: <strong>\u20ac 10,50 <\/strong>+ prevendita<\/p>\n<p>&nbsp;<\/p>\n<p><strong>Ridotti <\/strong>(Giovani under 26; Anziani over 60; Cral; Ass.<\/p>\n<p>Culturali, Biblioteche; Gruppi; Scuole e Universit\u00e0)<\/p>\n<p>Primo Settore (Platea, dalla fila 1 alla fila 30) <strong>\u20ac 15,00 <\/strong>+ prevendita<\/p>\n<p>Secondo Settore (Platea, dalla fila 31 alla fila 40) <strong>\u20ac 11,50 <\/strong>+ prevendita<\/p>\n<p>Balconata <strong>\u20ac 8,50 <\/strong>+ prevendita<\/p>\n<p><strong>Biglietteria TicketOne <\/strong><\/p>\n<p><strong>Teatro<\/strong> <strong>Dal Verme <\/strong><\/p>\n<p>Via San Giovanni Sul Muro, 2 \u2013 20121 Milano<\/p>\n<p>Tel. 02 87.905.201<\/p>\n<p>dal marted\u00ec al sabato dalle 11.00 alle 18.00<\/p>\n<p><strong>\u00a0<\/strong><\/p>\n<p><a href=\"http:\/\/www.ipomeriggi.it\/\">www.ipomeriggi.it<\/a><\/p>\n<p><a href=\"http:\/\/www.ipomeriggi.it\/facebook\">www.ipomeriggi.it\/facebook<\/a><\/p>\n<p><a href=\"http:\/\/www.ipomeriggi.it\/youtube\">www.ipomeriggi.it\/youtube<\/a><\/p>\n<p>&nbsp;<\/p>\n","protected":false},"excerpt":{"rendered":"<p>71\u00aa STAGIONE SINFONICA ORCHESTRA I POMERIGGI MUSICALI Direttore Artistico, M\u00b0 Maurizio Salerno Stagione 2014-2015 Sabato 28 novembre, ore 17.00 Teatro Dal Verme Via San Giovanni sul Muro 2 \u2013 Milano Direttore: George Pehlivanian Orchestra Haydn di Bolzano e Trento Stravinskij, Apollon musag\u00e8te, per orchestra d&#8217;archi Var\u00e8se, Octandre, per ottavino e flauto, clarinetto e clarinetto in &hellip; <a href=\"https:\/\/www.gdapress.it\/it\/index.php\/54793\/musica\/orchestra-i-pomeriggi-musicali-george-pehlivanian.html\" class=\"more-link\">Read more <span class=\"screen-reader-text\">ORCHESTRA I POMERIGGI MUSICALI  George Pehlivanian<\/span><\/a><\/p>\n","protected":false},"author":3,"featured_media":0,"comment_status":"closed","ping_status":"open","sticky":false,"template":"","format":"standard","meta":{"footnotes":""},"categories":[19],"tags":[16866,14160],"class_list":["post-54793","post","type-post","status-publish","format-standard","hentry","category-musica","tag-george-pehlivanian","tag-orchestra-i-pomeriggi-musicali"],"_links":{"self":[{"href":"https:\/\/www.gdapress.it\/it\/index.php\/wp-json\/wp\/v2\/posts\/54793","targetHints":{"allow":["GET"]}}],"collection":[{"href":"https:\/\/www.gdapress.it\/it\/index.php\/wp-json\/wp\/v2\/posts"}],"about":[{"href":"https:\/\/www.gdapress.it\/it\/index.php\/wp-json\/wp\/v2\/types\/post"}],"author":[{"embeddable":true,"href":"https:\/\/www.gdapress.it\/it\/index.php\/wp-json\/wp\/v2\/users\/3"}],"replies":[{"embeddable":true,"href":"https:\/\/www.gdapress.it\/it\/index.php\/wp-json\/wp\/v2\/comments?post=54793"}],"version-history":[{"count":1,"href":"https:\/\/www.gdapress.it\/it\/index.php\/wp-json\/wp\/v2\/posts\/54793\/revisions"}],"predecessor-version":[{"id":54795,"href":"https:\/\/www.gdapress.it\/it\/index.php\/wp-json\/wp\/v2\/posts\/54793\/revisions\/54795"}],"wp:attachment":[{"href":"https:\/\/www.gdapress.it\/it\/index.php\/wp-json\/wp\/v2\/media?parent=54793"}],"wp:term":[{"taxonomy":"category","embeddable":true,"href":"https:\/\/www.gdapress.it\/it\/index.php\/wp-json\/wp\/v2\/categories?post=54793"},{"taxonomy":"post_tag","embeddable":true,"href":"https:\/\/www.gdapress.it\/it\/index.php\/wp-json\/wp\/v2\/tags?post=54793"}],"curies":[{"name":"wp","href":"https:\/\/api.w.org\/{rel}","templated":true}]}}