
{"id":54748,"date":"2015-09-25T09:57:49","date_gmt":"2015-09-25T07:57:49","guid":{"rendered":"http:\/\/www.gdapress.it\/it\/?p=54748"},"modified":"2015-11-26T09:59:23","modified_gmt":"2015-11-26T07:59:23","slug":"non-solo-al-lac-la-nona-di-beethoven","status":"publish","type":"post","link":"https:\/\/www.gdapress.it\/it\/index.php\/54748\/musica\/non-solo-al-lac-la-nona-di-beethoven.html","title":{"rendered":"Non solo al LAC la Nona di Beethoven"},"content":{"rendered":"<div class=\"\"><b class=\"\">Per il gran finale in musica dell&#8217;inaugurazione del LAC le note della Nona di Beethoven inaugurano la stagione concertistica della Sala Teatro con l&#8217;Orchestra della Svizzera italiana e il Coro della Radiotelevisione Svizzera diretti dal Maestro Ashkenazy.\u00a0<\/b><\/div>\n<div class=\"\"><b class=\"\">Il concerto sar\u00e0 diffuso in tutti gli spazi del LAC e trasmesso in diretta televisiva, radiofonica e in streaming da RSI Radiotelevisione svizzera.<\/b><\/div>\n<div class=\"\"><\/div>\n<div class=\"\">La Svizzera italiana ha finalmente una sala concertistica adatta, per qualit\u00e0 acustica e ampiezza di palco, al grande repertorio sinfonico. Per salutare un evento epocale come l\u2019inaugurazione musicale della Sala Teatro del LAC e le giornate inaugurali del centro culturale, venerd\u00ec 25 settembre non potevano che esserci i principali protagonisti della regione: l\u2019Orchestra della Svizzera italiana e il Coro della Radiotelevisione svizzera. Con loro il direttore ospite principale Vladimir Ashkenazy (coadiuvato dal preparatore del coro Donato Sivo) e un cast di solisti di levatura internazionale ad interpretare un<\/div>\n<div class=\"\">programma al tempo stesso solenne e gioioso: la soprano Christiane Oelze, la mezzosoprano Anna Bonitatibus, il tenore Christoph Strehl e il baritono Olafur Sigurdarson.<\/div>\n<div class=\"\"><\/div>\n<div class=\"\">La Sinfonia n. 9 in re minore di Ludwig van Beethoven \u00e8 una tra le pagine pi\u00f9 celebri e amate di tutta la storia della musica e simbolo sia di solennit\u00e0 &#8211; un vero e proprio monumento che nel 1824 un\u00ec passato, presente e futuro della musica &#8211; sia di gaudio grazie al celebre Inno alla gioia su testo di Schiller che appare nel finale del quarto movimento.<\/div>\n<div class=\"\">Venerd\u00ec 25, sabato 26 e domenica 27 settembre andr\u00e0 quindi in scena il concerto inaugurale che vede uniti in un considerevole sforzo produttivo RSI Radiotelevisione svizzera, la Citt\u00e0 di Lugano, il LAC, l\u2019Orchestra della Svizzera italiana e LuganoMusica.<\/div>\n<div class=\"\"><\/div>\n<div class=\"\">Atteso da artisti e pubblico, l\u2019appuntamento ha registrato il tutto esaurito in poche ore, ma diverse sono le opportunit\u00e0 per parteciparvi senza essere in sala. Il LAC diffonder\u00e0 le note del concerto in tutti i suoi spazi: in Piazza, nella hall e nelle sale espositive, che dalle ore 18:00 saranno accessibili gratuitamente permettendo di vivere un\u2019esperienza singolare. Per chi non potesse raggiungere il LAC, RSI Radiotelevisione svizzera garantir\u00e0 la diffusione in diretta sia televisiva su RSI LA 2 e radiofonica su RSI Rete Due, sia in streaming su<a class=\"\" href=\"http:\/\/rsi.ch\/concertirsi\" target=\"_blank\">rsi.ch\/concertirsi<\/a>. Il concerto sar\u00e0 inoltre emesso dal circuito Eurovisione e Euroradio, al quale diverse televisioni e radio europee hanno aderito.<\/div>\n<p>&nbsp;<\/p>\n","protected":false},"excerpt":{"rendered":"<p>Per il gran finale in musica dell&#8217;inaugurazione del LAC le note della Nona di Beethoven inaugurano la stagione concertistica della Sala Teatro con l&#8217;Orchestra della Svizzera italiana e il Coro della Radiotelevisione Svizzera diretti dal Maestro Ashkenazy.\u00a0 Il concerto sar\u00e0 diffuso in tutti gli spazi del LAC e trasmesso in diretta televisiva, radiofonica e in &hellip; <a href=\"https:\/\/www.gdapress.it\/it\/index.php\/54748\/musica\/non-solo-al-lac-la-nona-di-beethoven.html\" class=\"more-link\">Read more <span class=\"screen-reader-text\">Non solo al LAC la Nona di Beethoven<\/span><\/a><\/p>\n","protected":false},"author":3,"featured_media":0,"comment_status":"closed","ping_status":"open","sticky":false,"template":"","format":"standard","meta":{"footnotes":""},"categories":[19],"tags":[1919,16844,7163],"class_list":["post-54748","post","type-post","status-publish","format-standard","hentry","category-musica","tag-beethoven","tag-l-lac","tag-nona"],"_links":{"self":[{"href":"https:\/\/www.gdapress.it\/it\/index.php\/wp-json\/wp\/v2\/posts\/54748","targetHints":{"allow":["GET"]}}],"collection":[{"href":"https:\/\/www.gdapress.it\/it\/index.php\/wp-json\/wp\/v2\/posts"}],"about":[{"href":"https:\/\/www.gdapress.it\/it\/index.php\/wp-json\/wp\/v2\/types\/post"}],"author":[{"embeddable":true,"href":"https:\/\/www.gdapress.it\/it\/index.php\/wp-json\/wp\/v2\/users\/3"}],"replies":[{"embeddable":true,"href":"https:\/\/www.gdapress.it\/it\/index.php\/wp-json\/wp\/v2\/comments?post=54748"}],"version-history":[{"count":1,"href":"https:\/\/www.gdapress.it\/it\/index.php\/wp-json\/wp\/v2\/posts\/54748\/revisions"}],"predecessor-version":[{"id":54749,"href":"https:\/\/www.gdapress.it\/it\/index.php\/wp-json\/wp\/v2\/posts\/54748\/revisions\/54749"}],"wp:attachment":[{"href":"https:\/\/www.gdapress.it\/it\/index.php\/wp-json\/wp\/v2\/media?parent=54748"}],"wp:term":[{"taxonomy":"category","embeddable":true,"href":"https:\/\/www.gdapress.it\/it\/index.php\/wp-json\/wp\/v2\/categories?post=54748"},{"taxonomy":"post_tag","embeddable":true,"href":"https:\/\/www.gdapress.it\/it\/index.php\/wp-json\/wp\/v2\/tags?post=54748"}],"curies":[{"name":"wp","href":"https:\/\/api.w.org\/{rel}","templated":true}]}}