
{"id":54659,"date":"2015-11-21T11:15:28","date_gmt":"2015-11-21T09:15:28","guid":{"rendered":"http:\/\/www.gdapress.it\/it\/?p=54659"},"modified":"2015-11-21T11:15:28","modified_gmt":"2015-11-21T09:15:28","slug":"orchestra-i-pomeriggi-musicali-futurorchestra","status":"publish","type":"post","link":"https:\/\/www.gdapress.it\/it\/index.php\/54659\/musica\/orchestra-i-pomeriggi-musicali-futurorchestra.html","title":{"rendered":"ORCHESTRA I POMERIGGI MUSICALI FUTURORCHESTRA"},"content":{"rendered":"<p><strong>71\u00aa STAGIONE SINFONICA<\/strong><\/p>\n<p><strong>ORCHESTRA I POMERIGGI MUSICALI<\/strong><\/p>\n<p><strong>Direttore Artistico, M\u00b0 Maurizio Salerno<\/strong><\/p>\n<p><span style=\"color: #993300;\"><strong>Sabato 21 novembre, ore 17.00<\/strong><\/span><\/p>\n<p><strong>Teatro Dal Verme<\/strong><\/p>\n<p><em>Via San Giovanni sul Muro 2 \u2013 Milano<\/em><\/p>\n<p>Soprano:\u00a0<strong>Ivanna Speranza<\/strong><\/p>\n<p><span style=\"line-height: 1.5;\">Tenore:<\/span><strong style=\"line-height: 1.5;\"> Gian Luca Pasolini<\/strong><\/p>\n<p>Baritono:<strong> Gabriele Ribis<\/strong><\/p>\n<p><strong>Coro Song e Cori Giovanili Feniarc<\/strong><strong>o<\/strong><\/p>\n<p>Direttore del coro: <strong>Carlo Pavese<\/strong><\/p>\n<p>Direttore:<strong> Alessandro Cadario<\/strong><strong><br \/>\n<\/strong><strong>FuturOrchestra<\/strong><\/p>\n<p><strong>Carl Orff<\/strong><\/p>\n<p><em>Carmina Burana, <\/em>per soli, coro e orchestra<\/p>\n<p>Importante doppio appuntamento al Teatro Dal Verme di Milano per la 71\u00aa Stagione Sinfonica dell\u2019Orchestra I Pomeriggi Musicali: l\u2019orchestra ospitata questa settimana, gioved\u00ec alle ore 21:00 e sabato alle ore 17:00, \u00e8 <strong>FuturOrchestra<\/strong>, l\u2019emanazione del Sistema Orchestre Cori Giovanili e Infantili in Lombardia, nel quadro del Sistema musicale avviato in Italia su iniziativa del M\u00b0 Claudio Abbado.<\/p>\n<p>In programma la cantata scenica capolavoro di Carl Orff, i <strong><em>Carmina Burana<\/em><\/strong>, per soli, coro e orchestra, che vede altres\u00ec la partecipazione del <strong>Coro Song<\/strong><strong> e dei Cori Giovanili Feniarc<\/strong><strong>o<\/strong> \u2013 diretti da Carlo Pavese \u2013 della soprano <strong>Ivanna Speranza<\/strong>, del tenore <strong>Gian Luca Pasolini<\/strong> e del baritono <strong>Gabriele Ribis<\/strong><strong>. Sul podio di questa grandiosa serata, a dirigere quest\u2019opera monumentale, \u00e8 il M\u00b0 Alessandro Cadario<\/strong><strong>.<\/strong><\/p>\n<p><strong>Per questa settimana, poi, la replica di sabato 21 alle ore 17:00 si arricchisce <\/strong>del suo far parte del progetto <em>Vincere da Grandi<\/em>. Sabato pomeriggio al Teatro dal Verme, il <strong>Sistema in Lombardia<\/strong> e <strong>I<\/strong> <strong>Pomeriggi Musicali<\/strong>, nell\u2019ambito appunto del progetto <strong><em>Vincere da Grandi<\/em> <\/strong>promosso dal <strong>Gioco del Lotto<\/strong>, offrono un\u2019intera giornata alla <strong>musica<\/strong> e ai <strong>giovani<\/strong>. Dalle ore 11:00 alle ore 15.30 l\u2019open day <strong><em>A Nuclei uniti<\/em><\/strong> vedr\u00e0 protagonisti i piccoli musicisti dei <strong>Nuclei di Zona, <\/strong>coordinati da Pilar Bravo, e della <strong>PYO-Pasquinelli Young Orchestra, <\/strong>diretta da Carlo Taffuri. Tutte le famiglie possono assistere ai diversi momenti musicali che si susseguiranno con coro e orchestra, per i quali l\u2019ingresso \u00e8 libero. La giornata culminer\u00e0 alle ore 17:00 proprio con i celebri <em>Carmina Burana<\/em>.<\/p>\n<p><strong>FUTURORCHESTRA<\/strong><\/p>\n<p>L\u2019orchestra giovanile FuturOrchestra costituisce uno dei gruppi orchestrali e corali del Sistema delle orchestre e dei cori giovanili e infantili in Lombardia, nel quadro del Sistema musicale avviato in Italia su iniziativa del M\u00b0 Claudio Abbado. Questa rete di aggregazione culturale direttamente si ispira al modello di El Sistema creato da Jos\u00e9 Antonio Abreu in Venezuela, una realt\u00e0 che rappresenta uno straordinario modello di integrazione sociale attraverso l\u2019educazione musicale collettiva, oggi diffuso in pi\u00f9 di senssanta paesi. In Lombardia, sono ad oggi pi\u00f9 di mille i giovani coinvolti nelle attivit\u00e0 musicali dei sei nuclei aderenti al Sistema e dei due nuclei sperimentali, mentre altri cinque nuclei sono in via di costituzione. In particolare, FuturOrchestra raduna gli strumentisti dei nuclei dai 12 ai 22 anni, ai vari livelli di preparazione, da quella di base alla pi\u00f9 avanzata, e ha costituito la prima realizzazione progettuale stabile nell\u2019ambito del Sistema in Lombardia, seguita dalla costituzione della PYO-Pasquinelli Young Orchestra, con bambini dagli 8 ai 12 anni, e dal Coro SONG. Tali compagini sono l\u2019espressione delle attivit\u00e0 di convergenza dei nuclei, la cui aperta collaborazione costituisce uno degli aspetti fondanti di tutto il Sistema. FuturOrchestra ha debuttato a Milano nel maggio 2011 con Daniele Rustioni, in occasione della prima raccolta di strumenti <em>Costruire con la musica<\/em> (in collaborazione con Music fund e Teatro alla Scala). Un calendario di appuntamenti pubblici scandisce il percorso didattico di FuturOrchestra, intrecciato a iniziative di solidariet\u00e0 sociale: a questa attivit\u00e0 si \u00e8 ispirato il premio Nobel Dario Fo per la creazione di un grande trittico di scenografie dedicato alla musica e i giovani. Tra gli appuntamenti di rilievo si ricordano il concerto del maggio 2012 al Teatro degli Arcimboldi di Milano, con l\u2019autorevole direzione di Ennio Morricone, e il concerto dell\u2019ottobre 2012, nuovamente con la direzione del M\u00b0 Morricone e di Alessandro Cadario, collaboratore stabile nella preparazione e sviluppo dell\u2019orchestra insieme a Pietro Mianiti. Inoltre, FuturOrchestra \u00e8 stata presente sotto la direzione del venezuelano Manuel L\u00f3pez-G\u00f3mez nella stagione dell\u2019Orchestra I Pomeriggi Musicali, che ospitano ogni anno la compagine giovanile. Di grande prestigio anche l\u2019invito al Festival di Primavera 2014 organizzato dalla Feniarco, e alle manifestazioni per il 150\u00b0 anniversario della Societ\u00e0 del Quartetto di Milano. Solisti quali Gabriele Cassone, Enrico Dindo, Jeffrey Swann e Maurizio Zanini, che condividono gli scopi del Sistema, hanno affiancato la crescita artistica di FuturOrchestra. La stagione 2014\/2015 si \u00e8 aperta il 26 settembre al Castello Sforzesco di Milano nell\u2019ambito dell\u2019iniziativa organizzata dalla Fondazione Con il Sud; il 28 settembre si \u00e8 tenuta la terza esibizione a Cremona Mondomusica; il 29 ottobre e il 3 dicembre il Teatro Coccia di Novara ha presentato due diversi programmi, e il 12 dicembre a Milano FuturOrchestra ha nuovamente partecipato all\u2019evento commemorativo della Strage di Piazza Fontana con la direzione di Alessandro Cadario; al Teatro Dal Verme di Milano, ha suonato durante la seconda Settimana del Sistema in Lombardia nel novembre 2014 diretta da Pietro Mianiti.<\/p>\n<p>&nbsp;<\/p>\n<p><strong>CORO SONG<\/strong><\/p>\n<p>Il Coro SONG della Lombardia, coordinato da Pilar Bravo, \u00e8 aperto alle varie realt\u00e0 regionali che condividono le prospettive pedagogiche del Sistema. Ha debuttato nel 2012, sotto la direzione di Dario Grandini, accanto a FuturOrchestra in occasione di un concerto al Teatro degli Arcimboldi di Milano. Periodicamente, il Coro si riunisce per le prove e i laboratori organizzati in fasce d\u2019et\u00e0 nella sede di Milano e presso i vari Nuclei aderenti e sperimentali. La sezione delle voci bianche fa parte del progetto Coro Mani Bianche della Lombardia, destinato all\u2019inclusione di bambini con abilit\u00e0 speciali sul modello dell\u2019omonimo coro venezuelano che accoglie bambini sordi e disabili, esempio di inclusione sociale attraverso la musica. Nel 2014 si \u00e8 avviata la collaborazione con Feniarco-Federazione Nazionale delle Associazioni Corali Regionali per l\u2019esecuzione dei Carmina Burana di Carl Orff con il Coro Giovanile Italiano per i 150 anni della Societ\u00e0 del Quartetto di Milano, e nell\u2019ambito del Festival Guido Cantelli promosso dall\u2019Associazione Vittorio Cocito al Teatro Coccia di Novara. Al Coro SONG aderiscono in queste occasioni i Nuclei L\u2019Albero della Musica, L\u2019altramusica e ICM- Insieme Con la Musica, le Voci Bianche della Corale Arnatese, il Coro Hebel del Liceo Legnani di Saronno, la Scuola Ilaria Alpi, il coro Adusai oltre a quello dell\u2019Educandato Setti Carraro di Milano, i cori G, XG e I Giovani Cantori di Torino, il Varese Vocal Ensemble. La ricchezza della proposta didattica del Coro SONG \u00e8 quella di aver instaurato un metodo di lavoro collettivo tra i docenti dei diversi Nuclei: una realt\u00e0 dove la direzione musicale \u00e8 condivisa sia durante le prove sia nei concerti, affinch\u00e9 il gruppo si nutra delle diversit\u00e0 e delle competenze di ogni insegnante.<\/p>\n<p>&nbsp;<\/p>\n<p><strong>CORI GIOVANILI FENIARC<\/strong><strong>O<\/strong><\/p>\n<p>Feniarco \u00e8 la Federazione Nazionale Italiana che riunisce le Associazioni Corali di tutte le regioni italiane e delle province autonome di Trento e Bolzano. Dal 1984, anno della sua nascita, la Federazione \u00e8 cresciuta diffondendosi in tutto il territorio nazionale fino a rappresentare oggi tutte le regioni. Emblema della coralit\u00e0 italiana, la Federazione raccoglie attorno a s\u00e9 duemilasettecento cori associati con decine di migliaia di cantori, musicisti e collaboratori che offrono musica e cultura tramite le migliaia di concerti, festival, corsi di formazione, convegni e incontri organizzati soprattutto nei luoghi meno praticati dalla cultura istituzionale; possiamo stimare in venticinquemila i concerti offerti nell\u2019arco di un anno. Feniarco opera ormai da trent\u2019anni ed \u00e8 presente su tutto il territorio nazionale mettendo in rete il mondo corale italiano, tramite le associazioni regionali corali. Feniarco \u00e8 un\u2019associazione di secondo grado, non profit e iscritta all\u2019Albo Nazionale delle APS &#8211; Associazioni di Promozione Sociale ed \u00e8 l\u2019unica federazione rappresentativa della coralit\u00e0 italiana.<\/p>\n<p><strong>BIGLIETTI<\/strong><\/p>\n<p><strong>Interi<\/strong><\/p>\n<p>Primo Settore (Platea, dalla fila 1 alla 30): <strong>\u20ac 19,00 <\/strong>+ prevendita<\/p>\n<p>Secondo Settore (Platea, dalla fila 31 alla 40): <strong>\u20ac 13,50 <\/strong>+ prevendita<\/p>\n<p>Balconata: <strong>\u20ac 10,50 <\/strong>+ prevendita<\/p>\n<p>&nbsp;<\/p>\n<p><strong>Ridotti <\/strong>(Giovani under 26; Anziani over 60; Cral; Ass.<\/p>\n<p>Culturali, Biblioteche; Gruppi; Scuole e Universit\u00e0)<\/p>\n<p>Primo Settore (Platea, dalla fila 1 alla fila 30) <strong>\u20ac 15,00 <\/strong>+ prevendita<\/p>\n<p>Secondo Settore (Platea, dalla fila 31 alla fila 40) <strong>\u20ac 11,50 <\/strong>+ prevendita<\/p>\n<p>Balconata <strong>\u20ac 8,50 <\/strong>+ prevendita<\/p>\n<p><strong>Biglietteria TicketOne <\/strong><\/p>\n<p><strong>Teatro<\/strong> <strong>Dal Verme <\/strong><\/p>\n<p>Via San Giovanni Sul Muro, 2 \u2013 20121 Milano<\/p>\n<p>Tel. 02 87.905.201<\/p>\n<p>dal marted\u00ec al sabato dalle 11.00 alle 18.00<\/p>\n<p><strong>\u00a0<\/strong><\/p>\n<p><a href=\"http:\/\/www.ipomeriggi.it\/\">www.ipomeriggi.it<\/a><\/p>\n<p><a href=\"http:\/\/www.ipomeriggi.it\/facebook\">www.ipomeriggi.it\/facebook<\/a><\/p>\n<p><a href=\"http:\/\/www.ipomeriggi.it\/youtube\">www.ipomeriggi.it\/youtube<\/a><\/p>\n<p>&nbsp;<\/p>\n<p><strong>\u00a0<\/strong><\/p>\n","protected":false},"excerpt":{"rendered":"<p>71\u00aa STAGIONE SINFONICA ORCHESTRA I POMERIGGI MUSICALI Direttore Artistico, M\u00b0 Maurizio Salerno Sabato 21 novembre, ore 17.00 Teatro Dal Verme Via San Giovanni sul Muro 2 \u2013 Milano Soprano:\u00a0Ivanna Speranza Tenore: Gian Luca Pasolini Baritono: Gabriele Ribis Coro Song e Cori Giovanili Feniarco Direttore del coro: Carlo Pavese Direttore: Alessandro Cadario FuturOrchestra Carl Orff Carmina &hellip; <a href=\"https:\/\/www.gdapress.it\/it\/index.php\/54659\/musica\/orchestra-i-pomeriggi-musicali-futurorchestra.html\" class=\"more-link\">Read more <span class=\"screen-reader-text\">ORCHESTRA I POMERIGGI MUSICALI FUTURORCHESTRA<\/span><\/a><\/p>\n","protected":false},"author":3,"featured_media":0,"comment_status":"closed","ping_status":"open","sticky":false,"template":"","format":"standard","meta":{"footnotes":""},"categories":[19],"tags":[14096,14296,1568],"class_list":["post-54659","post","type-post","status-publish","format-standard","hentry","category-musica","tag-futurorchestra","tag-i-pomeriggi-musicali","tag-orchestra"],"_links":{"self":[{"href":"https:\/\/www.gdapress.it\/it\/index.php\/wp-json\/wp\/v2\/posts\/54659","targetHints":{"allow":["GET"]}}],"collection":[{"href":"https:\/\/www.gdapress.it\/it\/index.php\/wp-json\/wp\/v2\/posts"}],"about":[{"href":"https:\/\/www.gdapress.it\/it\/index.php\/wp-json\/wp\/v2\/types\/post"}],"author":[{"embeddable":true,"href":"https:\/\/www.gdapress.it\/it\/index.php\/wp-json\/wp\/v2\/users\/3"}],"replies":[{"embeddable":true,"href":"https:\/\/www.gdapress.it\/it\/index.php\/wp-json\/wp\/v2\/comments?post=54659"}],"version-history":[{"count":1,"href":"https:\/\/www.gdapress.it\/it\/index.php\/wp-json\/wp\/v2\/posts\/54659\/revisions"}],"predecessor-version":[{"id":54660,"href":"https:\/\/www.gdapress.it\/it\/index.php\/wp-json\/wp\/v2\/posts\/54659\/revisions\/54660"}],"wp:attachment":[{"href":"https:\/\/www.gdapress.it\/it\/index.php\/wp-json\/wp\/v2\/media?parent=54659"}],"wp:term":[{"taxonomy":"category","embeddable":true,"href":"https:\/\/www.gdapress.it\/it\/index.php\/wp-json\/wp\/v2\/categories?post=54659"},{"taxonomy":"post_tag","embeddable":true,"href":"https:\/\/www.gdapress.it\/it\/index.php\/wp-json\/wp\/v2\/tags?post=54659"}],"curies":[{"name":"wp","href":"https:\/\/api.w.org\/{rel}","templated":true}]}}