
{"id":54596,"date":"2015-11-12T09:03:32","date_gmt":"2015-11-12T07:03:32","guid":{"rendered":"http:\/\/www.gdapress.it\/it\/?p=54596"},"modified":"2015-11-12T09:03:32","modified_gmt":"2015-11-12T07:03:32","slug":"al-cortile-nato-per-expo2015-continua-e-cambia-format","status":"publish","type":"post","link":"https:\/\/www.gdapress.it\/it\/index.php\/54596\/enogastronomia\/al-cortile-nato-per-expo2015-continua-e-cambia-format.html","title":{"rendered":"&#8220;Al Cortile&#8221; nato per Expo2015 continua e cambia format!"},"content":{"rendered":"<table id=\"ecxtemplateBody\" border=\"0\" width=\"600\" cellspacing=\"0\" cellpadding=\"0\">\n<tbody>\n<tr>\n<td class=\"ecxbodyContainer\" valign=\"top\">\n<table class=\"ecxmcnTextBlock\" border=\"0\" width=\"100%\" cellspacing=\"0\" cellpadding=\"0\">\n<tbody class=\"ecxmcnTextBlockOuter\">\n<tr>\n<td class=\"ecxmcnTextBlockInner\" valign=\"top\">\n<table class=\"ecxmcnTextContentContainer\" border=\"0\" width=\"100%\" cellspacing=\"0\" cellpadding=\"0\" align=\"left\">\n<tbody>\n<tr>\n<td class=\"ecxmcnTextContent\" valign=\"top\">\n<div><a href=\"http:\/\/www.gdapress.it\/it\/..\/public\/it\/2015\/11\/2208553b-9651-44b4-8208-02720ddda73f.png\"><img loading=\"lazy\" decoding=\"async\" class=\"alignnone size-medium wp-image-54597\" src=\"http:\/\/www.gdapress.it\/it\/..\/public\/it\/2015\/11\/2208553b-9651-44b4-8208-02720ddda73f-300x224.png\" alt=\"2208553b-9651-44b4-8208-02720ddda73f\" width=\"300\" height=\"224\" srcset=\"https:\/\/www.gdapress.it\/it\/..\/public\/it\/2015\/11\/2208553b-9651-44b4-8208-02720ddda73f-300x224.png 300w, https:\/\/www.gdapress.it\/it\/..\/public\/it\/2015\/11\/2208553b-9651-44b4-8208-02720ddda73f-500x373.png 500w, https:\/\/www.gdapress.it\/it\/..\/public\/it\/2015\/11\/2208553b-9651-44b4-8208-02720ddda73f-900x672.png 900w, https:\/\/www.gdapress.it\/it\/..\/public\/it\/2015\/11\/2208553b-9651-44b4-8208-02720ddda73f.png 1754w\" sizes=\"auto, (max-width: 300px) 100vw, 300px\" \/><\/a>\u00a0<a href=\"http:\/\/www.gdapress.it\/it\/..\/public\/it\/2015\/11\/2e5770c1-b982-47ce-a307-d5a11da67435.png\"><img loading=\"lazy\" decoding=\"async\" class=\"alignnone size-full wp-image-54598\" src=\"http:\/\/www.gdapress.it\/it\/..\/public\/it\/2015\/11\/2e5770c1-b982-47ce-a307-d5a11da67435.png\" alt=\"2e5770c1-b982-47ce-a307-d5a11da67435\" width=\"200\" height=\"200\" srcset=\"https:\/\/www.gdapress.it\/it\/..\/public\/it\/2015\/11\/2e5770c1-b982-47ce-a307-d5a11da67435.png 200w, https:\/\/www.gdapress.it\/it\/..\/public\/it\/2015\/11\/2e5770c1-b982-47ce-a307-d5a11da67435-150x150.png 150w, https:\/\/www.gdapress.it\/it\/..\/public\/it\/2015\/11\/2e5770c1-b982-47ce-a307-d5a11da67435-144x144.png 144w\" sizes=\"auto, (max-width: 200px) 100vw, 200px\" \/><\/a><\/div>\n<div><strong>Food Genius Academy<\/strong>, scuola di formazione professionale di Alta Cucina, dall\u2019inizio di maggio e per tutto il periodo di Expo 2015, si \u00e8 trasformata in un ristorante dallo stile un po retr\u00f2 grazie agli arredi firmati <strong>100 FA Allestimenti Vintage<\/strong>, in partnership con <strong>Aromicreativi<\/strong> e<strong>Rossi&amp;Bianchi<\/strong>, che stanno curando la comunicazione e l\u2019ufficio stampa. Da novembre il progetto continua dal mercoled\u00ec al sabato, dalle 19.00 alle 2.00, con il classico <strong>Tapas&amp;Cocktail<\/strong>, ma non solo!<\/p>\n<p>Al Cortile e la Food Genius Academy danno vita ad uno spazio totalmente a disposizione del cliente, che <strong>ogni gioved\u00ec, dalle 19.00 alle 21.00<\/strong>, potr\u00e0 vivere un\u2019esperienza unica con il nostro speciale aperitivo \u201c<strong>Tapas Live Cooking<\/strong>\u201d. Le tapas verranno preparate live dai nostri genius chef, che gli ospiti potranno osservare all\u2019opera entrando direttamente in cucina e dando il proprio giudizio sugli assaggi offerti dagli chef. Non uno dei soliti aperitivi quindi, ma un\u2019esperienza per vivere a 360\u00b0 un locale multifunzionale come il nostro. E il Tucci? Lo trovate come sempre dietro il bancone pronto a consigliarvi e farvi provare i suoi famosi cocktail!<br \/>\nIl primo appuntamento con il Tapas Live Cooking \u00e8 per <strong>gioved\u00ec 12 novembre, dalle 19.00 alle 21.00<\/strong>, segnatelo in agenda!<\/p>\n<p><strong>Le tapas:<\/strong><br \/>\n<em>Ravioli, taleggio, topinambur e cavolo romano<br \/>\nTartare d&#8217;autunno<br \/>\nVellutata di cipolle bianche, scamorza affumicata e pane nero<br \/>\nInsalata Invernale in scatola<br \/>\nStrozzapreti luganega, finocchio, carciofi e zafferano<br \/>\nSpatola, caponata e cipolla in agrodolce<br \/>\nLe carni e il loro brodo<br \/>\nBaccal\u00e0 patate e peperoni<br \/>\nAgnello nel latte<br \/>\nSpezzatino alla Guinness<br \/>\nCoccole di novembre<br \/>\nPiccola pasticceria<\/em><em>\u00a0<\/em><\/p>\n<p>E non finisce qui: dal 16 novembre si riparte con la terza edizione del <strong>Corso Professionale di Management di Sala<\/strong>, <a href=\"http:\/\/rossiebianchi.us3.list-manage.com\/track\/click?u=b3a938190b5380693167a35df&amp;id=6bd6d5d28c&amp;e=55e516c6a0\" target=\"_blank\">qui<\/a> tutti i dettagli; mentre dal 22 novembre tornano a grande richiesta, per 4 domeniche, i <strong>Corsi Amatoriali <\/strong>nelle fasce orarie 10.00-13.00 e 17.00-20.00, ogni corso prevede l\u2019attivit\u00e0 di preparazione dei piatti con i nostri resident chef e si conclude con un pranzo\/cena, dove ogni partecipante potr\u00e0 ospitare una persona per il pasto finale.<br \/>\nEcco il programma dei Corsi Amatoriali<\/p>\n<p><strong>22 Novembre \u2013 Corso \u201cRisi e Risotti\u201d<\/strong><br \/>\n<em>Risotto alla milanese con midollo<\/em><br \/>\n<em>Riso venere con verdure croccanti <\/em><br \/>\n<em>Riso patate e cozza<\/em><\/p>\n<p><strong>29 Novembre &#8211; Corso &#8220;Pasta fresca&#8221;<\/strong><br \/>\n<em>Ravioli di ricotta e spinaci burro francese e salvia <\/em><br \/>\n<em>Lasagnetta al rag\u00f9 bianco e erbe aromatiche <\/em><br \/>\n<em>Strozzapreti alle 3 consistenze di melanzane<\/em><\/p>\n<p><strong>6 Dicembre \u2013 Corso \u201cPanificazione Gourmet\u201d (sar\u00e0 attiva solo la fascia oraria del pranzo 10.00-13.00) <\/strong><br \/>\n<em>Pani conditi alle olive taggiasche, ai pomodorini secchi, al nero di seppia <\/em><br \/>\n<em>Grissini e cracker <\/em><br \/>\n<em>Focacce classiche e speciali <\/em><br \/>\n<em>Farciture di pani e\u00a0 focacce <\/em><\/p>\n<p><strong>13 Dicembre &#8211; Corso &#8220;Menu Di Natale&#8221; <\/strong><br \/>\n<em>Panettone gastronomico con farcite originali <\/em><br \/>\n<em>Tortellini crema parmigiano e salvia fritta <\/em><br \/>\n<em>Cappone ripieno arrosto e\u00a0 patate saporite \u00a0\u00a0\u00a0\u00a0\u00a0\u00a0\u00a0\u00a0\u00a0\u00a0\u00a0\u00a0 <\/em><br \/>\n<em>Semifreddo all&#8217;amaretto con cialdini salsa al cioccolato<\/em><\/p>\n<div>\n[Prezzo per ogni corso: 90.00\u20ac, ridotto del 10% per il network clienti tesserati di ALCORTILE e studenti FGA; \u00e8 possibile inoltre acquistare in promozione un PACCHETTO di 4 lezioni ad un prezzo scontato di 280\u20ac invece di 360\u20ac]<\/div>\n<p>Domenica <strong>20 dicembre<\/strong> Al Cortile si trasforma per un <strong>Mercatino di Natale<\/strong> davvero speciale, stay tuned per maggiori dettagli! Al Cortile vi terr\u00e0 compagnia durante tutto il periodo natalizio, con le uniche chiusure nei giorni 24-25-26 di dicembre.<\/p>\n<p><strong>Per prenotazioni<\/strong>:<br \/>\nAl Cortile c\/o Food Genius Academy<br \/>\n+39.02.8909.3079<br \/>\nvia Giovenale, 7 \u2013 20136 \u00a0Milano<br \/>\nPossibilit\u00e0 di parcheggio interno fino a esaurimento posti con avviso telefonico<\/p>\n<hr \/>\n<p><strong>\u00a0<\/strong><\/p>\n<p><strong>Al Cortile<\/strong> ideato e realizzato grazie alla direttrice della scuola <strong>Desir\u00e9e Nardone<\/strong>, grazie ad un forte impegno ed incrollabile costanza, \u00e8 l\u2019esempio concreto dell\u2019applicazione del metodo di apprendimento \u201clearning by doing\u201d: i migliori alunni del corso Alta Cucina Italia e Pasticceria, dopo aver concluso il loro percorso di studi, entreranno a far parte della brigata di cucina del ristorante, mentre i migliori studenti del corso Management di Sala e Cantina, insieme al ma\u00eetre Roberto Rizzo, ex maitre del ristorante Gastronomico di Palazzo Parigi e del Trussardi alla Scala,saranno preposti al servizio in sala. I cocktail e il food pairing saranno curati da Franco \u201cTucci\u201d Ponti, che dopo diverse esperienze tra Parigi, Londra, New York e LA, \u00e8 il barman consulente di \u201c Al Cortile\u201d. L\u2019ingresso del Bio Temporary Restaurant sar\u00e0 da <strong>via Giovenale 7<\/strong>, con possibilit\u00e0 di parcheggio.<\/p>\n<p><strong>Programma<\/strong>: Al Cortile \u00e8 aperto <strong>dal mercoled\u00ec alla domenica<\/strong> dalle 19.00 alle 2.00, con cucina aperta fino alle ore 23.30 con un connubio tra cocktail e le tapas gourmet della brigata di Al Cortile. Il men\u00f9 delle tapas gourmet varia ogni mese, con una proposta in pi\u00f9 per ogni settimana.<br \/>\nInteressanti anche le creazioni beverine anche per la sera e il dopocena\u00a0 al \u201cCorten\u201d Bar, cos\u00ec chiamato per il particolare acciaio di cui \u00e8 realizzato e presieduto dal geniale barman.<\/p>\n<p><strong>100 FA Allestimenti Vintage<\/strong>, specializzati nella vendita e nel noleggio di allestimenti, collaborano con grandi aziende, anche attraverso stylist, architetti e scenografi. Inoltre si occupano di arredamento per la casa, con mobili importati direttamente dalla Francia, che spaziano dal provenzale, al bureaux, ai mobili da mestiere ed industriali, provenienti da fabbriche dismesse. La sede \u00e8 in un loft con laboratorio di restauro a Milano.<\/p>\n<p><strong>Aromicreativi<\/strong>\u00a0\u00e8 un&#8217;agenzia di comunicazione specializzata nel settore\u00a0food e lifestyle, con un importante know how acquisito negli anni al fianco di grandi chef stellati e come media partner di prestigiosi eventi food.\u00a0 Un&#8217;agenzia in grado di creare un piano di comunicazione integrato e coordinato, utilizzando differenti strumenti e mezzi: ufficio stampa, social media marketing, shooting fotografici e video, progettazione e realizzazione web, studio e definizione di identit\u00e0 grafica. All&#8217;attivit\u00e0 di agenzia, affianca la creazione di progetti e format legati allo stesso mondo in cui opera quotidianamente. <a href=\"http:\/\/rossiebianchi.us3.list-manage.com\/track\/click?u=b3a938190b5380693167a35df&amp;id=71b420930a&amp;e=55e516c6a0\" target=\"_blank\">www.aromicreativi.com<\/a><\/p>\n<p><strong>Electrolux<\/strong>\u00a0\u00e8 un leader globale nel settore degli elettrodomestici e delle apparecchiature per uso professionale, vendendo ogni anno oltre 50 milioni di prodotti ai consumatori di pi\u00f9 di 150 paesi. L\u2019azienda offre soluzioni innovative, dal design attento e accurato, sviluppato in base ad approfondite ricerche per incontrare i desideri dei consumatori e dei professionisti. I prodotti Electrolux comprendono frigoriferi, lavastoviglie, lavabiancheria, apparecchiature per la cucina, condizionatori, aspirapolvere e piccoli elettrodomestici, tutti venduti con marchi prestigiosi come Electrolux, AEG, Zanussi e Frigidaire. <a href=\"http:\/\/rossiebianchi.us3.list-manage.com\/track\/click?u=b3a938190b5380693167a35df&amp;id=881dece6ab&amp;e=55e516c6a0\" target=\"_blank\">www.electrolux.it<\/a><\/p>\n<p><strong>Nespresso<\/strong>, leader di mercato nel settore del caff\u00e8 porzionato di qualit\u00e0, propone per il canale Out of Home macchine, caff\u00e8 e servizi pensati per rispondere alle esigenze dei professionisti della ristorazione. Undici miscele Grand Cru uniche per paesi d\u2019origine, aromi ed intensit\u00e0, create per deliziare i consumatori fuori casa e supportare la creativit\u00e0 degli chef pi\u00f9 attenti. Tra le macchine professionali, AGUILA &#8211; la nuova stazione di caffetteria gourmet superautomatica &#8211; \u00e8 un concentrato di innovazione tecnologica e funzionalit\u00e0 per preparare ricette a base di caff\u00e8 personalizzate, calde e fredde, con la semplice pressione di un tasto. <a href=\"http:\/\/rossiebianchi.us3.list-manage.com\/track\/click?u=b3a938190b5380693167a35df&amp;id=9d928e2b25&amp;e=55e516c6a0\" target=\"_blank\">www.nespresso.com<\/a><\/p>\n<p><strong>Rossi&amp;Bianchi <\/strong>\u00e8 un\u2019agenzia di comunicazione ed eventi formata da professionisti con un solido background in marketing e comunicazione, sommelier, degustatori di birra e appassionati del mondo del Food&amp;Beverage. Con oltre 10 anni di specializzazione, passione e competenza, Rossi&amp;Bianchi si propone di creare progetti tagliati su misura per i suoi clienti con attivit\u00e0 di: organizzazione eventi, marketing e comunicazione, ufficio stampa, social media marketing.<a href=\"http:\/\/rossiebianchi.us3.list-manage.com\/track\/click?u=b3a938190b5380693167a35df&amp;id=37b55fd2be&amp;e=55e516c6a0\" target=\"_blank\">www.rossiebianchi.com<\/a><\/p>\n<\/div>\n<\/td>\n<\/tr>\n<\/tbody>\n<\/table>\n<\/td>\n<\/tr>\n<\/tbody>\n<\/table>\n<\/td>\n<\/tr>\n<\/tbody>\n<\/table>\n<table id=\"ecxtemplateFooter\" border=\"0\" width=\"600\" cellspacing=\"0\" cellpadding=\"0\">\n<tbody>\n<tr>\n<td class=\"ecxfooterContainer\" valign=\"top\"><\/td>\n<\/tr>\n<\/tbody>\n<\/table>\n","protected":false},"excerpt":{"rendered":"<p>\u00a0 Food Genius Academy, scuola di formazione professionale di Alta Cucina, dall\u2019inizio di maggio e per tutto il periodo di Expo 2015, si \u00e8 trasformata in un ristorante dallo stile un po retr\u00f2 grazie agli arredi firmati 100 FA Allestimenti Vintage, in partnership con Aromicreativi eRossi&amp;Bianchi, che stanno curando la comunicazione e l\u2019ufficio stampa. Da &hellip; <a href=\"https:\/\/www.gdapress.it\/it\/index.php\/54596\/enogastronomia\/al-cortile-nato-per-expo2015-continua-e-cambia-format.html\" class=\"more-link\">Read more <span class=\"screen-reader-text\">&#8220;Al Cortile&#8221; nato per Expo2015 continua e cambia format!<\/span><\/a><\/p>\n","protected":false},"author":3,"featured_media":0,"comment_status":"closed","ping_status":"open","sticky":false,"template":"","format":"standard","meta":{"footnotes":""},"categories":[20],"tags":[15018,9848,17],"class_list":["post-54596","post","type-post","status-publish","format-standard","hentry","category-enogastronomia","tag-al-cortile","tag-expo2015","tag-milano"],"_links":{"self":[{"href":"https:\/\/www.gdapress.it\/it\/index.php\/wp-json\/wp\/v2\/posts\/54596","targetHints":{"allow":["GET"]}}],"collection":[{"href":"https:\/\/www.gdapress.it\/it\/index.php\/wp-json\/wp\/v2\/posts"}],"about":[{"href":"https:\/\/www.gdapress.it\/it\/index.php\/wp-json\/wp\/v2\/types\/post"}],"author":[{"embeddable":true,"href":"https:\/\/www.gdapress.it\/it\/index.php\/wp-json\/wp\/v2\/users\/3"}],"replies":[{"embeddable":true,"href":"https:\/\/www.gdapress.it\/it\/index.php\/wp-json\/wp\/v2\/comments?post=54596"}],"version-history":[{"count":1,"href":"https:\/\/www.gdapress.it\/it\/index.php\/wp-json\/wp\/v2\/posts\/54596\/revisions"}],"predecessor-version":[{"id":54599,"href":"https:\/\/www.gdapress.it\/it\/index.php\/wp-json\/wp\/v2\/posts\/54596\/revisions\/54599"}],"wp:attachment":[{"href":"https:\/\/www.gdapress.it\/it\/index.php\/wp-json\/wp\/v2\/media?parent=54596"}],"wp:term":[{"taxonomy":"category","embeddable":true,"href":"https:\/\/www.gdapress.it\/it\/index.php\/wp-json\/wp\/v2\/categories?post=54596"},{"taxonomy":"post_tag","embeddable":true,"href":"https:\/\/www.gdapress.it\/it\/index.php\/wp-json\/wp\/v2\/tags?post=54596"}],"curies":[{"name":"wp","href":"https:\/\/api.w.org\/{rel}","templated":true}]}}