
{"id":54549,"date":"2015-11-04T13:28:15","date_gmt":"2015-11-04T11:28:15","guid":{"rendered":"http:\/\/www.gdapress.it\/it\/?p=54549"},"modified":"2015-11-09T13:32:12","modified_gmt":"2015-11-09T11:32:12","slug":"riccardo-chailly-filarmonica-della-scala-stagione-2015-2016","status":"publish","type":"post","link":"https:\/\/www.gdapress.it\/it\/index.php\/54549\/musica\/riccardo-chailly-filarmonica-della-scala-stagione-2015-2016.html","title":{"rendered":"Riccardo Chailly Filarmonica della Scala Stagione 2015-2016"},"content":{"rendered":"<p class=\"ecxMsoNormal\" align=\"center\">Riccardo Chailly dirige il concerto di luned\u00ec 9<\/p>\n<p class=\"ecxMsoNormal\" align=\"center\">Il violinista Julian Rachlin interpreta il concerto di Stravinskij<\/p>\n<p class=\"ecxMsoNormal\" align=\"center\">Cento biglietti gratuiti per la prova riservati agli Under 25 distribuiti il 5 e 6 novembre<\/p>\n<p class=\"ecxMsoNormal\">La Terza Sinfonia di Rachmaninov sostituisce le previste <i>Danze Sinfoniche<\/i> nel programma del concerto di <b>luned\u00ec<\/b> <b>9 novembre 2015<\/b>, inaugurazione della stagione 2015-2016 della Filarmonica della Scala. <b>Riccardo Chailly, <\/b>presenza costante nelle stagioni dell\u2019orchestra fin dal 1991 con oltre 70 concerti all\u2019attivo, sale sul podio della Filarmonica per dirigere l\u2019Introduzione e Passacaglia <i>Lauda Sion Salvatorem <\/i>di Maderna, opera giovanile raramente eseguita del compositore veneziano e il Concerto per violino di Igor Stravinskij, eseguito in questa occasione dal solista <b>Julian Rachlin<\/b>. Il violinista, gi\u00e0 ospite della Filarmonica con Sawallish nel 1993 e nel 1997, torna a esibirsi al Teatro alla Scala dopo essere stato protagonista dei concerti in tourn\u00e9e a Linz e Stoccarda con Harding nel 2011 e un\u2019intensa carriera internazionale. Nella seconda parte del concerto, Chailly diriger\u00e0 la Sinfonia n. 3 in la minore op. 44 di Sergej Rachmaninov, al posto delle <i>Danze Sinfoniche<\/i> op. 45. La Terza Sinfonia torna sui leggii dell\u2019orchestra dopo il concerto del 2007 diretto da Lorin Maazel con un programma interamente dedicato a Rachmaninov.<\/p>\n<p class=\"ecxMsoNormal\">La sera precedente, <b>domenica 8 novembre alle 19.30, Chailly dirige la Prova Aperta<\/b> <b>gratuita<\/b> dedicata alla citt\u00e0 e guida il pubblico all\u2019ascolto del programma. Gli inviti per la serata saranno distribuiti dall\u2019Assessorato alle Politiche Sociali del Comune di Milano e riservati agli utenti dei Servizi Sociali, una parte sar\u00e0 distribuita dal Servizio Promozione Culturale del Teatro alla Scala e da ViviMilano, Media Partner dell\u2019iniziativa. <b>100 biglietti gratuiti per la Prova Aperta saranno riservati a giovani Under 25<\/b> che potranno ritirare gli inviti presso gli uffici della Filarmonica della Scala (Piazza Diaz, 6) nei giorni 5 e 6 novembre, dalle 10 alle 17 (sar\u00e0 possibile ritirare al massimo 2 biglietti, esibendo\u00a0anche\u00a0il documento di identit\u00e0 dell&#8217;accompagnatore).<\/p>\n<p class=\"ecxMsoNormal\">Il concerto inaugurale assume un particolare significato nel rapporto tra Riccardo Chailly e la Filarmonica della Scala e segna l\u2019arrivo di una nuova era: dopo l\u2019annuncio del termine anticipato degli impegni con il Gewandhaus di Lipsia, e la nomina alla direzione dell\u2019Orchestra del Festival di Lucerna, Chailly inaugura un nuovo percorso con la Filarmonica, tra progetti discografici, concerti a Milano e tourn\u00e9e. \u201cLa mia ambizione \u00e8 di dare alla Filarmonica della Scala una riconoscibilit\u00e0 mondiale pi\u00f9 di quanto non ne abbia oggi\u201d aveva detto Chailly nella conferenza stampa di presentazione stagione Filarmonica, \u201cho chiesto ed ottenuto da Pereira che dal 2018 la Filarmonica abbia un periodo sabbatico da dedicare ai concerti all\u2019estero\u201d. Sar\u00e0 gi\u00e0 il 2016 a segnare il ritorno della Filarmonica sui principali palcoscenici internazionali, a partire da un\u2019importante tourn\u00e9e europea di dieci concerti, alcuni dei quali vedono la partecipazione di due pianisti d\u2019eccezione: <b>Daniil Trifonov<\/b> e <b>Martha Argherich<\/b>.<\/p>\n<p class=\"ecxMsoNormal\"><b>\u00a0<\/b><\/p>\n<p class=\"ecxMsoNormal\"><b>Domenica 8 novembre ore 19.30, Prova Aperta<\/b><\/p>\n<p class=\"ecxMsoNormal\">Teatro alla Scala<\/p>\n<p class=\"ecxMsoNormal\"><b>\u00a0<\/b><\/p>\n<p class=\"ecxMsoNormal\"><b>Filarmonica della Scala<\/b><\/p>\n<p class=\"ecxMsoNormal\"><b>Riccardo Chailly<\/b>, direttore<\/p>\n<p class=\"ecxMsoNormal\">Bruno Maderna, Introduzione e Passacaglia <i>Lauda Sion Salvatorem<\/i><\/p>\n<p class=\"ecxMsoNormal\">Sergej Rachmaninov, Sinfonia n. 3 in la minore op. 44<i><\/i><\/p>\n<p class=\"ecxMsoNormal\"><b>\u00a0<\/b><\/p>\n<p class=\"ecxMsoNormal\"><b>\u00a0<\/b><\/p>\n<p class=\"ecxMsoNormal\"><b>Lunedi 9 novembre ore 20, Concerto d\u2019inaugurazione stagione<\/b><\/p>\n<p class=\"ecxMsoNormal\">Teatro alla Scala<\/p>\n<p class=\"ecxMsoNormal\"><b>Filarmonica della Scala<\/b><\/p>\n<p class=\"ecxMsoNormal\"><b>Riccardo Chailly<\/b>, direttore<\/p>\n<p class=\"ecxMsoNormal\"><b>Julian Rachlin<\/b>, violino<span lang=\"EN-US\">\u2028<\/span><\/p>\n<p class=\"ecxMsoNormal\">Bruno Maderna, Introduzione e Passacaglia <i>Lauda Sion Salvatorem<\/i><\/p>\n<p class=\"ecxMsoNormal\">Igor Stravinskij, Concerto per violino<\/p>\n<p class=\"ecxMsoNormal\">Sergej Rachmaninov, Sinfonia n. 3 in la minore op. 44<i><\/i><\/p>\n<p class=\"ecxMsoNormal\"><i>\u00a0<\/i><\/p>\n<p class=\"ecxMsoNormal\"><b>\u00a0<\/b><\/p>\n<p class=\"ecxMsoNormal\"><b>Informazioni<\/b><\/p>\n<p class=\"ecxMsoNormal\">I biglietti sono in vendita sul sito <span class=\"ecxMsoHyperlink\"><a href=\"http:\/\/www.geticket.it\/\" target=\"_blank\">www.geticket.it<\/a><\/span> a partire dal 9 ottobre.<\/p>\n<p class=\"ecxMsoNormal\">Eventuali rimanenze saranno in vendita a partire dal gioved\u00ec precedente il concerto presso l\u2019Associazione Orchestra Filarmonica della Scala, Piazza Diaz, 6, dalle ore 10.00 alle ore 17.00 fino ad esaurimento.<\/p>\n<p class=\"ecxMsoNormal\">Prezzi: Posto unico Platea \u20ac 105,00; Palco \u20ac 85,00\/65,00; I Galleria \u20ac 25,00; II Galleria \u20ac 15,00; Ingressi \u20ac 5,00.<\/p>\n","protected":false},"excerpt":{"rendered":"<p>Riccardo Chailly dirige il concerto di luned\u00ec 9 Il violinista Julian Rachlin interpreta il concerto di Stravinskij Cento biglietti gratuiti per la prova riservati agli Under 25 distribuiti il 5 e 6 novembre La Terza Sinfonia di Rachmaninov sostituisce le previste Danze Sinfoniche nel programma del concerto di luned\u00ec 9 novembre 2015, inaugurazione della stagione &hellip; <a href=\"https:\/\/www.gdapress.it\/it\/index.php\/54549\/musica\/riccardo-chailly-filarmonica-della-scala-stagione-2015-2016.html\" class=\"more-link\">Read more <span class=\"screen-reader-text\">Riccardo Chailly Filarmonica della Scala Stagione 2015-2016<\/span><\/a><\/p>\n","protected":false},"author":3,"featured_media":0,"comment_status":"closed","ping_status":"open","sticky":false,"template":"","format":"standard","meta":{"footnotes":""},"categories":[19],"tags":[11773,16775,9670],"class_list":["post-54549","post","type-post","status-publish","format-standard","hentry","category-musica","tag-chailly","tag-rachmaninov","tag-sinfonia"],"_links":{"self":[{"href":"https:\/\/www.gdapress.it\/it\/index.php\/wp-json\/wp\/v2\/posts\/54549","targetHints":{"allow":["GET"]}}],"collection":[{"href":"https:\/\/www.gdapress.it\/it\/index.php\/wp-json\/wp\/v2\/posts"}],"about":[{"href":"https:\/\/www.gdapress.it\/it\/index.php\/wp-json\/wp\/v2\/types\/post"}],"author":[{"embeddable":true,"href":"https:\/\/www.gdapress.it\/it\/index.php\/wp-json\/wp\/v2\/users\/3"}],"replies":[{"embeddable":true,"href":"https:\/\/www.gdapress.it\/it\/index.php\/wp-json\/wp\/v2\/comments?post=54549"}],"version-history":[{"count":4,"href":"https:\/\/www.gdapress.it\/it\/index.php\/wp-json\/wp\/v2\/posts\/54549\/revisions"}],"predecessor-version":[{"id":54553,"href":"https:\/\/www.gdapress.it\/it\/index.php\/wp-json\/wp\/v2\/posts\/54549\/revisions\/54553"}],"wp:attachment":[{"href":"https:\/\/www.gdapress.it\/it\/index.php\/wp-json\/wp\/v2\/media?parent=54549"}],"wp:term":[{"taxonomy":"category","embeddable":true,"href":"https:\/\/www.gdapress.it\/it\/index.php\/wp-json\/wp\/v2\/categories?post=54549"},{"taxonomy":"post_tag","embeddable":true,"href":"https:\/\/www.gdapress.it\/it\/index.php\/wp-json\/wp\/v2\/tags?post=54549"}],"curies":[{"name":"wp","href":"https:\/\/api.w.org\/{rel}","templated":true}]}}