
{"id":54483,"date":"2015-11-07T09:23:10","date_gmt":"2015-11-07T07:23:10","guid":{"rendered":"http:\/\/www.gdapress.it\/it\/?p=54483"},"modified":"2015-11-07T09:23:10","modified_gmt":"2015-11-07T07:23:10","slug":"orchestra-i-pomeriggi-musicali-teatro-dal-verme-71a-stagione-sinfonica","status":"publish","type":"post","link":"https:\/\/www.gdapress.it\/it\/index.php\/54483\/musica\/orchestra-i-pomeriggi-musicali-teatro-dal-verme-71a-stagione-sinfonica.html","title":{"rendered":"Orchestra I Pomeriggi Musicali Teatro Dal Verme 71\u00aa STAGIONE SINFONICA"},"content":{"rendered":"<p><strong>71\u00aa STAGIONE SINFONICA<\/strong><\/p>\n<p><strong>ORCHESTRA I POMERIGGI MUSICALI<\/strong><\/p>\n<p><strong>Direttore Artistico, M\u00b0 Maurizio Salerno<\/strong><\/p>\n<p><strong>Stagione 2015-2016<\/strong><\/p>\n<p><strong>Sabato 7 novembre, ore 17.00<\/strong><\/p>\n<p><strong>Teatro Dal Verme<\/strong><\/p>\n<p><em>Via San Giovanni sul Muro 2 \u2013 Milano<\/em><\/p>\n<p>Direttore: <strong>G\u00e9rard Korsten<\/strong><\/p>\n<p><strong>Orchestra I Pomeriggi Musicali<\/strong><strong>\u00a0<\/strong><\/p>\n<p><strong>Beethoven,<\/strong> <em>Sinfonia n. 4, in Si bemolle maggiore, op. 60<br \/>\n<strong>Beethoven, <\/strong>Sinfonia n. 3, &#8220;Eroica&#8221;<\/em>, in Mi bemolle maggiore op. 55<\/p>\n<p>Primo appuntamento con i concerti delle orchestre ospiti nella 71\u00aa Stagione sinfonica dell\u2019Orchestra I Pomeriggi Musicali. Sabato sar\u00e0 l\u2019Orchestra di Padova e del Veneto a calcare il palcoscenico del Teatro Dal Verme alle ore 17:00.<\/p>\n<p>Un programma tutto dedicato al \u201cGenerale dei musicisti\u201d, la formazione veneta si esibisce infatti nella <strong><em>Sinfonia n. 4 <\/em><\/strong>e nella<strong><em> Sinfonia n. 3, \u201cEroica\u201d, <\/em><\/strong>di <strong>Ludwig van Beethoven.<\/strong> A dirigere l\u2019Orchestra \u00e8 il <strong>M\u00b0 <\/strong><strong>G\u00e9rard Korsten<\/strong><strong>.<\/strong><\/p>\n<p>Il prossimo appuntamento in stagione, in programma per gioved\u00ec 12 novembre alle ore 21:00, vedr\u00e0 protagonista l\u2019Orchestra da Camera di Mantova.<strong>\u00a0<\/strong><\/p>\n<p><strong>G\u00c9RARD KORSTEN<\/strong><strong>, direttore <\/strong><\/p>\n<p>Nato in Sudafrica, G\u00e9rard Korsten ha iniziato la sua carriera come violinista dopo aver studiato con Ivan Galamian al Curtis Institute e con S\u00e1ndor Vegh a Salisburgo. Proseguendo i suoi studi negli Stati Uniti ed in Europa, \u00e8 divenuto poi Violino principale e assistente del Direttore musicale della Camerata Salzburg e, pi\u00f9 tardi, Violino principale della Chamber Orchestra of Europe dal 1987 al 1996 quando lascia l\u2019orchestra per dedicarsi alla direzione d\u2019orchestra. G\u00e9rard Korsten \u00e8 attualmente Direttore musicale dei London Mozart Players e Direttore principale della Symphonieorchester Vorarlberg Bregenz. Nel recente passato \u00e8 stato Direttore principale del Teatro di Stato di Pretoria e della Uppsala Chamber Orchestra prima di essere nominato Direttore musicale dell\u2019Orchestra del Teatro Lirico di Cagliari dal 1999 al 2005. A Cagliari Korsten ha dato in prima esecuzione italiana <em>Die \u00e4gyptische Helena<\/em> di Richard Strauss, Euryanthe di Weber, <em>A Village Romeo and Juliet<\/em> di Delius e <em>Alfonso und Estrella<\/em> di Schubert, oltre alle produzioni di repertorio operistico come <em>Die Zauberfl\u00f6te<\/em>, <em>Don Giovanni<\/em>, <em>Lucia di Lammermoor<\/em>, <em>Carmen<\/em>, <em>Die Fledermaus, Tosca, Aida,<\/em> <em>Il barbiere di Siviglia<\/em> e <em>Don Pasquale<\/em>. G\u00e9rard Korsten \u00e8 stato ospite nei maggiori teatri d\u2019opera e sale da concerto in tutta l\u2019Europa tra I quali Teatro alla Scala di Milano (<em>Le nozze di Figaro<\/em>), Maggio Musicale Fiorentino (<em>Cos\u00ec fan tutte<\/em>), Teatro Regio di Parma (<em>La sonnambula<\/em>), Teatro Verdi di Trieste (<em>Don Pasquale<\/em> e <em>La fille du r\u00e9giment<\/em>), Op\u00e9ra de Lyon (<em>Ariadne auf Naxos, Henze\u2019s L\u2019Upupa und der Triumph der Sohnesliebe, Siegfried<\/em> e <em>La traviata<\/em>), Royal Swedish Opera (<em>Don Giovanni<\/em>), Netherlands Opera (<em>Cos\u00ec fan tutte<\/em>), English National Opera (<em>Aida<\/em>) e Glyndebourne Festival Opera (<em>Albert Herring<\/em>). I suoi impegni passati nel campo sinfonico hanno compreso concerti con la Budapest Festival Orchestra, Leipzig Gewandhaus, Orchestre National de Lyon, Salzburg Mozarteum, Orchestra Sinfonica Nazionale della RAI a Torino, Chamber Orchestra of Europe, Scottish Chamber Orchestra, Deutsche Kammerphilharmonie, Swedish Radio Symphony, Yomiuri Nippon and Melbourne Symphony Orchestra. Ha registrato CD con la Serenata e Souvenir de Florence di Tchaikovsky con la Chamber Orchestra of Europe per Deutsche Grammophon, Die \u00e4gyptische Helena and Euryanthe. Il suo DVD con <em>Le nozze di Figaro<\/em> (Teatro alla Scala, 2006) realizzato nel 2011, \u00e8 stato premiato con il Diapason D\u2019Or. Tra gli altri DVD, ha realizzato <em>Alfonso und Estrella<\/em> e <em>Don Pasquale<\/em> con l\u2019Orchestra del Teatro di Cagliari. Tra i suoi maggiori impegni nella stagione 2011 e 2012 , la tourn\u00e9e in otto citt\u00e0 degli Stati Uniti con la Irish Chamber Orchestra, dirigendo <em>La Vie Parisienne<\/em> di Offenbach con Op\u00e9ra National de Lyon e dirigendo I London mozart Players in una tourn\u00e9e in Spagna. Sar\u00e0 preso reinvitato dalla SWR Sinfonieorchester Baden Baden und Freiburg, la Budapest Festival Orchestra, la Latvia National Symphony, la Camerata Salzburg sia a Vienna che a Salzburg e la Hong Kong Philharmonic.<\/p>\n<p><strong>ORCHESTRA DI PADOVA E DEL VENETO<\/strong><\/p>\n<p>L\u2019Orchestra di Padova e del Veneto, OPV, si \u00e8 costituita nell\u2019ottobre 1966 e nel corso di quasi cinquant\u2019anni di attivit\u00e0 si \u00e8 affermata come una delle principali orchestre da camera italiane nelle pi\u00f9 prestigiose sedi concertistiche in Italia e all\u2019estero. L\u2019Orchestra \u00e8 formata sulla base dell\u2019organico del sinfonismo \u201cclassico\u201d. Peter Maag \u2013 il grande interprete mozartiano \u2013 ne \u00e8 stato il direttore principale dal 1983 al 2001. Alla direzione artistica si sono succeduti: Claudio Scimone, Bruno Giuranna, Guido Turchi, Mario Brunello (direttore musicale, 2002-2003), Filippo Juvarra (Premio della Critica Musicale Italiana Franco Abbiati 2002). Nella sua lunga vita artistica annovera collaborazioni con i nomi pi\u00f9 insigni del concertismo internazionale, tra i quali si ricordano: S. Accardo, P. Anderszewski, M. Argerich, V. Ashkenazy, J. Barbirolli, Y. Bashmet, R. Buchbinder, M. Campanella, G. Carmignola, R. Chailly, C. Desderi, G. Gavazzeni, R. Goebel, N. Gutman, Z. Hamar, A. Hewitt, C. Hogwood, L. Kavakos, T. Koopman, A. Lonquich, R. Lupu, M. Maisky, V. Mullova, A.S. Mutter, M. Perahia, I. Perlman, M. Quarta, J.P. Rampal, S. Richter, M. Rostropovich, N. Santi, H. Shelley, J. Starker, R. Stoltzman, H. Szeryng, U. Ughi, S. Vegh, T. Zehetmair, K. Zimerman. L\u2019Orchestra realizza circa centoventi tra concerti e recite d\u2019opera ogni anno, con una propria stagione a Padova, concerti nella regione Veneto, in Italia per le maggiori Societ\u00e0 di concerto e festival e tourn\u00e9e all\u2019estero. A partire dal 1987 ha intrapreso una vastissima attivit\u00e0 discografica realizzando oltre cinquanta incisioni per le pi\u00f9 importanti etichette. \u00c8 sostenuta da Ministero per i Beni e le Attivit\u00e0 Culturali, Regione del Veneto e Comune di Padova.<\/p>\n<p><strong>BIGLIETTI<\/strong><\/p>\n<p><strong>Interi<\/strong><\/p>\n<p>Primo Settore (Platea, dalla fila 1 alla 30): <strong>\u20ac 19,00 <\/strong>+ prevendita<\/p>\n<p>Secondo Settore (Platea, dalla fila 31 alla 40): <strong>\u20ac 13,50 <\/strong>+ prevendita<\/p>\n<p>Balconata: <strong>\u20ac 10,50 <\/strong>+ prevendita<\/p>\n<p>&nbsp;<\/p>\n<p><strong>Ridotti <\/strong>(Giovani under 26; Anziani over 60; Cral; Ass.<\/p>\n<p>Culturali, Biblioteche; Gruppi; Scuole e Universit\u00e0)<\/p>\n<p>Primo Settore (Platea, dalla fila 1 alla fila 30) <strong>\u20ac 15,00 <\/strong>+ prevendita<\/p>\n<p>Secondo Settore (Platea, dalla fila 31 alla fila 40) <strong>\u20ac 11,50 <\/strong>+ prevendita<\/p>\n<p>Balconata <strong>\u20ac 8,50 <\/strong>+ prevendita<\/p>\n<p>&nbsp;<\/p>\n<p><strong>Biglietteria TicketOne <\/strong><\/p>\n<p><strong>Teatro<\/strong> <strong>Dal Verme <\/strong><\/p>\n<p>Via San Giovanni Sul Muro, 2 \u2013 20121 Milano<\/p>\n<p>Tel. 02 87.905.201<\/p>\n<p>dal marted\u00ec al sabato dalle 11.00 alle 18.00<\/p>\n<p><strong>\u00a0Biglietteria on-line: <a href=\"http:\/\/www.ticketone.it\/\">www.ticketone.it<\/a><\/strong><\/p>\n<p><a href=\"http:\/\/www.ipomeriggi.it\/\">www.ipomeriggi.it<\/a><\/p>\n<p><a href=\"http:\/\/www.ipomeriggi.it\/facebook\">www.ipomeriggi.it\/facebook<\/a><\/p>\n<p><a href=\"http:\/\/www.ipomeriggi.it\/youtube\">www.ipomeriggi.it\/youtube<\/a><\/p>\n<p>&nbsp;<\/p>\n<p><strong><br \/>\n<\/strong><\/p>\n<p><em>\u00a0<\/em><\/p>\n","protected":false},"excerpt":{"rendered":"<p>71\u00aa STAGIONE SINFONICA ORCHESTRA I POMERIGGI MUSICALI Direttore Artistico, M\u00b0 Maurizio Salerno Stagione 2015-2016 Sabato 7 novembre, ore 17.00 Teatro Dal Verme Via San Giovanni sul Muro 2 \u2013 Milano Direttore: G\u00e9rard Korsten Orchestra I Pomeriggi Musicali\u00a0 Beethoven, Sinfonia n. 4, in Si bemolle maggiore, op. 60 Beethoven, Sinfonia n. 3, &#8220;Eroica&#8221;, in Mi bemolle &hellip; <a href=\"https:\/\/www.gdapress.it\/it\/index.php\/54483\/musica\/orchestra-i-pomeriggi-musicali-teatro-dal-verme-71a-stagione-sinfonica.html\" class=\"more-link\">Read more <span class=\"screen-reader-text\">Orchestra I Pomeriggi Musicali Teatro Dal Verme 71\u00aa STAGIONE SINFONICA<\/span><\/a><\/p>\n","protected":false},"author":3,"featured_media":0,"comment_status":"closed","ping_status":"open","sticky":false,"template":"","format":"standard","meta":{"footnotes":""},"categories":[19],"tags":[16742,14160,235],"class_list":["post-54483","post","type-post","status-publish","format-standard","hentry","category-musica","tag-71a-stagione-sinfonica","tag-orchestra-i-pomeriggi-musicali","tag-teatro-dal-verme"],"_links":{"self":[{"href":"https:\/\/www.gdapress.it\/it\/index.php\/wp-json\/wp\/v2\/posts\/54483","targetHints":{"allow":["GET"]}}],"collection":[{"href":"https:\/\/www.gdapress.it\/it\/index.php\/wp-json\/wp\/v2\/posts"}],"about":[{"href":"https:\/\/www.gdapress.it\/it\/index.php\/wp-json\/wp\/v2\/types\/post"}],"author":[{"embeddable":true,"href":"https:\/\/www.gdapress.it\/it\/index.php\/wp-json\/wp\/v2\/users\/3"}],"replies":[{"embeddable":true,"href":"https:\/\/www.gdapress.it\/it\/index.php\/wp-json\/wp\/v2\/comments?post=54483"}],"version-history":[{"count":1,"href":"https:\/\/www.gdapress.it\/it\/index.php\/wp-json\/wp\/v2\/posts\/54483\/revisions"}],"predecessor-version":[{"id":54484,"href":"https:\/\/www.gdapress.it\/it\/index.php\/wp-json\/wp\/v2\/posts\/54483\/revisions\/54484"}],"wp:attachment":[{"href":"https:\/\/www.gdapress.it\/it\/index.php\/wp-json\/wp\/v2\/media?parent=54483"}],"wp:term":[{"taxonomy":"category","embeddable":true,"href":"https:\/\/www.gdapress.it\/it\/index.php\/wp-json\/wp\/v2\/categories?post=54483"},{"taxonomy":"post_tag","embeddable":true,"href":"https:\/\/www.gdapress.it\/it\/index.php\/wp-json\/wp\/v2\/tags?post=54483"}],"curies":[{"name":"wp","href":"https:\/\/api.w.org\/{rel}","templated":true}]}}