
{"id":54458,"date":"2015-10-23T00:47:24","date_gmt":"2015-10-22T22:47:24","guid":{"rendered":"http:\/\/www.gdapress.it\/it\/?p=54458"},"modified":"2015-11-05T23:58:36","modified_gmt":"2015-11-05T21:58:36","slug":"il-malato-immaginario-di-moliere-al-teatro-san-babila","status":"publish","type":"post","link":"https:\/\/www.gdapress.it\/it\/index.php\/54458\/teatro\/il-malato-immaginario-di-moliere-al-teatro-san-babila.html","title":{"rendered":"IL MALATO IMMAGINARIO di MOLIERE al Teatro San Babila"},"content":{"rendered":"<p><a href=\"http:\/\/www.gdapress.it\/it\/..\/public\/it\/2015\/11\/il-malato-immaginario.jpg\"><img loading=\"lazy\" decoding=\"async\" class=\"alignnone size-full wp-image-54459\" src=\"http:\/\/www.gdapress.it\/it\/..\/public\/it\/2015\/11\/il-malato-immaginario.jpg\" alt=\"il malato immaginario\" width=\"299\" height=\"200\" \/><\/a><\/p>\n<p><strong>TEATRO SAN BABILA <\/strong><\/p>\n<p>dal 23 ottobre al 1 novembre<\/p>\n<p><strong>ANDREA BUSCEMI\u00a0\u00a0 NATHALIE CALDONAZZO<\/strong><\/p>\n<p><strong>IL MALATO IMMAGINARIO<\/strong><\/p>\n<p>di\u00a0\u00a0 MOLIERE<\/p>\n<p>uno spettacolo di <strong>ANDREA BUSCEMI<\/strong><\/p>\n<p>con\u00a0\u00a0\u00a0\u00a0\u00a0\u00a0\u00a0 LIVIA CASTELLANA\u00a0\u00a0 MARTINA BENEDETTI\u00a0\u00a0\u00a0 NICOLA FANUCCHI\u00a0\u00a0\u00a0\u00a0\u00a0\u00a0\u00a0\u00a0 SIMONE ANTONELLI\u00a0\u00a0 LEO GIORGETTI<\/p>\n<p><strong>musiche NICCOLO\u2019 BUSCEMI\u00a0\u00a0\u00a0\u00a0\u00a0\u00a0\u00a0\u00a0\u00a0\u00a0\u00a0\u00a0\u00a0\u00a0\u00a0\u00a0\u00a0\u00a0\u00a0\u00a0\u00a0\u00a0\u00a0\u00a0\u00a0\u00a0\u00a0\u00a0\u00a0\u00a0\u00a0\u00a0\u00a0\u00a0\u00a0\u00a0\u00a0\u00a0\u00a0\u00a0\u00a0\u00a0\u00a0\u00a0\u00a0\u00a0\u00a0\u00a0\u00a0\u00a0\u00a0\u00a0\u00a0\u00a0\u00a0\u00a0 canzoni\u00a0 JEAN GABIN<\/strong><\/p>\n<p>Al San Babila dal 23 ottobre al 1 novembre sempre gradita l\u2019ultima commedia del grande Autore, essa coniuga la felicit\u00e0 inventiva della farsa alla sofferta contemplazione del mondo a lui tipica: e mentre descrive con straordinaria comicit\u00e0 le stramberie del vecchio Argante afflitto da infinite patologie (che sono pi\u00f9 lo specchio di un\u2019anima impaurita dal mondo) che lo rendono succube di medici approfittatori, la vicenda lascia intravedere un mondo torvo e disperato, di assoluta spietatezza e rigorosi egoismi (come gi\u00e0 accade nell\u2019Avaro, altro celebrato capolavoro).\u00a0 L\u2019antinomia fra questi due aspetti ne fa un\u2019opera di straordinaria ricchezza , e una lancinante testimonianza della condizione interiore di Moliere nel suo ultimo anno di vita. Lo stesso grande, alla quarta replica dello spettacolo, si sent\u00ec male in scena proprio nelle vesti di Argante:\u00a0 volle terminare lo stesso la recita, e mor\u00ec a casa poco dopo, lasciando al mondo l\u2019idea che Il Malato Immaginario restasse per sempre il suo testamento morale e artistico.<\/p>\n<p><strong>SINOSSI<\/strong><\/p>\n<p>Argante (Andrea Buscemi) , borghese del tempo di Moliere, vive vita appartata e afflitta da numerosi malanni, frutti pi\u00f9 che altro di una plateale ipocondria. Ad assisterlo con stizza e rimproveri la serva Tonina (Livia Castellana), consapevole pi\u00f9 di chiunque altro della gratuit\u00e0 dei malanni del padrone, che spende cifre considerevoli per farsi curare dall\u2019ambiguo e interessato dottor Purgone.<\/p>\n<p>Desideroso di avere un medico quotidianamente a portata di mano, Argante decide di assegnare in sposa la propria\u00a0 unica figlia Angelica (Martina Benedetti) al dottor Purgone, nonostante la stessa sia innamorata segretamente del giovane Cleante (il quale a sua volta si \u00e8 finto maestro di canto per frequentare la ragazza).<\/p>\n<p>Mentre l\u2019avvenente moglie di Argante (interpretata da Nathalie Caldonazzo) intesse una tresca con lo stesso Purgone, Tonina e Angelica cercano di scongiurare lo sconsiderato matrimonio che Argante vorrebbe far celebrare in tempi brevissimi.<\/p>\n<p>Pertanto Tonina si finger\u00e0 medico, con un abile travestimento: attraverso il quale impartir\u00e0 ad Argante nozioni di comportamento di vita assai pi\u00f9 salutari di quelli prescritti sino ad allora dal laido dottor Purgone. Il quale, a sua volta, vedendosi rifiutare dalla stessa Tonina un enorme clistere che intendeva infliggere al padrone di casa, minaccia di abbandonare il paziente e il progetto matrimoniale.<\/p>\n<p>La disperazione di Argante \u00e8 grande, ma Tonina gli suggerisce un altro abile stratagemma attraverso il quale potr\u00e0 vedere la vita e le cose nella giusta dimensione: chiede ad Argante di fingersi morto per constatare la reazione dei propri congiunti. Cos\u00ec Argante si render\u00e0 conto all\u2019improvviso della grettezza di sua moglie, del profondo amore filiale di Angelica, e perfino del grande rispetto e affetto di Cleante.<\/p>\n<p>Rinsavito nel corpo e nello spirito, Argante caccia di casa la moglie fedifraga e acconsente al matrimonio di Angelica con Cleante, a patto che quest\u2019ultimo\u2026si faccia medico!<\/p>\n<p>L\u2019ultima idea della furba Tonina \u00e8 quella di suggerire al padrone di farsi lui stesso medico, per curarsi da solo in ogni evenienza.\u00a0 La commedia termina perci\u00f2 con il balletto di iniziazione alla Medicina intorno ad Argante, che da allora vivr\u00e0 la propria contemporanea condizione di paziente e medico, perseverando\u00a0 (e perfino peggiorando) nella sua\u00a0 lucida follia.<\/p>\n<p><strong>Stagione Prosa 15-16 Teatro San Babila Campagna Abbonamenti<\/strong><\/p>\n<p><strong><span style=\"text-decoration: underline;\">ABBONAMENTO A 10 SPETTACOLI<\/span><\/strong><\/p>\n<p><strong>Abbonamento Intero (10 spettacoli) posto fisso <\/strong>platea e balconata\u00a0\u00a0\u00a0\u00a0\u00a0\u00a0\u00a0\u00a0\u00a0\u00a0\u00a0\u00a0\u00a0\u00a0\u00a0\u00a0 euro 200<\/p>\n<p><strong>Abbonamento Intero (10 spettacoli) posto libero <\/strong>platea e balconata\u00a0\u00a0\u00a0\u00a0\u00a0\u00a0\u00a0\u00a0\u00a0\u00a0\u00a0\u00a0\u00a0\u00a0\u00a0 euro 230<\/p>\n<p><strong>Abbonamento Under 30 (10 spettacoli) posto fisso<\/strong> platea e balconata\u00a0\u00a0\u00a0\u00a0\u00a0\u00a0\u00a0\u00a0\u00a0\u00a0\u00a0\u00a0 euro 160<\/p>\n<p><strong>Abbonamento Under 30 (10 spettacoli) posto libero<\/strong> platea e balconata\u00a0\u00a0\u00a0\u00a0\u00a0\u00a0\u00a0\u00a0\u00a0\u00a0 \u00a0\u00a0\u00a0\u00a0\u00a0\u00a0\u00a0\u00a0\u00a0\u00a0\u00a0 euro 180<\/p>\n<p><strong><span style=\"text-decoration: underline;\">BIGLIETTI STAGIONE PROSA IN ABBONAMENTO<\/span><\/strong><\/p>\n<p><strong>Biglietto Intero<\/strong> platea e balconata\u00a0\u00a0\u00a0\u00a0\u00a0\u00a0\u00a0\u00a0\u00a0\u00a0\u00a0\u00a0\u00a0\u00a0\u00a0\u00a0\u00a0\u00a0\u00a0\u00a0\u00a0\u00a0\u00a0\u00a0\u00a0\u00a0\u00a0\u00a0\u00a0\u00a0\u00a0 euro 27,50 (compresa prevendita)<\/p>\n<p><strong>Biglietto Under 30<\/strong> platea e balconata\u00a0\u00a0\u00a0\u00a0\u00a0\u00a0\u00a0\u00a0\u00a0\u00a0\u00a0\u00a0\u00a0\u00a0 \u00a0\u00a0\u00a0\u00a0\u00a0\u00a0\u00a0\u00a0\u00a0\u00a0\u00a0 euro 22,00 (compresa prevendita)<\/p>\n<p><strong>Biglietto Unico (mercoled\u00ec)<\/strong> platea e balconata \u00a0\u00a0\u00a0\u00a0\u00a0\u00a0\u00a0\u00a0\u00a0\u00a0\u00a0 euro 17,00 (compresa prevendita)<\/p>\n<p>&nbsp;<\/p>\n<p><strong><span style=\"text-decoration: underline;\">FUORI ABBONAMENTO TOCCATA E FUGA<\/span><\/strong><\/p>\n<p><strong>Biglietto Unico<\/strong> platea e balconata:\u00a0\u00a0\u00a0\u00a0\u00a0\u00a0\u00a0\u00a0\u00a0\u00a0\u00a0\u00a0\u00a0\u00a0\u00a0\u00a0\u00a0\u00a0\u00a0\u00a0\u00a0\u00a0\u00a0\u00a0\u00a0\u00a0\u00a0\u00a0\u00a0\u00a0\u00a0\u00a0\u00a0\u00a0\u00a0\u00a0\u00a0\u00a0\u00a0\u00a0\u00a0\u00a0\u00a0\u00a0\u00a0\u00a0\u00a0\u00a0\u00a0\u00a0\u00a0\u00a0\u00a0\u00a0 euro 20,00 (compresa prevendita)<\/p>\n<p><strong>Biglietto Unico Abbonati<\/strong> platea e balconata non valido 31 dicembre\u00a0\u00a0\u00a0\u00a0 euro 15,00 (compresa prevendita)<\/p>\n<p><strong><span style=\"text-decoration: underline;\">BIGLIETTI 31 DICEMBRE<\/span><\/strong><\/p>\n<p><strong>Biglietto Unico 31 dicembre 2015 <span style=\"text-decoration: underline;\">ore 18.30<\/span><\/strong> platea e balconata:\u00a0\u00a0\u00a0\u00a0\u00a0\u00a0\u00a0\u00a0\u00a0\u00a0\u00a0 euro 49,00 (compresa prevendita)<\/p>\n<p><strong>Biglietto Unico 31 dicembre 2015 <span style=\"text-decoration: underline;\">ore 22<\/span><\/strong>\u00a0 platea e balconata\u00a0\u00a0\u00a0\u00a0\u00a0\u00a0\u00a0\u00a0\u00a0\u00a0\u00a0\u00a0\u00a0\u00a0\u00a0 euro 69,00 (compresa prevendita)<\/p>\n<p><strong>Biglietto Unico Abbonati 31 dicembre 2015 <span style=\"text-decoration: underline;\">ore 22<\/span><\/strong> platea e balconata\u00a0 euro 59,00 (compresa prevendita)<\/p>\n<p>&nbsp;<\/p>\n<p><strong><span style=\"text-decoration: underline;\">GLI SPETTACOLI AVRANNO LUOGO PRESSO IL TEATRO<\/span><\/strong><\/p>\n<p>marted\u00ec \u2013 gioved\u00ec \u2013 venerd\u00ec \u2013 sabato ore 20.30\u00a0\u00a0\u00a0\u00a0\u00a0\u00a0\u00a0\u00a0\u00a0\u00a0\u00a0\u00a0\u00a0\u00a0\u00a0\u00a0\u00a0\u00a0\u00a0\u00a0\u00a0\u00a0\u00a0\u00a0\u00a0\u00a0\u00a0\u00a0\u00a0\u00a0\u00a0 mercoled\u00ec \u2013 domenica ore 15.30<\/p>\n<p>&nbsp;<\/p>\n<p>TEATRO SAN BABILA<\/p>\n<p>Corso Venezia, 2\/A &#8211; 20121 Milano<\/p>\n<p>Biglietteria: 02 798010<\/p>\n<p>info@teatrosanbabilamilano.it<\/p>\n<p><a href=\"http:\/\/www.teatrosanbabilamilano.it\"><strong>www.teatrosanbabilamilano.it<\/strong><\/a><\/p>\n<p>&nbsp;<\/p>\n<p><strong>Parcheggio Convenzionato:<\/strong><\/p>\n<p><strong>PARCHEGGIO PIAZZA MEDA BEST IN PARKING<\/strong><\/p>\n<p><strong>Piazza Meda, 2\/A \u2013 20121 Milano<\/strong><\/p>\n<p>Tariffa forfait di \u20ac 5,00 nella fascia serale dalle 19.30 alle 01.00<\/p>\n<p>ed in quella pomeridiana dalle 14.30 alle 18.30<\/p>\n<p><strong>\u00a0<\/strong><\/p>\n","protected":false},"excerpt":{"rendered":"<p>TEATRO SAN BABILA dal 23 ottobre al 1 novembre ANDREA BUSCEMI\u00a0\u00a0 NATHALIE CALDONAZZO IL MALATO IMMAGINARIO di\u00a0\u00a0 MOLIERE uno spettacolo di ANDREA BUSCEMI con\u00a0\u00a0\u00a0\u00a0\u00a0\u00a0\u00a0 LIVIA CASTELLANA\u00a0\u00a0 MARTINA BENEDETTI\u00a0\u00a0\u00a0 NICOLA FANUCCHI\u00a0\u00a0\u00a0\u00a0\u00a0\u00a0\u00a0\u00a0 SIMONE ANTONELLI\u00a0\u00a0 LEO GIORGETTI musiche NICCOLO\u2019 BUSCEMI\u00a0\u00a0\u00a0\u00a0\u00a0\u00a0\u00a0\u00a0\u00a0\u00a0\u00a0\u00a0\u00a0\u00a0\u00a0\u00a0\u00a0\u00a0\u00a0\u00a0\u00a0\u00a0\u00a0\u00a0\u00a0\u00a0\u00a0\u00a0\u00a0\u00a0\u00a0\u00a0\u00a0\u00a0\u00a0\u00a0\u00a0\u00a0\u00a0\u00a0\u00a0\u00a0\u00a0\u00a0\u00a0\u00a0\u00a0\u00a0\u00a0\u00a0\u00a0\u00a0\u00a0\u00a0\u00a0\u00a0 canzoni\u00a0 JEAN GABIN Al San Babila dal 23 ottobre al 1 novembre sempre gradita l\u2019ultima commedia del grande &hellip; <a href=\"https:\/\/www.gdapress.it\/it\/index.php\/54458\/teatro\/il-malato-immaginario-di-moliere-al-teatro-san-babila.html\" class=\"more-link\">Read more <span class=\"screen-reader-text\">IL MALATO IMMAGINARIO di MOLIERE al Teatro San Babila<\/span><\/a><\/p>\n","protected":false},"author":3,"featured_media":0,"comment_status":"closed","ping_status":"open","sticky":false,"template":"","format":"standard","meta":{"footnotes":""},"categories":[1],"tags":[17,2487],"class_list":["post-54458","post","type-post","status-publish","format-standard","hentry","category-teatro","tag-milano","tag-teatro-san-babila"],"_links":{"self":[{"href":"https:\/\/www.gdapress.it\/it\/index.php\/wp-json\/wp\/v2\/posts\/54458","targetHints":{"allow":["GET"]}}],"collection":[{"href":"https:\/\/www.gdapress.it\/it\/index.php\/wp-json\/wp\/v2\/posts"}],"about":[{"href":"https:\/\/www.gdapress.it\/it\/index.php\/wp-json\/wp\/v2\/types\/post"}],"author":[{"embeddable":true,"href":"https:\/\/www.gdapress.it\/it\/index.php\/wp-json\/wp\/v2\/users\/3"}],"replies":[{"embeddable":true,"href":"https:\/\/www.gdapress.it\/it\/index.php\/wp-json\/wp\/v2\/comments?post=54458"}],"version-history":[{"count":1,"href":"https:\/\/www.gdapress.it\/it\/index.php\/wp-json\/wp\/v2\/posts\/54458\/revisions"}],"predecessor-version":[{"id":54460,"href":"https:\/\/www.gdapress.it\/it\/index.php\/wp-json\/wp\/v2\/posts\/54458\/revisions\/54460"}],"wp:attachment":[{"href":"https:\/\/www.gdapress.it\/it\/index.php\/wp-json\/wp\/v2\/media?parent=54458"}],"wp:term":[{"taxonomy":"category","embeddable":true,"href":"https:\/\/www.gdapress.it\/it\/index.php\/wp-json\/wp\/v2\/categories?post=54458"},{"taxonomy":"post_tag","embeddable":true,"href":"https:\/\/www.gdapress.it\/it\/index.php\/wp-json\/wp\/v2\/tags?post=54458"}],"curies":[{"name":"wp","href":"https:\/\/api.w.org\/{rel}","templated":true}]}}