
{"id":54434,"date":"2015-11-04T10:28:44","date_gmt":"2015-11-04T08:28:44","guid":{"rendered":"http:\/\/www.gdapress.it\/it\/?p=54434"},"modified":"2015-11-04T10:28:44","modified_gmt":"2015-11-04T08:28:44","slug":"tutela-delle-eccellenze-passaggio-del-testimone-da-expo-a-gourmarte","status":"publish","type":"post","link":"https:\/\/www.gdapress.it\/it\/index.php\/54434\/enogastronomia\/tutela-delle-eccellenze-passaggio-del-testimone-da-expo-a-gourmarte.html","title":{"rendered":"TUTELA DELLE ECCELLENZE, PASSAGGIO DEL TESTIMONE DA EXPO A GOURMARTE"},"content":{"rendered":"<p><a href=\"http:\/\/www.gdapress.it\/it\/..\/public\/it\/2015\/11\/Foto0587.jpg\"><img loading=\"lazy\" decoding=\"async\" class=\"alignnone size-medium wp-image-54439\" src=\"http:\/\/www.gdapress.it\/it\/..\/public\/it\/2015\/11\/Foto0587-300x225.jpg\" alt=\"Foto0587\" width=\"300\" height=\"225\" srcset=\"https:\/\/www.gdapress.it\/it\/..\/public\/it\/2015\/11\/Foto0587-300x225.jpg 300w, https:\/\/www.gdapress.it\/it\/..\/public\/it\/2015\/11\/Foto0587-500x375.jpg 500w, https:\/\/www.gdapress.it\/it\/..\/public\/it\/2015\/11\/Foto0587-900x676.jpg 900w, https:\/\/www.gdapress.it\/it\/..\/public\/it\/2015\/11\/Foto0587.jpg 2048w\" sizes=\"auto, (max-width: 300px) 100vw, 300px\" \/><\/a>\u00a0\u00a0<a href=\"http:\/\/www.gdapress.it\/it\/..\/public\/it\/2015\/11\/IMG_4726.jpg\"><img loading=\"lazy\" decoding=\"async\" class=\"alignnone size-medium wp-image-54435\" src=\"http:\/\/www.gdapress.it\/it\/..\/public\/it\/2015\/11\/IMG_4726-300x169.jpg\" alt=\"IMG_4726\" width=\"300\" height=\"169\" srcset=\"https:\/\/www.gdapress.it\/it\/..\/public\/it\/2015\/11\/IMG_4726-300x169.jpg 300w, https:\/\/www.gdapress.it\/it\/..\/public\/it\/2015\/11\/IMG_4726-500x281.jpg 500w, https:\/\/www.gdapress.it\/it\/..\/public\/it\/2015\/11\/IMG_4726-900x506.jpg 900w, https:\/\/www.gdapress.it\/it\/..\/public\/it\/2015\/11\/IMG_4726.jpg 1328w\" sizes=\"auto, (max-width: 300px) 100vw, 300px\" \/><\/a>\u00a0<a href=\"http:\/\/www.gdapress.it\/it\/..\/public\/it\/2015\/11\/IMG_4732.jpg\"><img loading=\"lazy\" decoding=\"async\" class=\"alignnone size-medium wp-image-54436\" src=\"http:\/\/www.gdapress.it\/it\/..\/public\/it\/2015\/11\/IMG_4732-169x300.jpg\" alt=\"IMG_4732\" width=\"169\" height=\"300\" srcset=\"https:\/\/www.gdapress.it\/it\/..\/public\/it\/2015\/11\/IMG_4732-169x300.jpg 169w, https:\/\/www.gdapress.it\/it\/..\/public\/it\/2015\/11\/IMG_4732-225x400.jpg 225w, https:\/\/www.gdapress.it\/it\/..\/public\/it\/2015\/11\/IMG_4732-380x676.jpg 380w, https:\/\/www.gdapress.it\/it\/..\/public\/it\/2015\/11\/IMG_4732.jpg 747w\" sizes=\"auto, (max-width: 169px) 100vw, 169px\" \/><\/a>\u00a0<a href=\"http:\/\/www.gdapress.it\/it\/..\/public\/it\/2015\/11\/IMG_4731.jpg\"><img loading=\"lazy\" decoding=\"async\" class=\"alignnone size-medium wp-image-54437\" src=\"http:\/\/www.gdapress.it\/it\/..\/public\/it\/2015\/11\/IMG_4731-169x300.jpg\" alt=\"IMG_4731\" width=\"169\" height=\"300\" srcset=\"https:\/\/www.gdapress.it\/it\/..\/public\/it\/2015\/11\/IMG_4731-169x300.jpg 169w, https:\/\/www.gdapress.it\/it\/..\/public\/it\/2015\/11\/IMG_4731-225x400.jpg 225w, https:\/\/www.gdapress.it\/it\/..\/public\/it\/2015\/11\/IMG_4731-380x676.jpg 380w, https:\/\/www.gdapress.it\/it\/..\/public\/it\/2015\/11\/IMG_4731.jpg 747w\" sizes=\"auto, (max-width: 169px) 100vw, 169px\" \/><\/a><a href=\"http:\/\/www.gdapress.it\/it\/..\/public\/it\/2015\/11\/IMG_4736.jpg\"><img loading=\"lazy\" decoding=\"async\" class=\"alignnone size-medium wp-image-54438\" src=\"http:\/\/www.gdapress.it\/it\/..\/public\/it\/2015\/11\/IMG_4736-300x169.jpg\" alt=\"IMG_4736\" width=\"300\" height=\"169\" srcset=\"https:\/\/www.gdapress.it\/it\/..\/public\/it\/2015\/11\/IMG_4736-300x169.jpg 300w, https:\/\/www.gdapress.it\/it\/..\/public\/it\/2015\/11\/IMG_4736-500x281.jpg 500w, https:\/\/www.gdapress.it\/it\/..\/public\/it\/2015\/11\/IMG_4736-900x506.jpg 900w, https:\/\/www.gdapress.it\/it\/..\/public\/it\/2015\/11\/IMG_4736.jpg 1328w\" sizes=\"auto, (max-width: 300px) 100vw, 300px\" \/><\/a><\/p>\n<p>Presentata la quarta edizione della kermesse dedicata ai migliori artigiani lombardi del gusto<\/p>\n<p>\u201cIn una regione come la Lombardia, che negli ultimi sei mesi \u00e8 stata la capitale internazionale dell\u2019agricoltura e dei cibi del mondo, ritengo che GourmArte possa raccogliere il testimone di Expo su un aspetto fondamentale per il nostro territorio, ovvero quello della tutela dei prodotti tipici. Un tema particolarmente sentito dal sottoscritto, dal Presidente della Lombardia Roberto Maroni e da una fliera che \u2013 grazie a un tessuto di oltre 47mila imprese agricole \u2013 fornisce materie prime di qualit\u00e0 esportate in tutto il mondo\u201d.<\/p>\n<p>Con queste parole l\u2019Assessore all\u2019Agricoltura di Regione Lombardia Gianni Fava ha aperto la presentazione della quarta edizione della kermesse dedicata alle eccellenze enogastronomiche lombarde, che dal 28 al 30 novembre prossimi aprir\u00e0 i battenti della Fiera di Bergamo ad esperti e appassionati del settore e a tutti coloro che a tavola ricercano innanzitutto la qualit\u00e0 Made in Italy. \u201cSe il Made in Italy \u00e8 cos\u00ec ricercato nel mondo \u2013 ha aggiunto l\u2019Assessore &#8211; penso che una buona parte del merito sia anche della Lombardia, che sviluppa una produzione lorda vendibile di 13,3 miliardi di euro e ben venga, in questa fase di diffcolt\u00e0 per le imprese agro-zootecniche, l\u2019attivazione di un canale come GourmArte, rivolto ad operatori e appassionati del food, per la difesa della distintivit\u00e0 dei prodotti!\u201d.<\/p>\n<p>Alla conferenza stampa di presentazione, svoltasi questa mattina a Palazzo Pirelli, sono intervenuti anche il Presidente dell\u2019Ente Fiera Promoberg Ivan Rodeschini, il giornalista e critico enogastronomico che ha ideato la kermesse Elio Ghisalberti e alcuni partner di GourmArte: Consorzio di tutela del Franciacorta, Consorzio di tutela dei Vini di Valtellina, AIS (Associazione Italiana Sommelier) Lombardia, CHIC (Charming Italian Chef).<\/p>\n<p>\u201cQuattro anni fa &#8211; ha spiegato Rodeschini \u2013 abbiamo creduto nel progetto e oggi pi\u00f9 che mai in Promoberg siamo convinti che l\u2019enogastronomia sia uno strumento straordinario per la promozione e lo sviluppo dei nostri territori. In questo senso, GourmArte non \u00e8 un appuntamento solo enogastronomico. GourmArte \u00e8 anche Cultura e Storia. E\u2019 conoscere le tante bellezze naturali della Lombardia; \u00e8 il recuperare le antiche tradizioni non avendo paura di innovare continuamente. GourmArte \u00e8 l\u2019incontro con chi, ogni giorno, lavora la terra e i suoi prodotti per portare in tavola dei \u201ctesori\u201d che rendono la nostra vita pi\u00f9 piacevole e saporita\u201d.<\/p>\n<p>Tra questi \u201ctesori\u201d anche l\u2019esclusiva selezione di Vini di Valtellina e Franciacorta in degustazione nella grande Enoteca di GourmArte. \u201cIl focus della manifestazione di promozione dei prodotti e del territorio lombardo \u2013 ha dichiarato il Vicepresidente del Consorzio per la tutela del Franciacorta Silvano Brescianini &#8211; \u00e8 perfettamente in linea con gli obiettivi di Franciacorta. Il visitatore avr\u00e0 la possibilit\u00e0 di gustare diverse tipologie di Franciacorta in abbinamento ai piatti pi\u00f9 tipici della regione. Un momento importante per l&#8217;enogastronomia lombarda, per far conoscere al grande pubblico la qualit\u00e0 dei nostri vini e invitarlo a scoprire il nostro splendido territorio&#8221;.<\/p>\n<p>Concorda il Presidente del Consorzio per la tutela dei Vini di Valtellina Mamete Prevostini: \u201cA GourmArte l\u2019alta cucina incontra le eccellenze di Lombardia e siamo onorati di essere stati invitati per il secondo anno consecutivo ad essere presenti nell\u2019Enoteca di questa prestigiosa manifestazione insieme ai vini di Franciacorta. I vini di Valtellina hanno dimostrato una versatilit\u00e0 e una grande capacit\u00e0 di abbinamento verso piatti elaborati, creando sapori e sensazioni particolari. Crediamo che anche in questa seconda edizione possano stupire e distinguersi tra i vini rossi pi\u00f9 interessanti del panorama enologico italiano\u201d.<\/p>\n<p>Insieme all\u2019eccellenza dei prodotti in esposizione e alla ricchezza dell\u2019Enoteca, il terzo asso vincente della manifestazione \u00e8 rappresentato dal Ristorante, l\u2019unico al mondo ad avere 24 chef, tra cui molte stelle del frmamento nazionale. \u201cProsegue la fruttuosa collaborazione con GourmArte, una manifestazione che ha tra i valori fondamentali la rappresentazione del meglio della fliera della ristorazione di qualit\u00e0, proponendo prodotti frutto di lavorazioni artigianali che costituiscono, per la maggior parte, la materia prima utilizzata dai ristoranti di qualit\u00e0 che fanno parte del gruppo\u201d ha dichiarato il Direttore dell\u2019Associazione Charming Italian Chef Raffaele Geminiani, aggiungendo: \u201cAi nostri associati presenti nelle cucine del Ristorante GourmArte, insieme agli altri validissimi colleghi, spetta il compito di interpretare con il proprio gusto e il proprio bagaglio di esperienza, tradizione e creativit\u00e0, le materie prime del territorio. Cos\u00ec come di far conoscere i sapori di altre cucine regionali, come ad esempio la Puglia, ospite dell\u2019edizione di quest\u2019anno, con l\u2019obiettivo di far vivere ai visitatori un\u2019esperienza sensoriale unica\u201d.<\/p>\n<p>Di poche parole invece l\u2019ideatore di GourmArte Elio Ghisalberti, che ha preferito dare un assaggio in anteprima di quello che sar\u00e0 la kermesse, guidando degustazioni di alcuni prodotti che saranno tra i grandi protagonisti di GourmArte 2015, quali i piatti preparati da Vittorio Fusari, il caviale di Calvisius, le mostarde di Fredo, il gelato di La Pasqualina di Almenno, i formaggi della Valtellina, i vini della Franciacorta e della Valtellina<\/p>\n<p>L\u2019appuntamento ora \u00e8 in Fiera a Bergamo dal 28 al 30 novembre prossimi!<\/p>\n","protected":false},"excerpt":{"rendered":"<p>\u00a0\u00a0\u00a0\u00a0 Presentata la quarta edizione della kermesse dedicata ai migliori artigiani lombardi del gusto \u201cIn una regione come la Lombardia, che negli ultimi sei mesi \u00e8 stata la capitale internazionale dell\u2019agricoltura e dei cibi del mondo, ritengo che GourmArte possa raccogliere il testimone di Expo su un aspetto fondamentale per il nostro territorio, ovvero quello &hellip; <a href=\"https:\/\/www.gdapress.it\/it\/index.php\/54434\/enogastronomia\/tutela-delle-eccellenze-passaggio-del-testimone-da-expo-a-gourmarte.html\" class=\"more-link\">Read more <span class=\"screen-reader-text\">TUTELA DELLE ECCELLENZE, PASSAGGIO DEL TESTIMONE DA EXPO A GOURMARTE<\/span><\/a><\/p>\n","protected":false},"author":3,"featured_media":0,"comment_status":"closed","ping_status":"open","sticky":false,"template":"","format":"standard","meta":{"footnotes":""},"categories":[20],"tags":[904,17454,1775,13827,903],"class_list":["post-54434","post","type-post","status-publish","format-standard","hentry","category-enogastronomia","tag-bergamo","tag-enogastronomia","tag-expo","tag-gourmarte","tag-promoberg"],"_links":{"self":[{"href":"https:\/\/www.gdapress.it\/it\/index.php\/wp-json\/wp\/v2\/posts\/54434","targetHints":{"allow":["GET"]}}],"collection":[{"href":"https:\/\/www.gdapress.it\/it\/index.php\/wp-json\/wp\/v2\/posts"}],"about":[{"href":"https:\/\/www.gdapress.it\/it\/index.php\/wp-json\/wp\/v2\/types\/post"}],"author":[{"embeddable":true,"href":"https:\/\/www.gdapress.it\/it\/index.php\/wp-json\/wp\/v2\/users\/3"}],"replies":[{"embeddable":true,"href":"https:\/\/www.gdapress.it\/it\/index.php\/wp-json\/wp\/v2\/comments?post=54434"}],"version-history":[{"count":1,"href":"https:\/\/www.gdapress.it\/it\/index.php\/wp-json\/wp\/v2\/posts\/54434\/revisions"}],"predecessor-version":[{"id":54440,"href":"https:\/\/www.gdapress.it\/it\/index.php\/wp-json\/wp\/v2\/posts\/54434\/revisions\/54440"}],"wp:attachment":[{"href":"https:\/\/www.gdapress.it\/it\/index.php\/wp-json\/wp\/v2\/media?parent=54434"}],"wp:term":[{"taxonomy":"category","embeddable":true,"href":"https:\/\/www.gdapress.it\/it\/index.php\/wp-json\/wp\/v2\/categories?post=54434"},{"taxonomy":"post_tag","embeddable":true,"href":"https:\/\/www.gdapress.it\/it\/index.php\/wp-json\/wp\/v2\/tags?post=54434"}],"curies":[{"name":"wp","href":"https:\/\/api.w.org\/{rel}","templated":true}]}}