
{"id":54382,"date":"2015-11-03T01:13:18","date_gmt":"2015-11-02T23:13:18","guid":{"rendered":"http:\/\/www.gdapress.it\/it\/?p=54382"},"modified":"2015-11-03T01:14:48","modified_gmt":"2015-11-02T23:14:48","slug":"valentino-orlandi-firma-la-nuova-collezione-di-accessori-per-la-prossima-stagione-estiva","status":"publish","type":"post","link":"https:\/\/www.gdapress.it\/it\/index.php\/54382\/costume\/valentino-orlandi-firma-la-nuova-collezione-di-accessori-per-la-prossima-stagione-estiva.html","title":{"rendered":"Valentino Orlandi firma la nuova collezione di accessori per la prossima stagione estiva"},"content":{"rendered":"<p><a href=\"http:\/\/www.gdapress.it\/it\/..\/public\/it\/2015\/11\/Valentino-Orlandi_4797.jpg\"><img loading=\"lazy\" decoding=\"async\" class=\"alignnone size-large wp-image-54383\" src=\"http:\/\/www.gdapress.it\/it\/..\/public\/it\/2015\/11\/Valentino-Orlandi_4797-268x400.jpg\" alt=\"Valentino Orlandi_4797\" width=\"268\" height=\"400\" srcset=\"https:\/\/www.gdapress.it\/it\/..\/public\/it\/2015\/11\/Valentino-Orlandi_4797-268x400.jpg 268w, https:\/\/www.gdapress.it\/it\/..\/public\/it\/2015\/11\/Valentino-Orlandi_4797-201x300.jpg 201w, https:\/\/www.gdapress.it\/it\/..\/public\/it\/2015\/11\/Valentino-Orlandi_4797-453x676.jpg 453w\" sizes=\"auto, (max-width: 268px) 100vw, 268px\" \/><\/a>\u00a0<a href=\"http:\/\/www.gdapress.it\/it\/..\/public\/it\/2015\/11\/Valentino-Orlandi_4868.jpg\"><img loading=\"lazy\" decoding=\"async\" class=\"alignnone size-large wp-image-54384\" src=\"http:\/\/www.gdapress.it\/it\/..\/public\/it\/2015\/11\/Valentino-Orlandi_4868-268x400.jpg\" alt=\"Valentino Orlandi_4868\" width=\"268\" height=\"400\" srcset=\"https:\/\/www.gdapress.it\/it\/..\/public\/it\/2015\/11\/Valentino-Orlandi_4868-268x400.jpg 268w, https:\/\/www.gdapress.it\/it\/..\/public\/it\/2015\/11\/Valentino-Orlandi_4868-201x300.jpg 201w, https:\/\/www.gdapress.it\/it\/..\/public\/it\/2015\/11\/Valentino-Orlandi_4868-453x676.jpg 453w\" sizes=\"auto, (max-width: 268px) 100vw, 268px\" \/><\/a>\u00a0<a href=\"http:\/\/www.gdapress.it\/it\/..\/public\/it\/2015\/11\/Valentino-Orlandi_1100_2.jpg\"><img loading=\"lazy\" decoding=\"async\" class=\"alignnone size-medium wp-image-54385\" src=\"http:\/\/www.gdapress.it\/it\/..\/public\/it\/2015\/11\/Valentino-Orlandi_1100_2-201x300.jpg\" alt=\"Valentino Orlandi_1100_2\" width=\"201\" height=\"300\" srcset=\"https:\/\/www.gdapress.it\/it\/..\/public\/it\/2015\/11\/Valentino-Orlandi_1100_2-201x300.jpg 201w, https:\/\/www.gdapress.it\/it\/..\/public\/it\/2015\/11\/Valentino-Orlandi_1100_2-268x400.jpg 268w, https:\/\/www.gdapress.it\/it\/..\/public\/it\/2015\/11\/Valentino-Orlandi_1100_2-453x676.jpg 453w\" sizes=\"auto, (max-width: 201px) 100vw, 201px\" \/><\/a>\u00a0<a href=\"http:\/\/www.gdapress.it\/it\/..\/public\/it\/2015\/11\/Valentino-Orlandi_111.jpg\"><img loading=\"lazy\" decoding=\"async\" class=\"alignnone size-medium wp-image-54386\" src=\"http:\/\/www.gdapress.it\/it\/..\/public\/it\/2015\/11\/Valentino-Orlandi_111-201x300.jpg\" alt=\"Valentino Orlandi_111\" width=\"201\" height=\"300\" srcset=\"https:\/\/www.gdapress.it\/it\/..\/public\/it\/2015\/11\/Valentino-Orlandi_111-201x300.jpg 201w, https:\/\/www.gdapress.it\/it\/..\/public\/it\/2015\/11\/Valentino-Orlandi_111-268x400.jpg 268w, https:\/\/www.gdapress.it\/it\/..\/public\/it\/2015\/11\/Valentino-Orlandi_111-452x676.jpg 452w\" sizes=\"auto, (max-width: 201px) 100vw, 201px\" \/><\/a><\/p>\n<p>&nbsp;<\/p>\n<p>&nbsp;<\/p>\n<p>&nbsp;<\/p>\n<p>&nbsp;<\/p>\n<p>&nbsp;<\/p>\n<p>&nbsp;<\/p>\n<p>&nbsp;<\/p>\n<p>&nbsp;<\/p>\n<p>&nbsp;<\/p>\n<p>&nbsp;<\/p>\n<p>&nbsp;<\/p>\n<p>&nbsp;<\/p>\n<p>&nbsp;<\/p>\n<p>&nbsp;<\/p>\n<p>&nbsp;<\/p>\n<p>Un Grand Tour attraverso il lusso, l\u2019esclusivit\u00e0, la tradizione e la fine eleganza firmate Valentino Orlandi: la nuova collezione borse Spring\/Summer 2016 porta con s\u00e9 un bagaglio ricco di tutte quelle emozioni che sono capaci di trasmettere gli accessori pi\u00f9 prestigiosi.<\/p>\n<p>Un viaggio che si tinge di colori accesi e nuance pastello, che attraversa i confini richiamando antiche arti e differenti culture, tra stampe, ricami e decori, cos\u00ec da regalare un segno personale e distintivo ad ogni singolo elemento.<\/p>\n<p>La collezione estiva disegna un itinerario di perfetta armonia, da intraprendere con la curiosit\u00e0 di conoscere e cogliere l\u2019essenza, il fascino e lo stile del brand icona dello spirito femminile.<\/p>\n<p>La grazia e la sensualit\u00e0 della moda baroque del XVII secolo ispirano modelli riccamente decorati: i motivi ornamentali si fanno complessi e simmetrici, il rimando floreale \u00e8 stilizzato, per un gioco tra illusioni visive e percezione. La manifattura \u00e8 pura arte: la tecnica del ricamo applicata su vernici perlate e morbidi vitelli pone in rilievo i sinuosi decori che emergono in tutta la loro raffinata eleganza. In un alternarsi di contrasti o su diverse gradazioni della stessa tonalit\u00e0, gli accessori brillano illuminati di dettagli dorati e chiusure gioiello. Cappelliere, bauletti e handbag sono le forme predominanti in grado di esaltarne le particolarit\u00e0.<\/p>\n<p>&nbsp;<\/p>\n<p>Pizzo, merletti e macram\u00e8&#8230; La lavorazione \u00e8 un intreccio nel vuoto, l\u2019immagine stessa evoca qualcosa di prezioso, delicato, romantico. Su un design prettamente geometrico il pizzo \u00e8 un elisir di bellezza e bon ton.<\/p>\n<p>Dal mood shabby al pi\u00f9 giovane e giocoso stile pretty-chic&#8230; Tracolline e minibag sono un tripudio di fantasia: con catenine dorate sono totalmente intrecciate a mano e mixano il rosa tenue al carta da zucchero, il giallo crema al turchese e verde acqua, il cammello al sabbia e nero.<\/p>\n<p>Da un estremo all\u2019altro della sensualit\u00e0, dalla sottile innocenza alla seduzione matura. La collezione, al pari della Donna che la indossa, attraversa il trasformarsi della femminile avvenenza e su essa si plasma.<\/p>\n<p>Pi\u00f9 decisa, affascinante, sicura e accattivante dunque la linea in pelle trapuntata. Il matelass\u00e9, in diverse grandezze, dona un effetto pieno, corposo, morbido, mentre il nuovo accessorio logato sprigiona luminosit\u00e0 e lucentezza. Nero, rosso, blu, ma anche beige, bianco e azzurro, la palette cromatica \u00e8 una tavolozza da cui attingere.<\/p>\n<p>Non mancano in collezione i tradizionali must have Valentino Orlandi: il pliss\u00e8 e le sue piegoline trendy, la trama greca, le vernici cubik, i trapuntati in bicolor ed i pratici modelli a doppio soffietto.<\/p>\n<p>Tra le nuove proposte emergono le postine dalle forme geometriche: uno stilismo essenziale e pulito esaltato da pellami opachi con brillanti effetti perlati. Ed ancora preziosissimi secchielli in pelle o vernice profilati e decorati con ricami in filo laminato per un risultato esclusivamente glam.<\/p>\n<p>Novit\u00e0 assoluta i modelli zanzariera. Una maxi bag con pochette interna removibile ed uno zaino monospalla di ispirazione golf sono realizzati con il particolare tessuto a rete ed abbelliti dagli esclusivi motivi floreali. Estivi, veloci, leggeri, sono l\u2019accessorio perfetto per il dailywear della calda stagione.<\/p>\n<p>Accanto alle borse un\u2019ampia gamma di accessori coordinati: portafogli e piccola pelletteria presentano stampe e grafie in linea con shopping bag, clutch, bauletti e tracolle. Inoltre una capsule collection di calzature e sandali per Lei e per Lui. A completare il look infine alcuni esclusivi bijoux, per valorizzare la Donna in ogni dettaglio e secondo l\u2019inconfondibile stile Valentino Orlandi.<\/p>\n<p>&nbsp;<\/p>\n","protected":false},"excerpt":{"rendered":"<p>\u00a0\u00a0\u00a0 &nbsp; &nbsp; &nbsp; &nbsp; &nbsp; &nbsp; &nbsp; &nbsp; &nbsp; &nbsp; &nbsp; &nbsp; &nbsp; &nbsp; &nbsp; Un Grand Tour attraverso il lusso, l\u2019esclusivit\u00e0, la tradizione e la fine eleganza firmate Valentino Orlandi: la nuova collezione borse Spring\/Summer 2016 porta con s\u00e9 un bagaglio ricco di tutte quelle emozioni che sono capaci di trasmettere gli accessori &hellip; <a href=\"https:\/\/www.gdapress.it\/it\/index.php\/54382\/costume\/valentino-orlandi-firma-la-nuova-collezione-di-accessori-per-la-prossima-stagione-estiva.html\" class=\"more-link\">Read more <span class=\"screen-reader-text\">Valentino Orlandi firma la nuova collezione di accessori per la prossima stagione estiva<\/span><\/a><\/p>\n","protected":false},"author":3,"featured_media":0,"comment_status":"closed","ping_status":"open","sticky":false,"template":"","format":"standard","meta":{"footnotes":""},"categories":[2244],"tags":[16726,9097,16725],"class_list":["post-54382","post","type-post","status-publish","format-standard","hentry","category-costume","tag-collezione-di-accessori","tag-stagione-estiva","tag-valentino-orlandi"],"_links":{"self":[{"href":"https:\/\/www.gdapress.it\/it\/index.php\/wp-json\/wp\/v2\/posts\/54382","targetHints":{"allow":["GET"]}}],"collection":[{"href":"https:\/\/www.gdapress.it\/it\/index.php\/wp-json\/wp\/v2\/posts"}],"about":[{"href":"https:\/\/www.gdapress.it\/it\/index.php\/wp-json\/wp\/v2\/types\/post"}],"author":[{"embeddable":true,"href":"https:\/\/www.gdapress.it\/it\/index.php\/wp-json\/wp\/v2\/users\/3"}],"replies":[{"embeddable":true,"href":"https:\/\/www.gdapress.it\/it\/index.php\/wp-json\/wp\/v2\/comments?post=54382"}],"version-history":[{"count":4,"href":"https:\/\/www.gdapress.it\/it\/index.php\/wp-json\/wp\/v2\/posts\/54382\/revisions"}],"predecessor-version":[{"id":54390,"href":"https:\/\/www.gdapress.it\/it\/index.php\/wp-json\/wp\/v2\/posts\/54382\/revisions\/54390"}],"wp:attachment":[{"href":"https:\/\/www.gdapress.it\/it\/index.php\/wp-json\/wp\/v2\/media?parent=54382"}],"wp:term":[{"taxonomy":"category","embeddable":true,"href":"https:\/\/www.gdapress.it\/it\/index.php\/wp-json\/wp\/v2\/categories?post=54382"},{"taxonomy":"post_tag","embeddable":true,"href":"https:\/\/www.gdapress.it\/it\/index.php\/wp-json\/wp\/v2\/tags?post=54382"}],"curies":[{"name":"wp","href":"https:\/\/api.w.org\/{rel}","templated":true}]}}