
{"id":54327,"date":"2015-10-29T09:57:23","date_gmt":"2015-10-29T07:57:23","guid":{"rendered":"http:\/\/www.gdapress.it\/it\/?p=54327"},"modified":"2015-10-29T09:57:23","modified_gmt":"2015-10-29T07:57:23","slug":"creval-contemporary-galleria-gruppo-credito-valtellinese-milano-e-sondrio","status":"publish","type":"post","link":"https:\/\/www.gdapress.it\/it\/index.php\/54327\/arte\/creval-contemporary-galleria-gruppo-credito-valtellinese-milano-e-sondrio.html","title":{"rendered":"CREVAL CONTEMPORARY Galleria Gruppo Credito Valtellinese Milano  e Sondrio"},"content":{"rendered":"<p>&nbsp;<\/p>\n<p><a href=\"http:\/\/www.gdapress.it\/it\/..\/public\/it\/2015\/10\/Pomodoro-Arnaldo-Senza-Titolo-bra.jpg\"><img loading=\"lazy\" decoding=\"async\" class=\"alignnone size-full wp-image-54328\" src=\"http:\/\/www.gdapress.it\/it\/..\/public\/it\/2015\/10\/Pomodoro-Arnaldo-Senza-Titolo-bra.jpg\" alt=\"Pomodoro Arnaldo - Senza Titolo bra\" width=\"200\" height=\"283\" \/><\/a><\/p>\n<p>All\u2019indomani della Grande Guerra, collezionare arte contemporanea per una piccola banca della Valtellina non era cosa del tutto ovvia.<br \/>\nCos\u00ec come \u00e8 stata una scelta innovativa, per la medesima banca, nel frattempo cresciuta in dimensioni e per visione, quella di offrire alla citt\u00e0 una Galleria \u201cpubblica\u201d dedicata all\u2019arte contemporanea nel cuore di Milano, presso il Refettorio delle Stelline nel centralissimo Corso Magenta. Una sede espositiva presto assurta a riferimento per il sistema dell\u2019arte, che ha portato a Milano e in Italia, sotto la direzione artistica di Giovanni Quadrio Curzio, grandi artisti internazionali come Andy Wharol, Sebastian Matta, Joseph Beuys, Georg Baselitz, Rodcenko, Victor Brauner, Olivier Debr\u00e9, Meret Oppenheim, Max Ernst, Jannis Kounellis ed esponenti della giovane arte italiana, poi diventati celebri.<br \/>\nDa questo progetto, il Gruppo Credito Valtellinese ha derivato altri, attivissimi spazi espositivi a Sondrio, presso la sede centrale dell\u2019Istituto, ad Acireale nella sede del Credito Siciliano e a Fano, sede della banca Carifano, anch\u2019essa entrata nella galassia del Credito Valtellinese. Nel tempo, per le quattro sedi sono stati ideati programmi espositivi di ricerca, sempre con un occhio al territorio e l\u2019altro al mondo internazionale. Un progetto tutt\u2019ora vivacissimo, rinnovato dalla nuova direzione artistica, curata da Cristina Quadrio Curzio e Leo Guerra.<\/p>\n<p>\u201cIl progetto Creval Contemporary vuole idealmente rappresentare \u2013 dichiara Giovanni De Censi, Presidente del Credito Valtellinese &#8211; il compendio dell\u2019intensa attivit\u00e0 promulgativa svolta dal nostro Gruppo nel settore artistico nell\u2019arco degli ultimi trent\u2019anni. Con questa iniziativa si intende offrire al pubblico, nell\u2019anno di Expo, un significativo spaccato della pregevolissima collezione di opere d\u2019 arte \u2013 nello specifico arte visiva &#8211; che il Gruppo ha nel tempo raccolto.\u201d<\/p>\n<p>Grazie ad uno scenografico allestimento, che modificher\u00e0 letteralmente lo spazio della galleria milanese, verr\u00e0 restituita al pubblico quella sensazione di domesticit\u00e0 che troppo spesso si \u00e8 perduta negli ambienti di lavoro e che le sedi del Gruppo Creval continuano a mantenere. Un catalogo caleidoscopico, a cura della Fondazione Gruppo Credito Valtellinese, che raccoglie testi tra gli altri di Dominique Stella e Mario Piazza, accompagner\u00e0 questa iniziativa culturale tesa a valorizzare e presentare al pubblico le opere d\u2019arte presenti nelle collezioni del Gruppo dagli anni \u201820 del Novecento fino ad oggi.<br \/>\nL\u2019excursus proposto tocca i grandi nomi dell\u2019arte italiana e internazionale, tra cui Andy Warhol, Sebastian Matta, Emilio Vedova, Arturo Martini, Roberto Crippa, Ruggero Savinio, Augustin Cardenas, Max Ernst, Arnaldo Pomodoro, Novello\u00a0Finotti, Ettore Sottsass, Emilio Isgr\u00f2, Takis, Giovanni Ragusa, Giuseppe Terragni, William Congdom, Turi Simeti, Anselmo Bucci, Tullio Pericoli, Daniel Spoerri, Filippo Avalle&#8230; Alcune opere portano alla ribalta artisti giovani ma quotati, come nel caso di Marco Anelli, Gianfranco Pulitano e Luca Conca. Altri nuclei collezionistici intendono invece valorizzare l\u2019humus artistico del territorio d\u2019origine del Credito Valtellinese, con opere di Luigi Bracchi, Velasco, Mario Negri, V\u00e1clav Sed\u00fd, Paolo Punzo, Giorgio Albertini ed Enrico Della Torre.<br \/>\nIl progetto espositivo si completa grazie ad una sezione speciale dedicata alla grafica \u2013 allestita presso la Galleria Credito Valtellinese di Sondrio e negli spazi del MVSA Museo Valtellinese di Storia e Arte \u2013 che propone una selezione di cataloghi d\u2019arte, manifesti e grafica integrata, che hanno costellato quasi trent\u2019anni di prestigiosa attivit\u00e0 espositiva.<\/p>\n<p>\u201cIl progetto Creval Contemporary \u2013 ideato e prodotto a cura interna \u2013 si pone\u201d, afferma Miro Fiordi, amministratore delegato del Gruppo, \u201cquale obiettivo principale la prosecuzione e il potenziamento della promozione culturale in ambito valtellinese e lombardo gi\u00e0 attuata dal Credito nel corso di quasi trent\u2019anni.<br \/>\nNella consapevolezza del ruolo fondamentale che l\u2019arte riveste nel processo di sviluppo civile e culturale della comunit\u00e0, rendere fruibile ad un pubblico pi\u00f9 vasto possibile il patrimonio culturale che il Gruppo ha costituito negli anni \u00e8 la mission conclamata della Fondazione Gruppo Credito Valtellinese. Questo impegno \u00e8 rimasto costante negli anni proprio perch\u00e9, attraverso la condivisione del proprio patrimonio culturale e artistico, il Gruppo intende educare ai linguaggi propri dell\u2019arte il pubblico del proprio territorio di appartenenza, aprendosi anche ad orizzonti nazionali ed internazionali\u201d.<\/p>\n<p><b><span style=\"text-decoration: underline;\">Coordinate mostra<\/p>\n<p><\/span>Titolo<\/b><br \/>\nCREVAL CONTEMPORARY<br \/>\n<b><br \/>\nSedi<br \/>\nGalleria Gruppo Credito Valtellinese<br \/>\nCorso Magenta n. 59 \u2013 Milano<\/p>\n<p>Galleria Credito Valtellinese<br \/>\nPiazza Quadrivio 8 &#8211; Sondrio<br \/>\n<\/b>MVSA<br \/>\nVia M. Quadrio, 27 &#8211; Sondrio<\/p>\n<p><b>Durata<br \/>\nMilano &#8211; <\/b>30 ottobre 2015 \u2013 27 febbraio 2016<br \/>\n<b>Sondrio<\/b> &#8211; 28 ottobre 2015 \u2013 27 febbraio 2016<br \/>\n<b><\/p>\n<p>Inaugurazioni:<br \/>\n<\/b>marted\u00ec 27 ottobre ore 18.30<br \/>\n<b>Sondrio<\/b>, Sala dei Balli Palazzo Sertoli<br \/>\ngioved\u00ec 29 ottobre ore 18.30<br \/>\n<b>Milano<\/b>, Galleria Gruppo Credito Valtellinese<br \/>\n<b><br \/>\nOrari e ingressi<br \/>\nMilano <\/b>Galleria Gruppo Credito Valtellinese<br \/>\nda luned\u00ec a sabato 13.00-19.00<br \/>\nchiuso domenica, 1 novembre, 8, 25 e 26 dicembre, 1 gennaio e 6 gennaio<\/p>\n<p><b>Sondrio<\/b> Galleria Credito Valtellinese<br \/>\nPiazza Quadrivio 8 &#8211; Sondrio<br \/>\nMVSA<br \/>\nVia M. Quadrio, 27 &#8211; Sondrio<br \/>\nMa-Ve h 09.00-12.00 15.00-18.00<br \/>\nChiusura sabato, domenica e luned\u00ec, 1 novembre, 8, 25 e 26 dicembre, 1 gennaio e 6 gennaio<\/p>\n<p><b>INGRESSO LIBERO<br \/>\n<\/b><br \/>\n<b>Informazioni al pubblico<\/b><br \/>\nGalleria Gruppo Credito Valtellinese<br \/>\ntel. +39 0248.008.015<br \/>\n<a href=\"mailto:galleriearte@creval.it\">galleriearte@creval.it<\/a> &#8211; <a href=\"http:\/\/www.creval.it\/\" target=\"_blank\">www.creval.it<\/a><\/p>\n","protected":false},"excerpt":{"rendered":"<p>&nbsp; All\u2019indomani della Grande Guerra, collezionare arte contemporanea per una piccola banca della Valtellina non era cosa del tutto ovvia. Cos\u00ec come \u00e8 stata una scelta innovativa, per la medesima banca, nel frattempo cresciuta in dimensioni e per visione, quella di offrire alla citt\u00e0 una Galleria \u201cpubblica\u201d dedicata all\u2019arte contemporanea nel cuore di Milano, presso &hellip; <a href=\"https:\/\/www.gdapress.it\/it\/index.php\/54327\/arte\/creval-contemporary-galleria-gruppo-credito-valtellinese-milano-e-sondrio.html\" class=\"more-link\">Read more <span class=\"screen-reader-text\">CREVAL CONTEMPORARY Galleria Gruppo Credito Valtellinese Milano  e Sondrio<\/span><\/a><\/p>\n","protected":false},"author":3,"featured_media":0,"comment_status":"closed","ping_status":"open","sticky":false,"template":"","format":"standard","meta":{"footnotes":""},"categories":[4],"tags":[16701,16702,17,2184],"class_list":["post-54327","post","type-post","status-publish","format-standard","hentry","category-arte","tag-creval-contemporary-galleria","tag-gruppo-credito-valtellinese","tag-milano","tag-sondrio"],"_links":{"self":[{"href":"https:\/\/www.gdapress.it\/it\/index.php\/wp-json\/wp\/v2\/posts\/54327","targetHints":{"allow":["GET"]}}],"collection":[{"href":"https:\/\/www.gdapress.it\/it\/index.php\/wp-json\/wp\/v2\/posts"}],"about":[{"href":"https:\/\/www.gdapress.it\/it\/index.php\/wp-json\/wp\/v2\/types\/post"}],"author":[{"embeddable":true,"href":"https:\/\/www.gdapress.it\/it\/index.php\/wp-json\/wp\/v2\/users\/3"}],"replies":[{"embeddable":true,"href":"https:\/\/www.gdapress.it\/it\/index.php\/wp-json\/wp\/v2\/comments?post=54327"}],"version-history":[{"count":1,"href":"https:\/\/www.gdapress.it\/it\/index.php\/wp-json\/wp\/v2\/posts\/54327\/revisions"}],"predecessor-version":[{"id":54329,"href":"https:\/\/www.gdapress.it\/it\/index.php\/wp-json\/wp\/v2\/posts\/54327\/revisions\/54329"}],"wp:attachment":[{"href":"https:\/\/www.gdapress.it\/it\/index.php\/wp-json\/wp\/v2\/media?parent=54327"}],"wp:term":[{"taxonomy":"category","embeddable":true,"href":"https:\/\/www.gdapress.it\/it\/index.php\/wp-json\/wp\/v2\/categories?post=54327"},{"taxonomy":"post_tag","embeddable":true,"href":"https:\/\/www.gdapress.it\/it\/index.php\/wp-json\/wp\/v2\/tags?post=54327"}],"curies":[{"name":"wp","href":"https:\/\/api.w.org\/{rel}","templated":true}]}}