
{"id":54262,"date":"2015-10-25T12:32:48","date_gmt":"2015-10-25T10:32:48","guid":{"rendered":"http:\/\/www.gdapress.it\/it\/?p=54262"},"modified":"2015-10-25T12:32:48","modified_gmt":"2015-10-25T10:32:48","slug":"expo-con-il-national-day-si-e-aperta-lultima-settimana-di-eventi-al-padiglione-ungherese","status":"publish","type":"post","link":"https:\/\/www.gdapress.it\/it\/index.php\/54262\/expo-2015-2\/expo-con-il-national-day-si-e-aperta-lultima-settimana-di-eventi-al-padiglione-ungherese.html","title":{"rendered":"Expo: con il national day si \u00e8 aperta l&#8217;ultima settimana di eventi al padiglione ungherese"},"content":{"rendered":"<table width=\"100%\">\n<tbody>\n<tr>\n<td><a href=\"http:\/\/www.gdapress.it\/it\/..\/public\/it\/2015\/10\/unnamed1.jpg\"><img loading=\"lazy\" decoding=\"async\" class=\"alignnone size-full wp-image-54263\" src=\"http:\/\/www.gdapress.it\/it\/..\/public\/it\/2015\/10\/unnamed1.jpg\" alt=\"unnamed\" width=\"200\" height=\"200\" srcset=\"https:\/\/www.gdapress.it\/it\/..\/public\/it\/2015\/10\/unnamed1.jpg 200w, https:\/\/www.gdapress.it\/it\/..\/public\/it\/2015\/10\/unnamed1-150x150.jpg 150w, https:\/\/www.gdapress.it\/it\/..\/public\/it\/2015\/10\/unnamed1-144x144.jpg 144w\" sizes=\"auto, (max-width: 200px) 100vw, 200px\" \/><\/a><\/p>\n<p><em>Si \u00e8 svolto il 23 ottobre \u00a0il national day dell&#8217;Ungheria all&#8217;Expo di Milano\u00a0per ricordare i fatti della rivoluzione ungherese del 1956:\u00a0uno dei momenti pi\u00f9 significativi della storia magiara del ventesimo secolo.\u00a0<\/em><br \/>\n<em>Con la festa nazionale ha preso il via l&#8217;ultima settimana di Expo: in programma tantissimi eventi e giornate tematiche per raccontare ai visitatori la storia e le tradizioni ungheresi. La settimana si concluder\u00e0 il 29 ottobre con il grande spettacolo del famoso escapologo David Merlini, che porter\u00e0 il pubblico nel mondo magico di Harry Houdini.\u00a0<\/em><\/p>\n<p>Il padiglione ungherese\u00a0ha\u00a0organizzato una serie di eventi per festeggiare l&#8217;ultima settimana dell&#8217;avventura Expo. I visitatori avranno la possibilit\u00e0 di fare un viaggio\u00a0ideale\u00a0all&#8217;interno della cultura e delle tradizioni magiare: mestieri, arti, cibo, spettacoli, concerti per conoscere tutte le sfaccettature di un paese affascinante e ricco di storia.<br \/>\nPartendo dal\u00a0national day di oggi, 23 ottobre, si potr\u00e0 partecipare\u00a0a\u00a0diverse giornate tematiche.\u00a0<strong>Quella del 24 ottobre sar\u00e0 dedicata alle operette ungheresi<\/strong>: si potr\u00e0 visitare una mostra fotografica sulla storia dell&#8217;operetta e assistere a\u00a0numerosi\u00a0spettacoli dal vivo. Il concerto serale\u00a0sar\u00e0 dedicato al famoso &#8220;La Principessa Cs\u00e0rd\u00e0s&#8221; che proprio quest&#8217;anno festeggia il suo 100\u00b0 anniversario.<\/p>\n<p>Il \u00a0<strong>25 ottobre si terr\u00e0 il Family Day<\/strong>, mentre il\u00a0<strong>26 sar\u00e0 la giornata dedicata ai prodotti enogastronomici<\/strong>\u00a0ungheresi.\u00a0La magia gitana sar\u00e0 al centro del programma del\u00a0<strong>27\u00a0ottobre:<\/strong>\u00a0musiche e balli tradizionali con\u00a0la banda di Ferenc S\u00e0nta (jr) e la banda di K\u00e0lm\u00e0n Balogh.<\/p>\n<p><strong>Il 29 ottobre sar\u00e0 la volta della giornata dell&#8217;innovazione<\/strong>: i visitatori del padiglione ungherese potranno conoscere in modo divertente tecnologie innovative legate alla sostenibilit\u00e0 e alla tutela dell&#8217;ambiente.\u00a0Si\u00a0svolger\u00e0\u00a0inoltre\u00a0il laboratorio,\u00a0per\u00a0adulti\u00a0e\u00a0bambini,\u00a0ReCreativity per\u00a0imparare\u00a0a realizzare e\u00a0trasformare\u00a0oggetti dando nuova vita a materiali destinati allo scarto.<\/p>\n<p>L&#8217;avventura di Expo terminer\u00e0\u00a0il 29 ottobre con il grandioso\u00a0spettacolo ideato e realizzato dal famoso escapologo\u00a0<strong>David Merlini, che porter\u00e0 il pubblico nel mondo magico di Harry Houdini<\/strong>, illusionista ungherese.<\/p>\n<p>Questa \u00e8 dunque l&#8217;ultima settimana\u00a0per visitare il padiglione ungherese, il cui progetto \u00e8 ispirato all\u0092Arca di No\u00e8, simbolo di salvezza, mentre le due estremit\u00e0 laterali richiamano i tamburi sciamanici che rimandano a radici antiche evidenziando il rapporto mistico con la natura. L\u0092ultimo piano ospita un giardino a cielo aperto, mentre nell\u0092area verde esterna al padiglione sono coltivate trentatr\u00e9 tipologie di frutta, verdura ed erbe medicinali. Al termine dell&#8217;Expo, l\u0092intera costruzione sar\u00e0 smontata, ricostruita e utilizzata come centro di ricerca in Ungheria.<\/p>\n<p>&nbsp;<\/td>\n<\/tr>\n<\/tbody>\n<\/table>\n<p>&nbsp;<\/p>\n","protected":false},"excerpt":{"rendered":"<p>Si \u00e8 svolto il 23 ottobre \u00a0il national day dell&#8217;Ungheria all&#8217;Expo di Milano\u00a0per ricordare i fatti della rivoluzione ungherese del 1956:\u00a0uno dei momenti pi\u00f9 significativi della storia magiara del ventesimo secolo.\u00a0 Con la festa nazionale ha preso il via l&#8217;ultima settimana di Expo: in programma tantissimi eventi e giornate tematiche per raccontare ai visitatori la &hellip; <a href=\"https:\/\/www.gdapress.it\/it\/index.php\/54262\/expo-2015-2\/expo-con-il-national-day-si-e-aperta-lultima-settimana-di-eventi-al-padiglione-ungherese.html\" class=\"more-link\">Read more <span class=\"screen-reader-text\">Expo: con il national day si \u00e8 aperta l&#8217;ultima settimana di eventi al padiglione ungherese<\/span><\/a><\/p>\n","protected":false},"author":3,"featured_media":0,"comment_status":"closed","ping_status":"open","sticky":false,"template":"","format":"standard","meta":{"footnotes":""},"categories":[12170],"tags":[1775,16533,16671],"class_list":["post-54262","post","type-post","status-publish","format-standard","hentry","category-expo-2015-2","tag-expo","tag-national-day","tag-padiglione-ungherese"],"_links":{"self":[{"href":"https:\/\/www.gdapress.it\/it\/index.php\/wp-json\/wp\/v2\/posts\/54262","targetHints":{"allow":["GET"]}}],"collection":[{"href":"https:\/\/www.gdapress.it\/it\/index.php\/wp-json\/wp\/v2\/posts"}],"about":[{"href":"https:\/\/www.gdapress.it\/it\/index.php\/wp-json\/wp\/v2\/types\/post"}],"author":[{"embeddable":true,"href":"https:\/\/www.gdapress.it\/it\/index.php\/wp-json\/wp\/v2\/users\/3"}],"replies":[{"embeddable":true,"href":"https:\/\/www.gdapress.it\/it\/index.php\/wp-json\/wp\/v2\/comments?post=54262"}],"version-history":[{"count":1,"href":"https:\/\/www.gdapress.it\/it\/index.php\/wp-json\/wp\/v2\/posts\/54262\/revisions"}],"predecessor-version":[{"id":54264,"href":"https:\/\/www.gdapress.it\/it\/index.php\/wp-json\/wp\/v2\/posts\/54262\/revisions\/54264"}],"wp:attachment":[{"href":"https:\/\/www.gdapress.it\/it\/index.php\/wp-json\/wp\/v2\/media?parent=54262"}],"wp:term":[{"taxonomy":"category","embeddable":true,"href":"https:\/\/www.gdapress.it\/it\/index.php\/wp-json\/wp\/v2\/categories?post=54262"},{"taxonomy":"post_tag","embeddable":true,"href":"https:\/\/www.gdapress.it\/it\/index.php\/wp-json\/wp\/v2\/tags?post=54262"}],"curies":[{"name":"wp","href":"https:\/\/api.w.org\/{rel}","templated":true}]}}