
{"id":54215,"date":"2015-10-25T00:24:12","date_gmt":"2015-10-24T22:24:12","guid":{"rendered":"http:\/\/www.gdapress.it\/it\/?p=54215"},"modified":"2015-10-25T00:24:12","modified_gmt":"2015-10-24T22:24:12","slug":"unicredit-pavilion-laccademia-dellannunciata-con-il-concerto-europa-barocca","status":"publish","type":"post","link":"https:\/\/www.gdapress.it\/it\/index.php\/54215\/musica\/unicredit-pavilion-laccademia-dellannunciata-con-il-concerto-europa-barocca.html","title":{"rendered":"UniCredit Pavilion L&#8217;Accademia dell\u2019Annunciata con il concerto \u201cEuropa Barocca\u201d"},"content":{"rendered":"<p class=\"ecxMsoNormal\" align=\"center\"><b><span lang=\"IT\">L\u2019incanto delle musiche barocche<\/span><\/b><\/p>\n<p class=\"ecxMsoNormal\" align=\"center\"><b><span lang=\"IT\">all\u2019UniCredit Pavilion<\/span><\/b><\/p>\n<p class=\"ecxMsoNormal\" align=\"center\"><b><span lang=\"IT\">domenica 25 ottobre<\/span><\/b><\/p>\n<p class=\"ecxMsoNormal\" align=\"center\"><b><span lang=\"IT\">concerto dell\u2019Accademia dell\u2019Annunciata<\/span><\/b><\/p>\n<p class=\"ecxMsoNormal\" align=\"center\"><b><span lang=\"IT\">ingresso gratuito<\/span><\/b><\/p>\n<p class=\"ecxMsoNormal\" align=\"center\"><span lang=\"IT\">\u00a0<\/span><\/p>\n<p class=\"ecxMsoNormal\"><span lang=\"IT\">Domenica 25 ottobre alle ore 18.00 UniCredit Pavilion, il nuovo spazio polifunzionale aperto alla citt\u00e0 in piazza Gae Aulenti, ospita l\u2019Accademia dell\u2019Annunciata con il concerto \u201cEuropa Barocca\u201d (ingresso gratuito).<\/span><\/p>\n<p class=\"ecxMsoNormal\"><span lang=\"IT\">\u00a0<\/span><\/p>\n<p class=\"ecxMsoNormal\"><span lang=\"IT\">UniCredit Pavilion risuoner\u00e0 con brani del 600 e 700 europeo; il programma prevede brani di Vivaldi e H\u00e4ndel, arrivando fino ai virtuosismi dei violini nell\u2019opera di Fischer e ai \u201ccolpi\u201d d\u2019improvvisazione del lucchese Geminiani.<\/span><\/p>\n<p class=\"ecxMsoNormal\"><span lang=\"IT\">\u00a0<\/span><\/p>\n<p class=\"ecxMsoNormal\"><span lang=\"IT\">I quindici giovani musicisti dell\u2019ensemble, diretti dal maestro Riccardo Doni, eseguiranno partiture di straordinaria bellezza con strumenti dell\u2019epoca o fedelissime copie, per ricreare al meglio l\u2019atmosfera nella quale vennero composte le opere.<\/span><\/p>\n<p class=\"ecxMsoNormal\"><span lang=\"IT\">\u00a0<\/span><\/p>\n<p class=\"ecxMsoNormal\"><span lang=\"IT\">Fondata a Abbiategrasso nel 2009, l\u2019Accademia dell\u2019Annunciata \u00e8 un ensemble formato da giovani studenti di Conservatori e Scuole Civiche Musicali, guidati da Maestri di grande fama ed esperienza internazionale. L\u2019Accademia \u00e8 una realt\u00e0 pressoch\u00e9 unica a livello nazionale, che persegue finalit\u00e0 didattiche, di musica d\u2019insieme, di spirito comunitario, con un approccio formativo in forma di &#8220;cantiere d&#8217;arte&#8221; che permette agli allievi di approfondire aspetti musicali di solito solo sfiorati nei normali percorsi didattici dedicati alla musica antica.<\/span><\/p>\n<p class=\"ecxMsoNormal\"><span lang=\"IT\">\u00a0<\/span><\/p>\n<p class=\"ecxMsoNormal\"><b><span lang=\"IT\">Europa Barocca &#8211; programma<\/span><\/b><\/p>\n<p class=\"ecxMsoNormal\"><i><span lang=\"IT\">\u00a0<\/span><\/i><\/p>\n<p class=\"ecxMsoNormal\"><i><span lang=\"IT\">J.G. Ferdinand Fischer<\/span><\/i><\/p>\n<p class=\"ecxMsoNormal\"><span lang=\"IT\">Suite I da \u201cLe Journal de Printemps\u201d<\/span><\/p>\n<p class=\"ecxMsoNormal\"><i><span lang=\"IT\">\u00a0<\/span><\/i><\/p>\n<p class=\"ecxMsoNormal\"><i><span lang=\"DE\">Ignaz Franz von Biber<\/span><\/i><\/p>\n<p class=\"ecxMsoNormal\"><span lang=\"DE\">Battalla (1673)<\/span><\/p>\n<p class=\"ecxMsoNormal\"><i><span lang=\"DE\">\u00a0<\/span><\/i><\/p>\n<p class=\"ecxMsoNormal\"><i><span lang=\"IT\">Francesco Geminiani<\/span><\/i><\/p>\n<p class=\"ecxMsoNormal\"><span lang=\"IT\">Concerto grosso \u201cLa Follia\u201d op. 5 n. 12<\/span><\/p>\n<p class=\"ecxMsoNormal\"><i><span lang=\"IT\">\u00a0<\/span><\/i><\/p>\n<p class=\"ecxMsoNormal\"><i><span lang=\"IT\">Antonio Vivaldi<\/span><\/i><\/p>\n<p class=\"ecxMsoNormal\"><span lang=\"IT\">Concerto in Fa maggiore \u201cL\u2019Autunno\u201d da \u201cIl Cimento dell\u2019Armonia e dell\u2019Invenzione\u201d<\/span><\/p>\n<p class=\"ecxMsoNormal\"><span lang=\"IT\">Concerto in Sol min RV 513<\/span><\/p>\n<p class=\"ecxMsoNormal\"><i><span lang=\"IT\">\u00a0<\/span><\/i><\/p>\n<p class=\"ecxMsoNormal\"><i><span lang=\"IT\">G. Friedrich Haendel<\/span><\/i><\/p>\n<p class=\"ecxMsoNormal\"><span lang=\"IT\">Ouverture da \u201cAlcina\u201d HWV 34<\/span><\/p>\n<p class=\"ecxMsoNormal\"><span lang=\"IT\">Concerto Grosso in Sib Magg Op. 3 n. 2<\/span><\/p>\n<p class=\"ecxMsoNormal\"><span lang=\"IT\">\u00a0<\/span><\/p>\n<p class=\"ecxMsoNormal\"><b><span lang=\"IT\">Ingresso gratuito<\/span><\/b><\/p>\n<p class=\"ecxMsoNormal\"><span lang=\"IT\">\u00e8 possibile richiedere il proprio biglietto gratuito al botteghino di UniCredit Pavilion o dal sito <\/span><a href=\"http:\/\/www.geticket.it\/\" target=\"_blank\"><span lang=\"IT\">www.geticket.it<\/span><\/a><\/p>\n","protected":false},"excerpt":{"rendered":"<p>L\u2019incanto delle musiche barocche all\u2019UniCredit Pavilion domenica 25 ottobre concerto dell\u2019Accademia dell\u2019Annunciata ingresso gratuito \u00a0 Domenica 25 ottobre alle ore 18.00 UniCredit Pavilion, il nuovo spazio polifunzionale aperto alla citt\u00e0 in piazza Gae Aulenti, ospita l\u2019Accademia dell\u2019Annunciata con il concerto \u201cEuropa Barocca\u201d (ingresso gratuito). \u00a0 UniCredit Pavilion risuoner\u00e0 con brani del 600 e 700 europeo; &hellip; <a href=\"https:\/\/www.gdapress.it\/it\/index.php\/54215\/musica\/unicredit-pavilion-laccademia-dellannunciata-con-il-concerto-europa-barocca.html\" class=\"more-link\">Read more <span class=\"screen-reader-text\">UniCredit Pavilion L&#8217;Accademia dell\u2019Annunciata con il concerto \u201cEuropa Barocca\u201d<\/span><\/a><\/p>\n","protected":false},"author":3,"featured_media":0,"comment_status":"closed","ping_status":"open","sticky":false,"template":"","format":"standard","meta":{"footnotes":""},"categories":[19],"tags":[16652,616,16277,16653],"class_list":["post-54215","post","type-post","status-publish","format-standard","hentry","category-musica","tag-accademia-dellannunciata","tag-concerto","tag-unicredit-pavilion","tag-europa-barocca"],"_links":{"self":[{"href":"https:\/\/www.gdapress.it\/it\/index.php\/wp-json\/wp\/v2\/posts\/54215","targetHints":{"allow":["GET"]}}],"collection":[{"href":"https:\/\/www.gdapress.it\/it\/index.php\/wp-json\/wp\/v2\/posts"}],"about":[{"href":"https:\/\/www.gdapress.it\/it\/index.php\/wp-json\/wp\/v2\/types\/post"}],"author":[{"embeddable":true,"href":"https:\/\/www.gdapress.it\/it\/index.php\/wp-json\/wp\/v2\/users\/3"}],"replies":[{"embeddable":true,"href":"https:\/\/www.gdapress.it\/it\/index.php\/wp-json\/wp\/v2\/comments?post=54215"}],"version-history":[{"count":1,"href":"https:\/\/www.gdapress.it\/it\/index.php\/wp-json\/wp\/v2\/posts\/54215\/revisions"}],"predecessor-version":[{"id":54216,"href":"https:\/\/www.gdapress.it\/it\/index.php\/wp-json\/wp\/v2\/posts\/54215\/revisions\/54216"}],"wp:attachment":[{"href":"https:\/\/www.gdapress.it\/it\/index.php\/wp-json\/wp\/v2\/media?parent=54215"}],"wp:term":[{"taxonomy":"category","embeddable":true,"href":"https:\/\/www.gdapress.it\/it\/index.php\/wp-json\/wp\/v2\/categories?post=54215"},{"taxonomy":"post_tag","embeddable":true,"href":"https:\/\/www.gdapress.it\/it\/index.php\/wp-json\/wp\/v2\/tags?post=54215"}],"curies":[{"name":"wp","href":"https:\/\/api.w.org\/{rel}","templated":true}]}}