
{"id":54212,"date":"2015-10-24T00:01:44","date_gmt":"2015-10-23T22:01:44","guid":{"rendered":"http:\/\/www.gdapress.it\/it\/?p=54212"},"modified":"2015-10-25T00:05:59","modified_gmt":"2015-10-24T22:05:59","slug":"42-mostra-dellartigianato","status":"publish","type":"post","link":"https:\/\/www.gdapress.it\/it\/index.php\/54212\/appuntamenti\/42-mostra-dellartigianato.html","title":{"rendered":"42^ Mostra dell\u2019Artigianato"},"content":{"rendered":"<p><a href=\"http:\/\/www.gdapress.it\/it\/..\/public\/it\/2015\/10\/IMG_4601.jpg\"><img loading=\"lazy\" decoding=\"async\" class=\"alignnone size-medium wp-image-54213\" src=\"http:\/\/www.gdapress.it\/it\/..\/public\/it\/2015\/10\/IMG_4601-300x225.jpg\" alt=\"IMG_4601\" width=\"300\" height=\"225\" srcset=\"https:\/\/www.gdapress.it\/it\/..\/public\/it\/2015\/10\/IMG_4601-300x225.jpg 300w, https:\/\/www.gdapress.it\/it\/..\/public\/it\/2015\/10\/IMG_4601-500x375.jpg 500w, https:\/\/www.gdapress.it\/it\/..\/public\/it\/2015\/10\/IMG_4601-900x676.jpg 900w\" sizes=\"auto, (max-width: 300px) 100vw, 300px\" \/><\/a><\/p>\n<p>&nbsp;<\/p>\n<p>Storica vetrina per le <strong>eccellenze artigiane d\u2019Italia<\/strong>, la <strong>42^ Mostra dell\u2019Artigianato<\/strong> di Erba si configura quale punto d\u2019incontro privilegiato fra la domanda e l\u2019offerta di un prodotto \u201csu misura\u201d, nell\u2019intento di valorizzare il know-how di una tradizione consolidata ma messa a dura prova da un momento economico sfavorevole e da un crescente processo di standardizzazione che sembra lasciare poco spazio alla creativit\u00e0 dei maestri artigiani.<\/p>\n<p>Da sempre sensibile alle esigenze dei suoi affiliati, <strong>Confartigianato Como <\/strong>e<strong> Lecco<\/strong>, insieme al <strong>Centro Espositivo Lariofiere<\/strong>, organizza quest\u2019anno, <strong>dal 24 ottobre al 1\u00b0 novembre<\/strong>, un Salone dedicato al tema del <strong>\u201cfare con cura\u201d<\/strong>, accogliendo espositori provenienti da tutti i settori dell\u2019universo artigiano: dall\u2019arredamento all\u2019alimentare, dalla moda alle nuove tecnologie, con condizioni di partecipazione agevolate per le imprese artigiane riconducibili all\u2019area Benessere e all\u2019area Natale.<\/p>\n<p>Grazie agli oltre 42.000 visitatori annui, la Mostra dell\u2019Artigianato rappresenta un\u2019occasione unica per <strong>promuovere la propria realt\u00e0 imprenditoriale<\/strong> su un territorio culturalmente vivace e dalle notevoli potenzialit\u00e0 economiche, culla ideale per <strong>nuove idee di business<\/strong> e <strong>relazioni commerciali<\/strong> dalle prospettive incoraggianti.<\/p>\n<p>Allo scopo di agevolarne la visita, il Salone \u00e8 stato suddiviso in <strong>aree tematiche <\/strong>corrispondenti ai principali filoni espositivi, a partire da quello del <strong>legno-arredo<\/strong>, particolarmente legato alla <strong>tradizione mobiliera di qualit\u00e0<\/strong> della Brianza comasca e monzese. Complice un\u2019atmosfera all\u2019altezza dei grandi showroom, con allestimenti ricercati, giochi di luce sapientemente studiati per impreziosire ogni singolo elemento e ambientazioni di forte impatto emozionale, l\u2019area dedicata al mobile affianca proposte di arredamento moderno e dal design innovativo a soluzioni per una casa pi\u00f9 classica o, al contrario, pi\u00f9 incline a recepire gli input delle nuove tecnologie.<\/p>\n<p>Confermato anche per il 2015, dopo il successo riscontrato nella scorsa edizione, il servizio <strong>\u201csu misura\u201d<\/strong>, che prevede la consulenza professionale gratuita e personalizzata di un team di architetti e designer in grado di assecondare le richieste del cliente pi\u00f9 esigente, a cui saranno proposte soluzioni d\u2019arredo originali ed innovative, in linea con le preferenze individuali.<\/p>\n<p>Forte di una vocazione tessile particolarmente radicata sul territorio, che annovera storicamente il Distretto di Como quale polo di prim\u2019ordine nella produzione della seta e quello di Lecco quale leader nella realizzazione di tessuti per l\u2019arredamento, la Mostra dell\u2019Artigianato proporr\u00e0 un\u2019<strong>Area Moda<\/strong>, \u00a0nella quale saranno promosse e valorizzate l\u2019abilit\u00e0 sartoriale e artigiana, ingrediente indispensabile all\u2019affermazione del \u201cmade in Italy\u201d nel panorama mondiale. Il progetto espositivo condurr\u00e0 il pubblico in un viaggio conoscitivo attraverso tessuti, abiti da boutique, gioielli, calzature e accessori, tutti caratterizzati dal marchio delle maestranze artigiane.<\/p>\n<p>Per il secondo anno consecutivo la Mostra dell\u2019Artigianato riproporr\u00e0 inoltre l\u2019<strong>Area Benessere<\/strong>, all\u2019interno della quale saranno ospitati i <strong>professionisti dell\u2019estetica e dell\u2019acconciatura<\/strong>, nell\u2019ottica di una crescente valorizzazione di un settore tanto sottovalutato quanto fondamentale nell\u2019universo artigiano: nei nove giorni del Salone, i visitatori saranno guidati in una vera e propria SPA in cui sar\u00e0 possibile sperimentare in prima persona trattamenti di bellezza, cosmetici e prodotti specifici, sempre sotto la supervisione di professionisti del settore.<\/p>\n<p>Considerato il periodo pre-natalizio in cui si svolger\u00e0 la Mostra dell\u2019Artigianato, si \u00e8 pensato ancora una volta di riservare una particolare attenzione all\u2019<strong>Area Regalo<\/strong>, uno spazio tematico che intreccia il percorso esperienziale fatto di giochi, animazioni e laboratori per famiglie, a quello pi\u00f9 commerciale, nel quale saranno esposti addobbi natalizi per arredare la casa, preparare la tavola e confezionare un men\u00f9 delle feste all\u2019altezza delle aspettative degli ospiti pi\u00f9 esigenti. L\u2019estrema variet\u00e0 di manufatti artigiani presenti al Salone permetter\u00e0 ai visitatori di acquistare regali natalizi originali e ricercati, spaziando dalle ceramiche agli accessori in pelle, fino ai vasi in vetro soffiato.<\/p>\n<p>Al Salone lariano, che quest\u2019anno andr\u00e0 in scena proprio nella settimana conclusiva dell\u2019Esposizione Universale di Milano,\u00a0 le <strong>eccellenze agroalimentari<\/strong> tipiche di tutte le regioni d\u2019Italia troveranno spazio nell\u2019<strong>Area Food<\/strong>, in cui saranno organizzati percorsi di degustazione e viaggi sensoriali orientati ad una maggiore conoscenza della materia prima e dell\u2019abilit\u00e0 di trasformazione artigiana in prodotto d\u2019eccellenza.<\/p>\n<p>Punto di forza del Salone, che cerca di rinnovarsi di anno in anno andando incontro alle nuove richieste del mercato globale, sar\u00e0 \u00a0l\u2019<strong>Area Nuove Tecnologie<\/strong>, in cui saranno illustrati i pi\u00f9 moderni strumenti tecnologici al servizio delle aziende impegnate nel processo di digitalizzazione: accanto ai moderni sistemi di comunicazione web 2.0, verr\u00e0 mostrato il funzionamento delle stampanti 3D e dei dispositivi telefonici di ultima generazione con applicazioni utili allo studio, a lavoro e al tempo libero. All\u2019interno dello spazio dedicato alle nuove tecnologie, saranno infine rappresentati progetti innovativi rivolti alle imprese artigiane ed esempi di realt\u00e0 imprenditoriali che hanno individuato nel processo di aggiornamento tecnologico il fulcro della loro attivit\u00e0, da affiancarsi naturalmente alla tradizionale manualit\u00e0 tipica del \u201cmade in Italy\u201d.<\/p>\n<p><strong><span style=\"text-decoration: underline;\">Scheda tecnica<\/span><\/strong><\/p>\n<p><strong>Dove: <\/strong>Centro espositivo Lariofiere \u2013 Erba (CO)<\/p>\n<p><strong>Quando: <\/strong>dal 24 ottobre al 1\u00b0 novembre<\/p>\n<p><strong>Orari:<\/strong> Sabato ore 10.00-22.30; domenica ore 10.00-20.00; gioved\u00ec e venerd\u00ec ore 10.00-22.30; tutti gli altri giorni ore 15.00-22.30.<\/p>\n<p><strong>Ingresso: <\/strong>Biglietto intero 4 euro I Biglietto ridotto 2 euro (oltre i 65 anni di et\u00e0)I Ingresso omaggio per i bambini fino ai 10 anni.<\/p>\n<p><strong>Promozioni famiglia: <\/strong>\u00a08 euro \u00a0per famiglie composte da 2 genitori+1 figlio di et\u00e0 inferiore a 18 anni<\/p>\n<p>10 euro per famiglie composte da 2 genitori + 2 figli di et\u00e0 inferiore a 18 anni<\/p>\n<p>&nbsp;<\/p>\n<p>&nbsp;<\/p>\n","protected":false},"excerpt":{"rendered":"<p>&nbsp; Storica vetrina per le eccellenze artigiane d\u2019Italia, la 42^ Mostra dell\u2019Artigianato di Erba si configura quale punto d\u2019incontro privilegiato fra la domanda e l\u2019offerta di un prodotto \u201csu misura\u201d, nell\u2019intento di valorizzare il know-how di una tradizione consolidata ma messa a dura prova da un momento economico sfavorevole e da un crescente processo di &hellip; <a href=\"https:\/\/www.gdapress.it\/it\/index.php\/54212\/appuntamenti\/42-mostra-dellartigianato.html\" class=\"more-link\">Read more <span class=\"screen-reader-text\">42^ Mostra dell\u2019Artigianato<\/span><\/a><\/p>\n","protected":false},"author":3,"featured_media":0,"comment_status":"closed","ping_status":"open","sticky":false,"template":"","format":"standard","meta":{"footnotes":""},"categories":[2245],"tags":[],"class_list":["post-54212","post","type-post","status-publish","format-standard","hentry","category-appuntamenti"],"_links":{"self":[{"href":"https:\/\/www.gdapress.it\/it\/index.php\/wp-json\/wp\/v2\/posts\/54212","targetHints":{"allow":["GET"]}}],"collection":[{"href":"https:\/\/www.gdapress.it\/it\/index.php\/wp-json\/wp\/v2\/posts"}],"about":[{"href":"https:\/\/www.gdapress.it\/it\/index.php\/wp-json\/wp\/v2\/types\/post"}],"author":[{"embeddable":true,"href":"https:\/\/www.gdapress.it\/it\/index.php\/wp-json\/wp\/v2\/users\/3"}],"replies":[{"embeddable":true,"href":"https:\/\/www.gdapress.it\/it\/index.php\/wp-json\/wp\/v2\/comments?post=54212"}],"version-history":[{"count":1,"href":"https:\/\/www.gdapress.it\/it\/index.php\/wp-json\/wp\/v2\/posts\/54212\/revisions"}],"predecessor-version":[{"id":54214,"href":"https:\/\/www.gdapress.it\/it\/index.php\/wp-json\/wp\/v2\/posts\/54212\/revisions\/54214"}],"wp:attachment":[{"href":"https:\/\/www.gdapress.it\/it\/index.php\/wp-json\/wp\/v2\/media?parent=54212"}],"wp:term":[{"taxonomy":"category","embeddable":true,"href":"https:\/\/www.gdapress.it\/it\/index.php\/wp-json\/wp\/v2\/categories?post=54212"},{"taxonomy":"post_tag","embeddable":true,"href":"https:\/\/www.gdapress.it\/it\/index.php\/wp-json\/wp\/v2\/tags?post=54212"}],"curies":[{"name":"wp","href":"https:\/\/api.w.org\/{rel}","templated":true}]}}