
{"id":54161,"date":"2015-10-20T09:24:26","date_gmt":"2015-10-20T07:24:26","guid":{"rendered":"http:\/\/www.gdapress.it\/it\/?p=54161"},"modified":"2015-10-20T21:27:44","modified_gmt":"2015-10-20T19:27:44","slug":"vini-pala-expo-2015-the-waterstone","status":"publish","type":"post","link":"https:\/\/www.gdapress.it\/it\/index.php\/54161\/expo-2015-2\/vini-pala-expo-2015-the-waterstone.html","title":{"rendered":"Vini PALA Expo 2015 The Waterstone"},"content":{"rendered":"<table border=\"0\" width=\"670\" cellspacing=\"0\" cellpadding=\"0\" align=\"center\">\n<tbody>\n<tr>\n<td colspan=\"2\" align=\"left\" bgcolor=\"#FFFFFF\">\n<div style=\"text-align: left;\" align=\"right\"><a href=\"http:\/\/www.gdapress.it\/it\/..\/public\/it\/2015\/10\/ImageProxy-6.jpg\"><img loading=\"lazy\" decoding=\"async\" class=\"alignnone size-large wp-image-54162\" src=\"http:\/\/www.gdapress.it\/it\/..\/public\/it\/2015\/10\/ImageProxy-6-500x185.jpg\" alt=\"ImageProxy (6)\" width=\"500\" height=\"185\" srcset=\"https:\/\/www.gdapress.it\/it\/..\/public\/it\/2015\/10\/ImageProxy-6-500x185.jpg 500w, https:\/\/www.gdapress.it\/it\/..\/public\/it\/2015\/10\/ImageProxy-6-300x111.jpg 300w, https:\/\/www.gdapress.it\/it\/..\/public\/it\/2015\/10\/ImageProxy-6.jpg 640w\" sizes=\"auto, (max-width: 500px) 100vw, 500px\" \/><\/a><\/div>\n<div style=\"text-align: left;\" align=\"right\"><\/div>\n<div style=\"text-align: left;\" align=\"right\">Mario Pala ha saputo trasformare l\u2019azienda di famiglia in una moderna realt\u00e0,<br \/>\ntra le pi\u00f9 apprezzate e innovative del panorama vitivinicolo dell\u2019isola,<br \/>\ngrazie a una meticolosa cura della qualit\u00e0, una grande attenzione al dettaglio<br \/>\ne una costante fedelt\u00e0 alle radici sarde.La filosofia produttiva punta alla creazione di vini di qualit\u00e0 a forte vocazione territoriale<br \/>\nprovenienti da viti coltivate con metodi tradizionali e secondo le regole della coltivazione biologica integrata<br \/>\nin sette tenute agricole dotate di una esposizione ottimale.<br \/>\nPala ha scelto di concentrarsi sulla valorizzazione dei pi\u00f9 antichi vitigni sardi<br \/>\ncome Nuragus, Nasco, Bovale e Monica, cui si aggiungono<br \/>\nil Vermentino, che si esalta nel sud dell\u2019isola,<br \/>\ne il Cannonau, la cui riserva \u00e8 pluripremiata.<br \/>\nIl raro utilizzo di vitigni internazionali \u00e8 finalizzato all\u2019esaltazione<br \/>\ne all\u2019affinamento dei gusti peculiari dei vitigni sardi.<\/p>\n<p>Risultato:<br \/>\n16 etichette, tra bianchi, rossi, rosati, vini da dessert, dolci, morbidi o robusti<br \/>\noltre 500.000 bottiglie prodotte all\u2019anno,<br \/>\ndestinate per il 40% al mercato italiano e per il restante 60% a una ventina di paesi del mondo.<br \/>\nMoltissimi riconoscimenti da parte di autorevoli guide<br \/>\ne riviste di settore e nei concorsi enologici in tutto il mondo.<\/p>\n<p>Accanto alla riscoperta e alla valorizzazione di vitigni autoctoni,<br \/>\nPala pone una grande attenzione a tutto ci\u00f2 che ruota intorno al vino:<br \/>\nil cibo, il territorio, la cultura.<\/p>\n<p>marted\u00ec 20 ottobre<br \/>\ndalle 10,30 alle 13,30<br \/>\nEXPO MILANO 2015<br \/>\nThe Waterstone by Intesa SanPaolo<br \/>\nPadiglione 73 &#8211; G17<\/p>\n<p><a class=\"ecxcollegamento\" href=\"http:\/\/www.pala.it\/\" target=\"_blank\">Pala, wine life<\/a><\/p>\n<\/div>\n<\/td>\n<td bgcolor=\"#FFFFFF\" width=\"15\"><\/td>\n<\/tr>\n<tr>\n<td bgcolor=\"#FFFFFF\" width=\"15\"><\/td>\n<td colspan=\"2\" bgcolor=\"#FFFFFF\" height=\"30\"><\/td>\n<\/tr>\n<\/tbody>\n<\/table>\n","protected":false},"excerpt":{"rendered":"<p>Mario Pala ha saputo trasformare l\u2019azienda di famiglia in una moderna realt\u00e0, tra le pi\u00f9 apprezzate e innovative del panorama vitivinicolo dell\u2019isola, grazie a una meticolosa cura della qualit\u00e0, una grande attenzione al dettaglio e una costante fedelt\u00e0 alle radici sarde.La filosofia produttiva punta alla creazione di vini di qualit\u00e0 a forte vocazione territoriale provenienti &hellip; <a href=\"https:\/\/www.gdapress.it\/it\/index.php\/54161\/expo-2015-2\/vini-pala-expo-2015-the-waterstone.html\" class=\"more-link\">Read more <span class=\"screen-reader-text\">Vini PALA Expo 2015 The Waterstone<\/span><\/a><\/p>\n","protected":false},"author":3,"featured_media":0,"comment_status":"closed","ping_status":"open","sticky":false,"template":"","format":"standard","meta":{"footnotes":""},"categories":[12170],"tags":[622,13129,16362,1345],"class_list":["post-54161","post","type-post","status-publish","format-standard","hentry","category-expo-2015-2","tag-expo-2015","tag-pala","tag-the-waterstone","tag-vini"],"_links":{"self":[{"href":"https:\/\/www.gdapress.it\/it\/index.php\/wp-json\/wp\/v2\/posts\/54161","targetHints":{"allow":["GET"]}}],"collection":[{"href":"https:\/\/www.gdapress.it\/it\/index.php\/wp-json\/wp\/v2\/posts"}],"about":[{"href":"https:\/\/www.gdapress.it\/it\/index.php\/wp-json\/wp\/v2\/types\/post"}],"author":[{"embeddable":true,"href":"https:\/\/www.gdapress.it\/it\/index.php\/wp-json\/wp\/v2\/users\/3"}],"replies":[{"embeddable":true,"href":"https:\/\/www.gdapress.it\/it\/index.php\/wp-json\/wp\/v2\/comments?post=54161"}],"version-history":[{"count":2,"href":"https:\/\/www.gdapress.it\/it\/index.php\/wp-json\/wp\/v2\/posts\/54161\/revisions"}],"predecessor-version":[{"id":54164,"href":"https:\/\/www.gdapress.it\/it\/index.php\/wp-json\/wp\/v2\/posts\/54161\/revisions\/54164"}],"wp:attachment":[{"href":"https:\/\/www.gdapress.it\/it\/index.php\/wp-json\/wp\/v2\/media?parent=54161"}],"wp:term":[{"taxonomy":"category","embeddable":true,"href":"https:\/\/www.gdapress.it\/it\/index.php\/wp-json\/wp\/v2\/categories?post=54161"},{"taxonomy":"post_tag","embeddable":true,"href":"https:\/\/www.gdapress.it\/it\/index.php\/wp-json\/wp\/v2\/tags?post=54161"}],"curies":[{"name":"wp","href":"https:\/\/api.w.org\/{rel}","templated":true}]}}