
{"id":54096,"date":"2015-10-19T22:00:35","date_gmt":"2015-10-19T20:00:35","guid":{"rendered":"http:\/\/www.gdapress.it\/it\/?p=54096"},"modified":"2015-10-19T22:00:35","modified_gmt":"2015-10-19T20:00:35","slug":"il-design-mininal-e-ad-alto-impatto-stilistico-delle-collezioni-icone-luce-si-mette-in-mostra","status":"publish","type":"post","link":"https:\/\/www.gdapress.it\/it\/index.php\/54096\/design\/il-design-mininal-e-ad-alto-impatto-stilistico-delle-collezioni-icone-luce-si-mette-in-mostra.html","title":{"rendered":"Il design mininal e ad alto impatto stilistico delle collezioni Icone Luce si mette in mostra"},"content":{"rendered":"<p><a href=\"http:\/\/www.gdapress.it\/it\/..\/public\/it\/2015\/10\/3_Marco-Pagnoncelli-copia.jpg\"><img loading=\"lazy\" decoding=\"async\" class=\"alignnone size-medium wp-image-54097\" src=\"http:\/\/www.gdapress.it\/it\/..\/public\/it\/2015\/10\/3_Marco-Pagnoncelli-copia-200x300.jpg\" alt=\"3_Marco Pagnoncelli copia\" width=\"200\" height=\"300\" srcset=\"https:\/\/www.gdapress.it\/it\/..\/public\/it\/2015\/10\/3_Marco-Pagnoncelli-copia-200x300.jpg 200w, https:\/\/www.gdapress.it\/it\/..\/public\/it\/2015\/10\/3_Marco-Pagnoncelli-copia-267x400.jpg 267w, https:\/\/www.gdapress.it\/it\/..\/public\/it\/2015\/10\/3_Marco-Pagnoncelli-copia-451x676.jpg 451w\" sizes=\"auto, (max-width: 200px) 100vw, 200px\" \/><\/a>\u00a0<a href=\"http:\/\/www.gdapress.it\/it\/..\/public\/it\/2015\/10\/copia.jpg\"><img loading=\"lazy\" decoding=\"async\" class=\"alignnone size-medium wp-image-54098\" src=\"http:\/\/www.gdapress.it\/it\/..\/public\/it\/2015\/10\/copia-300x200.jpg\" alt=\"copia\" width=\"300\" height=\"200\" srcset=\"https:\/\/www.gdapress.it\/it\/..\/public\/it\/2015\/10\/copia-300x200.jpg 300w, https:\/\/www.gdapress.it\/it\/..\/public\/it\/2015\/10\/copia-500x333.jpg 500w, https:\/\/www.gdapress.it\/it\/..\/public\/it\/2015\/10\/copia-900x600.jpg 900w, https:\/\/www.gdapress.it\/it\/..\/public\/it\/2015\/10\/copia.jpg 1800w\" sizes=\"auto, (max-width: 300px) 100vw, 300px\" \/><\/a>\u00a0<a href=\"http:\/\/www.gdapress.it\/it\/..\/public\/it\/2015\/10\/Arbor-5.jpg\"><img loading=\"lazy\" decoding=\"async\" class=\"alignnone size-medium wp-image-54099\" src=\"http:\/\/www.gdapress.it\/it\/..\/public\/it\/2015\/10\/Arbor-5-300x300.jpg\" alt=\"Ph. Mattia Aquila\" width=\"300\" height=\"300\" srcset=\"https:\/\/www.gdapress.it\/it\/..\/public\/it\/2015\/10\/Arbor-5-300x300.jpg 300w, https:\/\/www.gdapress.it\/it\/..\/public\/it\/2015\/10\/Arbor-5-150x150.jpg 150w, https:\/\/www.gdapress.it\/it\/..\/public\/it\/2015\/10\/Arbor-5-400x400.jpg 400w, https:\/\/www.gdapress.it\/it\/..\/public\/it\/2015\/10\/Arbor-5-144x144.jpg 144w, https:\/\/www.gdapress.it\/it\/..\/public\/it\/2015\/10\/Arbor-5-676x676.jpg 676w, https:\/\/www.gdapress.it\/it\/..\/public\/it\/2015\/10\/Arbor-5.jpg 1772w\" sizes=\"auto, (max-width: 300px) 100vw, 300px\" \/><\/a><\/p>\n<p>Modernit\u00e0 e dinamismo sono due tra le caratteristiche peculiari di Icone Luce: un\u2019azienda sempre al passo con i tempi nella progettazione e nel design<\/p>\n<p>Icone \u00e8 il marchio di alta gamma di Minitallux, storica societ\u00e0 di\u00a0Brembate, in provincia di Bergamo, fondata da Giuseppe\u00a0Pagnoncelli\u00a0e da sempre impegnata nella produzione di lampadari. Nato nel 2007, il marchio Icone \u00e8 dedicato alla progettazione e produzione di articoli in cui il design e l\u2019accurata scelta dei materiali contribuiscono a dare personalit\u00e0 agli ambienti nei quali vengono ospitati. Oggi Icone ha una consolidata connotazione\u00a0contract\u00a0e internazionale, grazie ai molti hotel prestigiosi, ristoranti stellati, musei e teatri che l\u2019hanno scelta come fonte di illuminazione. Le lampade di arredamento Icone, disegnate da Marco\u00a0Pagnoncelli\u00a0vestono di arte e design gli ambienti pubblici e domestici in tutta Italia e nel resto del mondo.<\/p>\n<p>Cristiano e Marco Pagnoncelli, CEO di Icone Luce hanno aperto le porte della loro azienda ai giornalisti presenti al press tour organizzato da OGS, mostrando il loro showroom interno e tutte le fasi del processo produttivo da cui nascono le meravigliose creazioni firmate Icone luce. L\u2019azienda Icone Luce \u00e8 diretta dai quattro fratelli Pagnoncelli: Cristiano gestisce la parte commerciale, Davide si occupa della produzione, Massimo della rete vendita e Marco della ideazione e del design.<br \/>\nVi \u00e8 una completa sinergia tra i fratelli e i diversi ambiti di competenze. Secondo questo schema di aree distinte, si compone la filiera di produzione di un \u201coggetto\u201d ICONE luce.<br \/>\nLa produzione, infatti, non \u00e8 un atto unico ma una sequenza di passaggi importanti. Pi\u00f9 questi passaggi sono pensati, seguiti e controllati, pi\u00f9 il prodotto finale sar\u00e0 di qualit\u00e0 elevata e il pi\u00f9 possibile aderente all\u2019idea originaria. Per questo motivo, nel processo di produzione di ogni singolo modello, sono coinvolti tutti i quattro fratelli Pagnoncelli.<br \/>\nMa, come abbiamo gi\u00e0 avuto modo di scrivere, \u00e8 Marco che con la sua creativit\u00e0 e personalit\u00e0 plasma il prodotto finale, governando la luce attraverso alcune fasi fondamentali: il disegno iniziale, la scelta dei materiali e la creazione dei prototipi.<br \/>\nE\u2019 dopo questa fase creativa che intervengono a cascata gli altri fratelli, con la produzione in serie e la commercializzazione tramite la rete di vendita.<br \/>\nIcone Luce \u00e8 un perfetto esempio di azienda che, grazie alla perfetta collaborazione tra persone e competenze differenti, riesce a raggiungere i massimi livelli della proposta luce.<\/p>\n<p>Il tour \u00e8 proseguito poi con la visita allo showroom Arredolinea \u2013 Interni e Design di Osio Sotto per la presentazione dei prodotti targati Minotti.<\/p>\n<p>Minotti ha presentato il rigore e la pulizia formale che da sempre caratterizzano il \u201clifestyle\u201d dell\u2019azienda e fa da cornice alle numerose novit\u00e0 della 2015 Collection, in modo particolare i sistemi di seduta Yang, un originale gioco di morbidi volumi e Seymour, un elegante susseguirsi di linee curve.<\/p>\n<p>A valorizzare ulteriormente gli ambienti hanno contribuito le apprezzatissime soluzioni illuminotecniche progettate da Minitallux, con in prodotti marchiati \u201cIcone\u201d, vere e proprie sculture di luce.<\/p>\n<p>In un connubio di luce riflessa e diretta, nuovi emozionanti motivi formali disegnano lo spazio, nel segno della contemporaneit\u00e0. Spillo \u00e8 una lampada che fa dell\u2019essenzialit\u00e0 un modo di essere ed \u00e8 adatta a pareti, soffitti o come segna passo. Liberamente modulabile, nelle diverse situazioni d\u2019ambiente, Spillo \u00e8 disponibile in diverse versioni: da parete e soffitto con asta orientabile; a base tonda per applicazione a molla e con asta orientabile; da soffitto ad incasso con 3 o 5 aste orientabili; a filo muro da parete e soffitto; a filo muro da parete e soffitto con doppia asta orientabile; da soffitto a 2,3 o 5 aste orientabili realizzate in trafila di ottone sezione 7&#215;7 mm. L\u2019illuminazione \u00e8 garantita da una microstriscia LED ad alta efficienza luminosa. La finitura pu\u00f2 essere verniciato bianco, verniciato nero, cromo e oro.<\/p>\n<p>ICONE LUCE<\/p>\n<p>via Vittorio Veneto 57<\/p>\n<p>Brembate 24041 BG<\/p>\n<ol start=\"39\">\n<li>+39.035.801239<\/li>\n<\/ol>\n<p>Fax +39.035.802989<\/p>\n<p><a href=\"http:\/\/www.iconeluce.com\/\">www.iconeluce.com<\/a><\/p>\n<p>&nbsp;<\/p>\n<p>Arredolinea idee da abitare. Qualit\u00e0 da vivere<\/p>\n<p>Una passione, quella di arredare e progettare con gusto e flessibilit\u00e0 rispondendo alle esigenze dei\u00a0 propri clienti, giunta alla terza generazione.<\/p>\n<p>Fin dal 1949 la famiglia Carminati si occupa esclusivamente di arredamenti di qualit\u00e0. Nel 1976 nasce lo showroom di Osio Sotto, di recente ampliato e costantemente riallestito, che ha posto Arredolinea come uno dei riferimenti pi\u00f9 noti ed affermati per quanto riguarda l\u2019architettura d\u2019interni, in un\u2019area che comprende Bergamo, Milano, Treviglio, Crema e Lodi. Nello showroom ogni scelta espositiva \u00e8 stata studiata per favorire il realismo delle ambientazioni ed il confronto fra idee e soluzioni. Anche attraverso una semplice visita si pu\u00f2 essere aggiornati sulle tendenze del design contemporaneo e sulle scelte estetiche tecniche e qualitative che fanno la differenza.<\/p>\n<p>Arredolinea ha scelto di collaborare con un numero selezionato e volutamente limitato di prestigiose aziende del mobile, diventandone per la maggior parte di loro, il negozio di riferimento per la provincia di Bergamo ed aree confinanti, proprio come per Minotti.<\/p>\n<p>La Minotti 2015 Collection ne \u00e8 la prova concreta: quella presso Arredolinea \u00e8 una delle prime presentazioni nel Nord Italia dopo l\u2019esordio al Salone del Mobile di Milano (Aprile 2015). Minotti ha scelto Arredolinea per la sua collaudata professionalit\u00e0 e l\u2019alto livello della sua struttura.<\/p>\n<p>ARREDOLINEA<\/p>\n<p>Via Monte Grappa, 11<\/p>\n<p>Osio Sotto (BG)<\/p>\n<ol>\n<li>035 881178<\/li>\n<\/ol>\n<p><a href=\"http:\/\/www.arredolinea.com\/\">www.arredolinea.com<\/a><\/p>\n<p>&nbsp;<\/p>\n<p>&nbsp;<\/p>\n<p>&nbsp;<\/p>\n<p>&nbsp;<\/p>\n","protected":false},"excerpt":{"rendered":"<p>\u00a0\u00a0 Modernit\u00e0 e dinamismo sono due tra le caratteristiche peculiari di Icone Luce: un\u2019azienda sempre al passo con i tempi nella progettazione e nel design Icone \u00e8 il marchio di alta gamma di Minitallux, storica societ\u00e0 di\u00a0Brembate, in provincia di Bergamo, fondata da Giuseppe\u00a0Pagnoncelli\u00a0e da sempre impegnata nella produzione di lampadari. Nato nel 2007, il &hellip; <a href=\"https:\/\/www.gdapress.it\/it\/index.php\/54096\/design\/il-design-mininal-e-ad-alto-impatto-stilistico-delle-collezioni-icone-luce-si-mette-in-mostra.html\" class=\"more-link\">Read more <span class=\"screen-reader-text\">Il design mininal e ad alto impatto stilistico delle collezioni Icone Luce si mette in mostra<\/span><\/a><\/p>\n","protected":false},"author":3,"featured_media":0,"comment_status":"closed","ping_status":"open","sticky":false,"template":"","format":"standard","meta":{"footnotes":""},"categories":[32],"tags":[17456,16111],"class_list":["post-54096","post","type-post","status-publish","format-standard","hentry","category-design","tag-design","tag-icone-luce"],"_links":{"self":[{"href":"https:\/\/www.gdapress.it\/it\/index.php\/wp-json\/wp\/v2\/posts\/54096","targetHints":{"allow":["GET"]}}],"collection":[{"href":"https:\/\/www.gdapress.it\/it\/index.php\/wp-json\/wp\/v2\/posts"}],"about":[{"href":"https:\/\/www.gdapress.it\/it\/index.php\/wp-json\/wp\/v2\/types\/post"}],"author":[{"embeddable":true,"href":"https:\/\/www.gdapress.it\/it\/index.php\/wp-json\/wp\/v2\/users\/3"}],"replies":[{"embeddable":true,"href":"https:\/\/www.gdapress.it\/it\/index.php\/wp-json\/wp\/v2\/comments?post=54096"}],"version-history":[{"count":1,"href":"https:\/\/www.gdapress.it\/it\/index.php\/wp-json\/wp\/v2\/posts\/54096\/revisions"}],"predecessor-version":[{"id":54100,"href":"https:\/\/www.gdapress.it\/it\/index.php\/wp-json\/wp\/v2\/posts\/54096\/revisions\/54100"}],"wp:attachment":[{"href":"https:\/\/www.gdapress.it\/it\/index.php\/wp-json\/wp\/v2\/media?parent=54096"}],"wp:term":[{"taxonomy":"category","embeddable":true,"href":"https:\/\/www.gdapress.it\/it\/index.php\/wp-json\/wp\/v2\/categories?post=54096"},{"taxonomy":"post_tag","embeddable":true,"href":"https:\/\/www.gdapress.it\/it\/index.php\/wp-json\/wp\/v2\/tags?post=54096"}],"curies":[{"name":"wp","href":"https:\/\/api.w.org\/{rel}","templated":true}]}}