
{"id":54043,"date":"2015-10-09T09:06:50","date_gmt":"2015-10-09T07:06:50","guid":{"rendered":"http:\/\/www.gdapress.it\/it\/?p=54043"},"modified":"2015-10-18T14:09:35","modified_gmt":"2015-10-18T12:09:35","slug":"teatro-san-babila-un-coperto-in-piu-di-maurizio-costanzo","status":"publish","type":"post","link":"https:\/\/www.gdapress.it\/it\/index.php\/54043\/teatro\/teatro-san-babila-un-coperto-in-piu-di-maurizio-costanzo.html","title":{"rendered":"Teatro San Babila UN COPERTO IN PIU\u2019  di Maurizio Costanzo"},"content":{"rendered":"<p>dal 9 al 18 ottobre 2015<\/p>\n<p><strong>MAURIZIO MICHELI\u00a0\u00a0\u00a0 VITO<\/strong><\/p>\n<p><strong>LOREDANA GIORDANI\u00a0 ALESSIA FABIANI<\/strong><\/p>\n<p><strong>UN COPERTO IN PIU\u2019<\/strong><\/p>\n<p><strong>di Maurizio Costanzo<\/strong><\/p>\n<p><strong>regia <\/strong><strong>Gianfelice Imparato<\/strong><\/p>\n<p>Il testo di Maurizio Costanzo debutta al Teatro San Babila il 9 ottobre per la regia di Gianfelice Imparato che diriger\u00e0 con ironia e stile due interpreti molto amati e apprezzati dal pubblico: Maurizio Micheli e Vito. Dopo una carriera che li ha visti impegnati in modo eclettico con cinema, TV, scrittura, il teatro resta indubbiamente la loro grande passione.<\/p>\n<p><strong>\u201cDate a degli attori, possibilmente napoletani, la libert\u00e0 di esprimersi non dico nella loro lingua, ma con toni, accenti, colori che sono propri, anzich\u00e9 nell\u2019astratta lingua delle accademie e dei teatri, ed ecco tutto si illumina, tutto diventa verit\u00e0 e materia d\u2019esperienza, anche una commedia dalle geometrie simmetriche come Un coperto in pi\u00f9 di Maurizio Costanzo\u2026\u201d <\/strong><\/p>\n<p>Cos\u00ec scriveva Giorgio Prosperi su Il Tempo nel 1972 al debutto di questa commedia \u2013 scritta da Maurizio Costanzo \u2013 che vide la riunione dei fratelli Giuffr\u00e8 sul palcoscenico.<\/p>\n<p>Lo spettacolo fu uno straordinario successo, tutta la critica fu unanime nel riconoscere il progetto teatrale fra quelli che sarebbero entrati di diritto negli annali del Teatro Italiano.<\/p>\n<p>A riproporlo sul palcoscenico ai nostri giorni, in veste di regista, ci pensa Gianfelice Imparato, grande attore di teatro e di cinema.<\/p>\n<p><strong><em>La trama<\/em><\/strong><\/p>\n<p>Un ricco gioielliere vive con sua moglie una vita coniugale apparentemente tranquilla e felice. La moglie \u00e8 una donna bella e sensibile, piena di charme, insomma una donna eccezionale, tanto eccezionale che non esiste pi\u00f9, o forse \u00e8 scomparsa tempo prima o forse non \u00e8 mai esistita. Un giorno arriva un piccolo imbroglione cha campa alla giornata tentando di rifilare gioielli falsi ed \u00e8 proprio nel tentativo di vendere un anello che si ritrova ad entrare in questa incredibile famiglia dove la padrona di casa non esiste ma si inizia un vero e proprio rapporto a tre assolutamente reale con tanto di dialoghi, domande e risposte fatte ad una sedia vuota. E\u2019 un Godot al femminile, uno \u201ccherchez la femme\u201d senza soluzione, una struttura pinteriana, ma anche una sinfonia di Rhomer. Quello che si sa con certezza \u00e8 che questa assurda vicenda consentir\u00e0 ai due protagonisti di arrivare attraverso un rapporto sbilenco, fatto di finzione e piccole fregature, ad una vera e profonda amicizia.<\/p>\n<p>\u201cUn coperto in pi\u00f9\u201d \u00e8 una commedia scritta in italiano ma la costruzione del dialogo ed il suono delle frasi, almeno per i due personaggi maschili, \u00e8 dichiaratamente partenopea, come squisitamente partenopea \u00e8 quella disciplina in cui tanti sono ancora costretti ad esercitarsi: \u201cl\u2019arte di sapersi arrangiare\u201d<\/p>\n<p>Un commedia sempre attuale che sapr\u00e0 evocare nello spettatore tanta emozione e divertimento e porter\u00e0 anche a piacevoli riflessioni.<\/p>\n<p><strong>Stagione Prosa 15-16 Teatro San Babila Campagna Abbonamenti<\/strong><\/p>\n<p><strong><span style=\"text-decoration: underline;\">ABBONAMENTO A 10 SPETTACOLI<\/span><\/strong><\/p>\n<p><strong>Abbonamento Intero (10 spettacoli) posto fisso <\/strong>platea e balconata\u00a0\u00a0\u00a0\u00a0\u00a0\u00a0\u00a0\u00a0\u00a0\u00a0\u00a0\u00a0\u00a0\u00a0\u00a0\u00a0 euro 200<\/p>\n<p><strong>Abbonamento Intero (10 spettacoli) posto libero <\/strong>platea e balconata\u00a0\u00a0\u00a0\u00a0\u00a0\u00a0\u00a0\u00a0\u00a0\u00a0\u00a0\u00a0\u00a0\u00a0\u00a0 euro 230<\/p>\n<p><strong>Abbonamento Under 30 (10 spettacoli) posto fisso<\/strong> platea e balconata\u00a0\u00a0\u00a0\u00a0\u00a0\u00a0\u00a0\u00a0\u00a0\u00a0\u00a0\u00a0 euro 160<\/p>\n<p><strong>Abbonamento Under 30 (10 spettacoli) posto libero<\/strong> platea e balconata\u00a0\u00a0\u00a0\u00a0\u00a0\u00a0\u00a0\u00a0\u00a0\u00a0 \u00a0\u00a0\u00a0\u00a0\u00a0\u00a0\u00a0\u00a0\u00a0\u00a0\u00a0 euro 180<\/p>\n<p><strong><span style=\"text-decoration: underline;\">BIGLIETTI STAGIONE PROSA IN ABBONAMENTO<\/span><\/strong><\/p>\n<p><strong>Biglietto Intero<\/strong> platea e balconata\u00a0\u00a0\u00a0\u00a0\u00a0\u00a0\u00a0\u00a0\u00a0\u00a0\u00a0\u00a0\u00a0\u00a0\u00a0\u00a0\u00a0\u00a0\u00a0\u00a0\u00a0\u00a0\u00a0\u00a0\u00a0\u00a0\u00a0\u00a0\u00a0\u00a0\u00a0 euro 27,50 (compresa prevendita)<\/p>\n<p><strong>Biglietto Under 30<\/strong> platea e balconata\u00a0\u00a0\u00a0\u00a0\u00a0\u00a0\u00a0\u00a0\u00a0\u00a0\u00a0\u00a0\u00a0\u00a0 \u00a0\u00a0\u00a0\u00a0\u00a0\u00a0\u00a0\u00a0\u00a0\u00a0\u00a0 euro 22,00 (compresa prevendita)<\/p>\n<p><strong>Biglietto Unico (mercoled\u00ec)<\/strong> platea e balconata \u00a0\u00a0\u00a0\u00a0\u00a0\u00a0\u00a0\u00a0\u00a0\u00a0\u00a0 euro 17,00 (compresa prevendita)<\/p>\n<p><strong><span style=\"text-decoration: underline;\">FUORI ABBONAMENTO TOCCATA E FUGA<\/span><\/strong><\/p>\n<p><strong>Biglietto Unico<\/strong> platea e balconata:\u00a0\u00a0\u00a0\u00a0\u00a0\u00a0\u00a0\u00a0\u00a0\u00a0\u00a0\u00a0\u00a0\u00a0\u00a0\u00a0\u00a0\u00a0\u00a0\u00a0\u00a0\u00a0\u00a0\u00a0\u00a0\u00a0\u00a0\u00a0\u00a0\u00a0\u00a0\u00a0\u00a0\u00a0\u00a0\u00a0\u00a0\u00a0\u00a0\u00a0\u00a0\u00a0\u00a0\u00a0\u00a0\u00a0\u00a0\u00a0\u00a0\u00a0\u00a0\u00a0\u00a0\u00a0 euro 20,00 (compresa prevendita)<\/p>\n<p><strong>Biglietto Unico Abbonati<\/strong> platea e balconata non valido 31 dicembre\u00a0\u00a0\u00a0\u00a0 euro 15,00 (compresa prevendita)<\/p>\n<p><strong><span style=\"text-decoration: underline;\">BIGLIETTI 31 DICEMBRE<\/span><\/strong><\/p>\n<p><strong>Biglietto Unico 31 dicembre 2015 <span style=\"text-decoration: underline;\">ore 18.30<\/span><\/strong> platea e balconata:\u00a0\u00a0\u00a0\u00a0\u00a0\u00a0\u00a0\u00a0\u00a0\u00a0\u00a0 euro 49,00 (compresa prevendita)<\/p>\n<p><strong>Biglietto Unico 31 dicembre 2015 <span style=\"text-decoration: underline;\">ore 22<\/span><\/strong>\u00a0 platea e balconata\u00a0\u00a0\u00a0\u00a0\u00a0\u00a0\u00a0\u00a0\u00a0\u00a0\u00a0\u00a0\u00a0\u00a0\u00a0 euro 69,00 (compresa prevendita)<\/p>\n<p><strong>Biglietto Unico Abbonati 31 dicembre 2015 <span style=\"text-decoration: underline;\">ore 22<\/span><\/strong> platea e balconata\u00a0 euro 59,00 (compresa prevendita)<\/p>\n<p><strong><span style=\"text-decoration: underline;\">GLI SPETTACOLI AVRANNO LUOGO PRESSO IL TEATRO<\/span><\/strong><\/p>\n<p>marted\u00ec \u2013 gioved\u00ec \u2013 venerd\u00ec \u2013 sabato ore 20.30\u00a0\u00a0\u00a0\u00a0\u00a0\u00a0\u00a0\u00a0\u00a0\u00a0\u00a0\u00a0\u00a0\u00a0\u00a0\u00a0\u00a0\u00a0\u00a0\u00a0\u00a0\u00a0\u00a0\u00a0\u00a0\u00a0\u00a0\u00a0\u00a0\u00a0\u00a0 mercoled\u00ec \u2013 domenica ore 15.30<\/p>\n<p>TEATRO SAN BABILA<\/p>\n<p>Corso Venezia, 2\/A &#8211; 20121 Milano<\/p>\n<p>Biglietteria: 02 798010<\/p>\n<p>info@teatrosanbabilamilano.it<\/p>\n<p><a href=\"http:\/\/www.teatrosanbabilamilano.it\"><strong>www.teatrosanbabilamilano.it<\/strong><\/a><\/p>\n<p>&nbsp;<\/p>\n<p><strong>Parcheggio Convenzionato:<\/strong><\/p>\n<p><strong>PARCHEGGIO PIAZZA MEDA BEST IN PARKING<\/strong><\/p>\n<p><strong>Piazza Meda, 2\/A \u2013 20121 Milano<\/strong><\/p>\n<p>Tariffa forfait di \u20ac 5,00 nella fascia serale dalle 19.30 alle 01.00<\/p>\n<p>ed in quella pomeridiana dalle 14.30 alle 18.30<\/p>\n<p><strong>\u00a0<\/strong><\/p>\n<p>&nbsp;<\/p>\n<p>&nbsp;<\/p>\n<p>&nbsp;<\/p>\n","protected":false},"excerpt":{"rendered":"<p>dal 9 al 18 ottobre 2015 MAURIZIO MICHELI\u00a0\u00a0\u00a0 VITO LOREDANA GIORDANI\u00a0 ALESSIA FABIANI UN COPERTO IN PIU\u2019 di Maurizio Costanzo regia Gianfelice Imparato Il testo di Maurizio Costanzo debutta al Teatro San Babila il 9 ottobre per la regia di Gianfelice Imparato che diriger\u00e0 con ironia e stile due interpreti molto amati e apprezzati dal &hellip; <a href=\"https:\/\/www.gdapress.it\/it\/index.php\/54043\/teatro\/teatro-san-babila-un-coperto-in-piu-di-maurizio-costanzo.html\" class=\"more-link\">Read more <span class=\"screen-reader-text\">Teatro San Babila UN COPERTO IN PIU\u2019  di Maurizio Costanzo<\/span><\/a><\/p>\n","protected":false},"author":3,"featured_media":0,"comment_status":"closed","ping_status":"open","sticky":false,"template":"","format":"standard","meta":{"footnotes":""},"categories":[1],"tags":[16589,16587,16588],"class_list":["post-54043","post","type-post","status-publish","format-standard","hentry","category-teatro","tag-maurizio-costanzo","tag-maurizio-micheli-e-vito","tag-un-coperto-in-piu"],"_links":{"self":[{"href":"https:\/\/www.gdapress.it\/it\/index.php\/wp-json\/wp\/v2\/posts\/54043","targetHints":{"allow":["GET"]}}],"collection":[{"href":"https:\/\/www.gdapress.it\/it\/index.php\/wp-json\/wp\/v2\/posts"}],"about":[{"href":"https:\/\/www.gdapress.it\/it\/index.php\/wp-json\/wp\/v2\/types\/post"}],"author":[{"embeddable":true,"href":"https:\/\/www.gdapress.it\/it\/index.php\/wp-json\/wp\/v2\/users\/3"}],"replies":[{"embeddable":true,"href":"https:\/\/www.gdapress.it\/it\/index.php\/wp-json\/wp\/v2\/comments?post=54043"}],"version-history":[{"count":3,"href":"https:\/\/www.gdapress.it\/it\/index.php\/wp-json\/wp\/v2\/posts\/54043\/revisions"}],"predecessor-version":[{"id":54047,"href":"https:\/\/www.gdapress.it\/it\/index.php\/wp-json\/wp\/v2\/posts\/54043\/revisions\/54047"}],"wp:attachment":[{"href":"https:\/\/www.gdapress.it\/it\/index.php\/wp-json\/wp\/v2\/media?parent=54043"}],"wp:term":[{"taxonomy":"category","embeddable":true,"href":"https:\/\/www.gdapress.it\/it\/index.php\/wp-json\/wp\/v2\/categories?post=54043"},{"taxonomy":"post_tag","embeddable":true,"href":"https:\/\/www.gdapress.it\/it\/index.php\/wp-json\/wp\/v2\/tags?post=54043"}],"curies":[{"name":"wp","href":"https:\/\/api.w.org\/{rel}","templated":true}]}}