
{"id":54017,"date":"2015-10-17T09:26:00","date_gmt":"2015-10-17T07:26:00","guid":{"rendered":"http:\/\/www.gdapress.it\/it\/?p=54017"},"modified":"2015-10-17T09:26:17","modified_gmt":"2015-10-17T07:26:17","slug":"fondazione-carriero-kids","status":"publish","type":"post","link":"https:\/\/www.gdapress.it\/it\/index.php\/54017\/arte\/fondazione-carriero-kids.html","title":{"rendered":"FONDAZIONE CARRIERO KIDS"},"content":{"rendered":"<div align=\"center\">\n<div><a href=\"http:\/\/www.gdapress.it\/it\/..\/public\/it\/2015\/10\/003_AGO4456-aperta.jpg\"><img loading=\"lazy\" decoding=\"async\" class=\"alignnone size-large wp-image-54018\" src=\"http:\/\/www.gdapress.it\/it\/..\/public\/it\/2015\/10\/003_AGO4456-aperta-500x333.jpg\" alt=\"003_AGO4456 aperta\" width=\"500\" height=\"333\" srcset=\"https:\/\/www.gdapress.it\/it\/..\/public\/it\/2015\/10\/003_AGO4456-aperta-500x333.jpg 500w, https:\/\/www.gdapress.it\/it\/..\/public\/it\/2015\/10\/003_AGO4456-aperta-300x200.jpg 300w, https:\/\/www.gdapress.it\/it\/..\/public\/it\/2015\/10\/003_AGO4456-aperta-900x600.jpg 900w\" sizes=\"auto, (max-width: 500px) 100vw, 500px\" \/><\/a><\/div>\n<div><\/div>\n<div>La Fondazione Carriero apre le porte di Casa Parravicini alle famiglie dando il via a <b>Fondazione Carriero Kids<\/b>, un progetto di educational che accompagna i bambini alla scoperta dell\u2019arte contemporanea attraverso laboratori specifici per ogni mostra. La prima serie di laboratori, gratuiti e gestiti da personale specializzato, accompagna la mostra inaugurale <i>imaginarii<\/i> &#8211; a cura di Francesco Stocchi con opere di Gianni Colombo, Giorgio Griffa e Davide Balula \u2013 collettiva aperta dal 16 settembre al 13 dicembre 2015.<\/div>\n<div>I quattro appuntamenti rivolti ai piccoli visitatori \u2013 dai 6 agli 11 anni d\u2019et\u00e0, pi\u00f9 piccoli se accompagnati dai genitori \u2013 si terranno di sabato, con il seguente calendario: 17 e 31 ottobre, 14 e 28 novembre 2015, sempre alle ore 16.00. L\u2019ingresso e il laboratorio sono gratuiti fino a esaurimento posti e la visita guidata pi\u00f9 il laboratorio dureranno circa un\u2019ora e mezza. \u00c8 richiesta la prenotazione.<\/div>\n<div>Fondazione Carriero Kids \u00e8 il progetto dedicato ai piccoli visitatori, fortemente voluto, che mira ad avvicinare il pubblico di domani all&#8217;arte contemporanea in modo divertente e stimolante, alimentando la curiosit\u00e0 bambini tramite un dialogo con l&#8217;opera e invitandoli a imparare come porsi domande su ci\u00f2 che vediamo tutti i giorni e che spesso ci sfugge.<\/div>\n<div>\u201cLa crescita individuale e l&#8217;evoluzione sociale non possono prescindere dal contributo dato dall&#8217;arte e dalla creativit\u00e0. Per questo la Fondazione Carriero pone al centro della sua programmazione l\u2019attivit\u00e0 educativa\u201d,<i> <\/i>ha detto Olimpia Piccolomini, direttrice della Fondazione Carriero.<\/div>\n<div><\/div>\n<div>Partendo dal confronto con alcune delle opere in mostra, i ragazzi potranno sperimentare materiali e tecniche particolari in modo da cogliere le diverse sfumature delle poetiche dei tre artisti in mostra.<\/div>\n<div><\/div>\n<div>Il laboratorio dedicato a <b>Davide Balula<\/b> (17 ottobre e 28 novembre) \u201c<b>Una stampante di legno\u201d<\/b>, si basa su uno dei molti materiali utilizzati da Balula per creare le sue opere. I bambini verranno incoraggiati a immaginare come realizzare un disegno grazie a stecche di legno e a riprodurlo in negativo e positivo, costruendo una piccola matrice artigianale.<\/div>\n<div><\/div>\n<div><img loading=\"lazy\" decoding=\"async\" src=\"https:\/\/dub127.mail.live.com\/Handlers\/ImageProxy.mvc?bicild=&amp;canary=NLeiz9%2f2dCIBdt5UqWCW6olOp8ikpe0LZrUFu1I93eA%3d0&amp;url=http%3a%2f%2fimg2.ymlp321.com%2ftubm_040AGO4672Panorama0_1.jpg\" alt=\"\" width=\"557\" height=\"288\" \/><\/p>\n<div>Davide Balula &#8211; Site Specific for Fondazione Carriero, 2015<\/div>\n<div><\/div>\n<div><\/div>\n<\/div>\n<div>Il laboratorio dedicato a <b>Giorgio Griffa<\/b> (31 ottobre), <b>\u201cUna tela da viaggio\u201d<\/b>, gioca con i numeri speciali che, come ci ricorda l\u2019artista, abbiamo in comune con i fiori, le stelle marine, le conchiglie. I bambini realizzeranno una speciale tela da portare sempre in giro, giocando con numeri, colori e timbri fatti da loro.<\/div>\n<div><\/div>\n<div>\n<div><img loading=\"lazy\" decoding=\"async\" src=\"https:\/\/dub127.mail.live.com\/Handlers\/ImageProxy.mvc?bicild=&amp;canary=NLeiz9%2f2dCIBdt5UqWCW6olOp8ikpe0LZrUFu1I93eA%3d0&amp;url=http%3a%2f%2fimg2.ymlp321.com%2ftubm_083AGO4578_1.jpg\" alt=\"\" width=\"560\" height=\"372\" \/><\/div>\n<div>Giorgio Griffa &#8211; installation view<\/div>\n<\/div>\n<div><\/div>\n<div><\/div>\n<div>Il laboratorio su <b>Gianni Colombo<\/b> (14 novembre), \u201c<b>Una stanza tutta per s\u00e9\u201d<\/b>, fa riferimento all\u2019opera <i>Spazio Elastico<\/i> dell\u2019artista milanese<b>. <\/b>A Colombo non bastava realizzare una tela come molti suoi colleghi artisti, e quindi ha creato un intero ambiente in cui poter entrare e vedere un mondo diverso dal nostro. I bambini potranno liberare l&#8217;immaginazione nella loro stanza ideale, piena di elastici fluorescenti.<\/div>\n<div>\n<div><\/div>\n<div><img loading=\"lazy\" decoding=\"async\" src=\"https:\/\/dub127.mail.live.com\/Handlers\/ImageProxy.mvc?bicild=&amp;canary=NLeiz9%2f2dCIBdt5UqWCW6olOp8ikpe0LZrUFu1I93eA%3d0&amp;url=http%3a%2f%2fimg2.ymlp321.com%2ftubm_007AGO4665_1.jpg\" alt=\"\" width=\"562\" height=\"373\" \/><\/div>\n<div>Gianni Colombo &#8211; installation view<\/div>\n<div><\/div>\n<\/div>\n<div>In <i>imaginarii<\/i>, Gianni Colombo, Giorgio Griffa e Davide Balula fanno dialogare arte cinetica, pittura, installazioni, sculture e documenti in una conversazione che indaga la dimensione spaziale e il rapporto tra l\u2019opera e l\u2019ambiente circostante. Gli spazi quattrocenteschi e le decorazioni secentesche di Casa Parravicini creano un\u2019insolita sincronia con le opere di arte contemporanea, dando vita a una mostra <i>interattiva<\/i>, con lavori che si muovono, cambiano, si lasciano guardare da ogni angolazione e rendono lo spettatore parte integrante dell\u2019opera d\u2019arte. Nella grande sala secentesca all\u2019ultimo piano i bambini potranno vedere lo <i>Spazio Elastico<\/i> di Gianni Colombo: un ambiente nell\u2019ambiente che li far\u00e0 letteralmente entrare dentro l\u2019arte contemporanea.<\/div>\n<div>Tutto questo verr\u00e0 mostrato ai bambini in una visita guidata, esperienza che si concluder\u00e0 con un laboratorio che permetta di rilaborare le tematiche incontrate.<\/div>\n<div><\/div>\n<div>La Fondazione Carriero nasce dalla passione del suo fondatore per l\u2019arte e dal suo desiderio di condividere questa passione con il pubblico. \u00c8 un ente non-profit che affianca le attivit\u00e0 di ricerca alla commissione di nuove opere per mostre tematiche, personali e collettive, in collaborazione con gli artisti contemporanei emergenti, affermati o meritevoli di riscoperta.<\/div>\n<div>La sede della Fondazione, Casa Parravicini in via Cino del Duca 4 a Milano, \u00e8 uno spazio gratuito accessibile a tutti dove la proposta espositiva sar\u00e0 affiancata da attivit\u00e0 di approfondimento, correlata da pubblicazioni e approfondita in attivit\u00e0 collaterali quali incontri con artisti e curatori, conferenze e presentazioni di libri.<\/div>\n<div><\/div>\n<div><\/div>\n<div><b>CONTATTI PER LA STAMPA<\/b><\/div>\n<div>PCM STUDIO<\/div>\n<div>Via C. Goldoni 38 &#8211; 20129 Milano<\/div>\n<div>Paola C. Manfredi | paola.manfredi@paolamanfredi.com | M +39 335 54 55 539<\/div>\n<div>Per richieste immagini: <a href=\"mailto:press@paolamanfredi.com\">press@paolamanfredi.com<\/a> | 02 87286582<\/div>\n<div><\/div>\n<div><\/div>\n<div><b>INFORMAZIONI PRATICHE<\/b><\/div>\n<div><\/div>\n<div><b>FONDAZIONE CARRIERO KIDS<\/b><\/div>\n<div><b>LABORATORI SULLA MOSTRA <i>IMAGINARII<\/i><\/b><b>\u00a0<\/b><\/div>\n<div><b>CALENDARIO<\/b><\/div>\n<div align=\"center\"><b>\u00a0<\/b><\/div>\n<div><b>Laboratorio sull\u2019artista Davide Balula<\/b><\/div>\n<div><b>\u201cUna stampante di legno\u201d<\/b><\/div>\n<div>Sabato 17 ottobre ore 16.00<\/div>\n<div>Sabato 28 novembre ore 16.00<\/div>\n<div><\/div>\n<div><b>Laboratorio sull\u2019artista Giorgio Griffa<\/b><\/div>\n<div><b>\u201cUna tela da viaggio\u201d<\/b><\/div>\n<div>Sabato 31 ottobre ore 16.00<\/div>\n<div><\/div>\n<div><b>Laboratorio sull\u2019artista Gianni Colombo<\/b><\/div>\n<div><b>\u201cUna stanza tutta per s\u00e9\u201d<\/b><\/div>\n<div>Sabato 14 novembre ore 16:00<\/div>\n<div><\/div>\n<div><b>Per i laboratori \u00e8 necessaria la prenotazione telefonica o via email<\/b><\/div>\n<div>info@fondazionecarriero.org<br \/>\nTel. +39 02 36747039<\/div>\n<div><\/div>\n<div><\/div>\n<div><b><i>imaginarii<\/i><\/b><\/div>\n<div>Gianni Colombo, Giorgio Griffa e Davide Balula<\/div>\n<div>a cura di Francesco Stocchi<\/div>\n<div>Da gioved\u00ec 16 settembre a domenica 13 dicembre 2015<\/div>\n<div><\/div>\n<div><b>Fondazione Carriero<\/b><\/div>\n<div>via Cino del Duca 4 \u2013 20122 Milano<\/div>\n<div><b>Orari:<\/b> aperto tutti i giorni su appuntamento<\/div>\n<div>\u00a0\u00a0\u00a0\u00a0\u00a0\u00a0\u00a0\u00a0\u00a0\u00a0 Sabato accesso libero dalle 11.00 alle 18.00<\/div>\n<div>\u00a0\u00a0\u00a0\u00a0\u00a0\u00a0\u00a0\u00a0\u00a0\u00a0 Domenica chiuso<\/div>\n<div><\/div>\n<div><b>Informazioni e prenotazioni<\/b><\/div>\n<div>info@fondazionecarriero.org<br \/>\nTel. +39 02 36747039<\/div>\n<div><\/div>\n<div>Catalogo disponibile su richiesta<\/div>\n<div><\/div>\n<div><\/div>\n<\/div>\n<div><\/div>\n<div><\/div>\n","protected":false},"excerpt":{"rendered":"<p>La Fondazione Carriero apre le porte di Casa Parravicini alle famiglie dando il via a Fondazione Carriero Kids, un progetto di educational che accompagna i bambini alla scoperta dell\u2019arte contemporanea attraverso laboratori specifici per ogni mostra. La prima serie di laboratori, gratuiti e gestiti da personale specializzato, accompagna la mostra inaugurale imaginarii &#8211; a cura &hellip; <a href=\"https:\/\/www.gdapress.it\/it\/index.php\/54017\/arte\/fondazione-carriero-kids.html\" class=\"more-link\">Read more <span class=\"screen-reader-text\">FONDAZIONE CARRIERO KIDS<\/span><\/a><\/p>\n","protected":false},"author":3,"featured_media":0,"comment_status":"closed","ping_status":"open","sticky":false,"template":"","format":"standard","meta":{"footnotes":""},"categories":[4,7536],"tags":[16470,16471,15814,16583,5034],"class_list":["post-54017","post","type-post","status-publish","format-standard","hentry","category-arte","category-il-mondo-dei-bambini-dalla-a-alla-z","tag-davide-balula","tag-fondazione-carriero","tag-gianni-colombo","tag-giorgio-griffa","tag-kids"],"_links":{"self":[{"href":"https:\/\/www.gdapress.it\/it\/index.php\/wp-json\/wp\/v2\/posts\/54017","targetHints":{"allow":["GET"]}}],"collection":[{"href":"https:\/\/www.gdapress.it\/it\/index.php\/wp-json\/wp\/v2\/posts"}],"about":[{"href":"https:\/\/www.gdapress.it\/it\/index.php\/wp-json\/wp\/v2\/types\/post"}],"author":[{"embeddable":true,"href":"https:\/\/www.gdapress.it\/it\/index.php\/wp-json\/wp\/v2\/users\/3"}],"replies":[{"embeddable":true,"href":"https:\/\/www.gdapress.it\/it\/index.php\/wp-json\/wp\/v2\/comments?post=54017"}],"version-history":[{"count":1,"href":"https:\/\/www.gdapress.it\/it\/index.php\/wp-json\/wp\/v2\/posts\/54017\/revisions"}],"predecessor-version":[{"id":54019,"href":"https:\/\/www.gdapress.it\/it\/index.php\/wp-json\/wp\/v2\/posts\/54017\/revisions\/54019"}],"wp:attachment":[{"href":"https:\/\/www.gdapress.it\/it\/index.php\/wp-json\/wp\/v2\/media?parent=54017"}],"wp:term":[{"taxonomy":"category","embeddable":true,"href":"https:\/\/www.gdapress.it\/it\/index.php\/wp-json\/wp\/v2\/categories?post=54017"},{"taxonomy":"post_tag","embeddable":true,"href":"https:\/\/www.gdapress.it\/it\/index.php\/wp-json\/wp\/v2\/tags?post=54017"}],"curies":[{"name":"wp","href":"https:\/\/api.w.org\/{rel}","templated":true}]}}