
{"id":53742,"date":"2015-09-15T19:43:48","date_gmt":"2015-09-15T17:43:48","guid":{"rendered":"http:\/\/www.gdapress.it\/it\/?p=53742"},"modified":"2015-09-26T19:44:52","modified_gmt":"2015-09-26T17:44:52","slug":"le-vie-del-cinema-2015-i-film-di-venezia-e-i-pardi-di-locarno","status":"publish","type":"post","link":"https:\/\/www.gdapress.it\/it\/index.php\/53742\/cinema\/le-vie-del-cinema-2015-i-film-di-venezia-e-i-pardi-di-locarno.html","title":{"rendered":"le vie del cinema 2015  i film di Venezia e i Pardi di Locarno"},"content":{"rendered":"<p class=\"ecxMsoNormal\" align=\"center\"><b>le vie del cinema 2015<\/b><\/p>\n<p class=\"ecxMsoNormal\" align=\"center\">i film di Venezia e i Pardi di Locarno<\/p>\n<p class=\"ecxMsoNormal\" align=\"center\">Milano, 21-28 settembre 2015<\/p>\n<p class=\"ecxMsoNormal\" align=\"center\"><b>42 film provenienti da 19 paesi, 14 sale cinematografiche, 72 proiezioni, 10 incontri<\/b><\/p>\n<p class=\"ecxMsoNormal\" align=\"center\"><b>per l\u2019edizione 2015 nell\u2019ambito di <i>Expo in citt\u00e0<\/i><\/b><\/p>\n<p class=\"ecxMsoNormal\">A pochissimi giorni dall\u2019assegnazione del Leone d\u2019Oro, AGIS lombarda e Comune di Milano sono lieti di annunciare il secondo appuntamento dell\u2019anno con <i>le vie del cinema<\/i>. <i>I film di Venezia e i Pardi di Locarno a Milano, <\/i>una rassegna -patrocinata anche da MiBACT, Regione Lombardia e Consolato Generale di Svizzera, in collaborazione con Corriere della Sera- che rientra quest\u2019anno tra gli appuntamenti di <b>Expo in citt\u00e0<\/b>.<\/p>\n<p class=\"ecxMsoNormal\"><b>Da luned\u00ec 21 a luned\u00ec 28 settembre <\/b>arriveranno a<b> Milano <\/b>una selezione di film presentati alla<b> 72. Mostra Internazionale d\u2019Arte Cinematografica di Venezia <\/b>e i Pardi premiati al<b>68\u00b0 Festival del film Locarno<\/b>. Ad accompagnare la rassegna anche tre film premiati alla<b> Mostra del Nuovo Cinema di Pesaro<\/b> e al <b>Milano Film Festival <\/b>nonch\u00e9 tantissimi incontri per il pubblico.<\/p>\n<p class=\"ecxMsoNormal\">Il ricco cartellone di quest\u2019anno propone infatti, in lingua originale con sottotitoli in italiano, un totale di <b>42 film<\/b> provenienti da <b>19 paesi diversi<\/b> che verranno programmati <b>in 14 storiche sale cinematografiche milanesi<\/b> a gestione diretta, da sempre attente alla programmazione di cinema di qualit\u00e0 (Anteo spazioCinema, Apollo spazioCinema, Arcobaleno Filmcenter, Ariosto, Arlecchino, Beltrade, Centrale Multisala, Colosseo Multisala, Ducale Multisala, Eliseo Multisala, Mexico, Orfeo Multisala, Palestrina, Plinius Multisala), offrendo agli spettatori <b>un giro del mondo squisitamente \u201ccinematografico\u201d<\/b> e dando vita ad oltre <b>70 proiezioni cittadine.<\/b><\/p>\n<p class=\"ecxMsoNormal\">Un programma <b>non solo per cinefili<\/b>. Accanto alle proiezioni dei film premiati ai Festival di Venezia e Locarno (con un focus sul cinema sudamericano indicato da Barbera come uno dei pi\u00f9 promettenti nel panorama internazionale), verranno proposti <b>titoli per gli appassionati di arte e musica<\/b>, ad esempio <b>JANIS<\/b> di Amy Berg e <b>HEART OF A DOG<\/b> di Laurie Anderson, e film di richiamo per il grande pubblico: <b>BLACK MASS<\/b> di Scott Cooper, <b>EVEREST<\/b> di Baltasar Korm\u00e1kur, <b>THE DANISH GIRL<\/b> di Tom Hooper e <b>SPOTLIGHT<\/b> di Thomas McCarthy.<\/p>\n<p class=\"ecxMsoNormal\"><b>Tra gli altri dalla 72. Mostra Internazionale d\u2019Arte Cinematografica di Venezia <\/b>verranno proposti <b>33 film<\/b> tra cui il <b>Leone d<\/b><b>\u2019Oro DESDE ALL\u00c1 di Lorenzo Vigas<\/b>;<b>BEHEMOTH<\/b> di Zhao Liang, Premio Signis; <b>PER AMOR VOSTRO<\/b> di Giuseppe M. Gaudino | <b>Coppa Volpi<\/b> per la migliore interpretazione femminile a <b>Valeria Golino<\/b>; e ancora<b>FRANCOFONIA<\/b> di Aleksandr Sokurov; <b>LA CALLE DE LA AMARGURA<\/b> di Arturo Ripstein; <b>TEMP\u00caTE<\/b> di Samuel Collardey | Premio Orizzonti per la Miglior Interpretazione a Dominique Leborne; <b>TANNA<\/b> di Martin Butler e Bentley Dean | Premio 30. Settimana Internazionale della Critica; <b>EARLY WINTER<\/b> di Michael Rowe | Premio Giornate degli Autori ; <b>ARIANNA<\/b> di Carlo Lavagna | Miglior Attrice Esordiente Ondina Quadri;<b> LA PRIMA LUCE<\/b> di Vincenzo Marra; <b>VIVA LA SPOSA<\/b> di Ascanio Celestini.<\/p>\n<p class=\"ecxMsoNormal\"><b>Dal 68\u00b0 Festival del film Locarno <\/b><b>RIGHT NOW, WRONG THEN <\/b>di Hong Sang-soo, Pardo d\u2019oro | Pardo per la miglior interpretazione maschile; <b>COSMOS<\/b> di Andrzej Zulawski, Pardo per la Migliore Regia; <b>SUITE ARMORICAINE <\/b>di Pascale Breton, Premio FIPRESCI; <b>PARADISE (MA DAR BEHESHT)<\/b> di Sina Ataeian Dena, Swatch Art Peace Hotel Award | Premio Ecumenico; <b>CHEVALIER<\/b> di Athina Tsangari; <b>GENITORI <\/b>di Alberto Fasulo.<\/p>\n<p class=\"ecxMsoNormal\">Inoltre dalla <b>50+1 Mostra Internazionale del Nuovo Cinema di Pesaro <\/b>verranno presentati <b>UN JEUNE PO\u00c8TE<\/b> di Damien Manivel, Premio Lino Miccich\u00e9 Miglior Film | Menzione Speciale 67\u00b0 Festival del film Locarno; <b>PETTING ZOO<\/b> di Micah Magee,<b><\/b><\/p>\n<p class=\"ecxMsoNormal\">Premio del Pubblico.<\/p>\n<p class=\"ecxMsoNormal\">Infine, a chiusura della rassegna, verr\u00e0 proiettato il film vincitore del <b>Premio del Pubblico <\/b>del <b>20\u00b0 Milano Film Festival<\/b><\/p>\n<p class=\"ecxMsoNormal\">Quest\u2019anno sono numerosissimi gli <b>incontri <\/b>che accompagneranno le proiezioni dei film, a partire dalla tradizionale <b>presentazione <\/b>dei film in programma a cura di<b> Paolo Mereghetti e Bruno Fornara, \u00a0<\/b>Seguiranno poi appuntamenti con registi, attori e critici: da Lina Wertm\u00fcller a Enzo Gentile, da Carlo Lavagna a Vincenzo Marra, un <b>ricco programma di approfondimento<\/b> che si svolger\u00e0 come da calendario allegato. Come sempre il pubblico delle sale avr\u00e0 poi la possibilit\u00e0 di costruire il proprio personale percorso all\u2019interno della rassegna, anche prendendo spunto dagli itinerari tematici che si snodano tra i paesi di provenienza dei diversi film.<\/p>\n<p class=\"ecxMsoBodyTextIndent2\" style=\"text-align: right;\">Come sottolinea poi il <b>Presidente dell\u2019ANEC lombarda &#8211; Associazione degli esercenti cinema, Enrico Signorelli<\/b>, \u201c<i>le vie del cinema si conferma uno degli appuntamenti pi\u00f9 amati dal pubblico milanese. <b>Una manifestazione che, nell\u2019anno di Expo pi\u00f9 che mai, unisce la citt\u00e0 di Milano al mondo intero grazie alla presentazione di film della cinematografia mondiale, proposti in anteprima assoluta e in lingua originale con sottotitoli in italiano<\/b>. L\u2019obiettivo \u00e8 per noi quello di creare, anno dopo anno, spettatori pi\u00f9 attenti e consapevoli, valorizzando il legame tra pubblico e sala cinematografica, il luogo \u00a0eccellenza in cui si crea il valore del film e la sua \u201caffinit\u00e0 elettiva\u201d con chi lo guarda. In questo caso sono <b>14 le sale cittadine<\/b> che parteciperanno alla rassegna, offrendo un vasto calendario di appuntamenti a un pubblico sempre pi\u00f9 variegato che comprende, oltre ai <b>cinefili, gli amanti della musica, senza dimenticare il grande pubblico<\/b><\/i>\u201d.<\/p>\n<p class=\"ecxMsoNormal\">Il nuovo<b> trailer<\/b> delle vie del cinema \u00e8 disponibile a questo link <a href=\"http:\/\/bit.ly\/1KeEdws\" target=\"_blank\">http:\/\/bit.ly\/1KeEdws<\/a> ed \u00e8 in rotazione nelle sale milanesi che aderiscono al progetto. AGIS lombarda terr\u00e0 aggiornato il suo pubblico attraverso i canali social, Facebook <a href=\"https:\/\/www.facebook.com\/agis.lombarda\" target=\"_blank\">https:\/\/www.facebook.com\/agis.lombarda<\/a> e Twitter <a href=\"https:\/\/twitter.com\/AgisLombarda\" target=\"_blank\">https:\/\/twitter.com\/AgisLombarda<\/a>, dove sar\u00e0 possibile avere notizie quotidiane e aggiornamenti sulla rassegna. Il progetto s\u2019inserisce nell\u2019ambito di una serie di iniziative con l\u2019intento di valorizzare, attraverso le nuove tecnologie, le attivit\u00e0 delle sale cinematografiche.<\/p>\n<div>\n<p class=\"ecxMsoNormal\"><b><span style=\"text-decoration: underline;\">BIGLIETTI E CINECARD<\/span><\/b><\/p>\n<p class=\"ecxMsoNormal\"><b>\u2022 Biglietto intero 7,50 euro<\/b><\/p>\n<p class=\"ecxMsoNormal\"><b>\u2022 Cinecard<\/b> (non pi\u00f9 di due biglietti per film)<b><\/b><\/p>\n<p class=\"ecxMsoNormal\"><b>27 euro<\/b> per 6 ingressi<b> | 40 euro <\/b>per 10 ingressi<b> | 56 euro <\/b>per 16 ingressi<b><\/b><\/p>\n<p class=\"ecxMsoNormal\"><b>\u00a0<\/b><\/p>\n<p class=\"ecxMsoNormal\"><b>CINECARD<\/b><\/p>\n<p class=\"ecxMsoNormal\"><b>da marted\u00ec 15 settembre, dalle ore 12.30. <\/b>Dal sito lombardiaspettacolo.com nella sezione ACQUISTA ONLINE scegli \u201cCINECARD\u201d e segui le indicazioni di acquisto sulla piattaforma WebTic (previa registrazione alla piattaforma di vendita).<\/p>\n<p class=\"ecxMsoNormal\">Le Cinecard saranno in prevendita anche presso Apollo spazioCinema, Arcobaleno Filmcenter e Colosseo Multisala (in orario di apertura dei cinema).<\/p>\n<p class=\"ecxMsoNormal\"><b>da venerd\u00ec 18 settembre utilizza la tua Cinecard per riservare i tuoi posti<\/b>. Online, seguendo la medesima procedura indicata per acquistare i biglietti. Effettua il login per accedere alla schermata di acquisto e scegli CINECARD. Inserisci NUMERO ABBONAMENTO e PIN e riserva i tuoi posti in sala. Scegli STAMPA I BIGLIETTI per stamparli direttamente a procedura terminata e per riceverli via mail. Al cinema, presenta il biglietto stampato o mostra la schermata del biglietto sul tuo smartphone\/tablet al personale addetto al controllo accesso sale, senza passare dalla cassa. Se invece scegli STAMPA LA RICEVUTA dovrai ritirare il biglietto all\u2019Infopoint o alle casse dei cinema. Porta con te la Cinecard con cui hai fatto l\u2019acquisto oppure la stampa della ricevuta arrivata via mail.<\/p>\n<p class=\"ecxMsoNormal\">\u2022 <b>La Cinecard da sola non consente l\u2019ingresso in sala.<\/b> Per accedere alle proiezioni \u00e8 necessario scaricare i biglietti per i film scelti (compatibilmente con i posti disponibili).<\/p>\n<p class=\"ecxMsoNormal\">\u2022 La Cinecard \u00e8 valida solo se accompagnata dallo scontrino fiscale consegnato al momento dell\u2019acquisto.<\/p>\n<p class=\"ecxMsoNormal\">\u2022 Il biglietto acquistato o riservato con Cinecard non pu\u00f2 essere in alcun modo sostituito.<\/p>\n<p class=\"ecxMsoNormal\"><b>\u00a0<\/b><\/p>\n<p class=\"ecxMsoNormal\"><b>BIGLIETTI<\/b><\/p>\n<p class=\"ecxMsoNormal\"><b>da venerd\u00ec 18 settembre, dalle ore 12.30. <\/b>Dal sito lombardiaspettacolo.com nella sezione ACQUISTA ONLINE scegli \u201cBIGLIETTI\u201d e segui le indicazioni di acquisto sulla piattaforma WebTic (previa registrazione alla piattaforma di vendita). La procedura di acquisto online consente di stampare direttamente a casa i biglietti a 7,50, evitando le code alle casse dei cinema. Per assistere alle proiezioni presenta il biglietto stampato o mostra la schermata del biglietto sul tuo smartphone\/tablet al personale addetto al controllo accesso sale, senza passare dalla cassa. Non \u00e8 prevista la funzione \u201ccarrello\u201d. Di conseguenza l\u2019acquisto dei biglietti andr\u00e0 perfezionato per ciascuna proiezione con una nuova transazione con carta di credito. Si consiglia di lasciare intercorrere qualche minuto tra un acquisto e l&#8217;altro poich\u00e9 nel caso di acquisti multipli consecutivi i sistemi di sicurezza bancari potrebbero inibire le ultime transazioni. L\u2019acquisto \u00e8 possibile attraverso carte di credito e carte prepagate dei circuiti Visa e Mastercard.<\/p>\n<p class=\"ecxMsoNormal\">I biglietti saranno in vendita anche:<\/p>\n<p class=\"ecxMsoNormal\">&gt; all&#8217;Infopoint c\/o l&#8217;Apollo spazioCinema, aperto tutti i giorni da 18 al 27 settembre, dalle ore 12.30 alle ore 20.00<\/p>\n<p class=\"ecxMsoNormal\">&gt; alle casse dei cinema il giorno stesso delle proiezioni<\/p>\n<p class=\"ecxMsoNormal\"><b>\u00a0<\/b><\/p>\n<p class=\"ecxMsoNormal\"><b>Informazioni: <\/b><a href=\"mailto:info@agislombarda.it\">info@agislombarda.it<\/a><\/p>\n<\/div>\n<p class=\"ecxMsoNormal\" align=\"center\"><b>Segui le vie del cinema e AGIS lombarda su<\/b><\/p>\n<p class=\"ecxMsoNormal\" align=\"center\"><a href=\"http:\/\/www.lombardiaspettacolo.com\/\" target=\"_blank\">www.lombardiaspettacolo.com<\/a><\/p>\n<p class=\"ecxMsoNormal\" align=\"center\"><a href=\"https:\/\/www.facebook.com\/agis.lombarda\" target=\"_blank\">www.facebook.com\/agis.lombarda<\/a><\/p>\n<p class=\"ecxMsoNormal\" align=\"center\"><a href=\"https:\/\/twitter.com\/AgisLombarda\" target=\"_blank\">twitter.com\/AgisLombarda<\/a><\/p>\n<p class=\"ecxMsoNormal\" align=\"center\"><a href=\"http:\/\/www.youtube.com\/user\/AgisLombarda\" target=\"_blank\">www.youtube.com\/user\/AgisLombarda<\/a><\/p>\n<p class=\"ecxMsoNormal\" align=\"center\">#leviedelcinema<\/p>\n<p class=\"ecxMsoNormal\" align=\"center\">Immagini dei film disponibili qui:<\/p>\n<p class=\"ecxMsoNormal\" align=\"center\"><a href=\"http:\/\/www.lombardiaspettacolo.com\/FOTO_2015\/\" target=\"_blank\">http:\/\/www.lombardiaspettacolo.com\/FOTO_2015\/<\/a><\/p>\n<p class=\"ecxMsoNormal\" align=\"center\"><span lang=\"EN-US\">Trailer qui:<\/span><\/p>\n<p class=\"ecxMsoNormal\" align=\"center\"><a href=\"http:\/\/bit.ly\/1KeEdws\" target=\"_blank\">http:\/\/bit.ly\/1KeEdws<\/a><\/p>\n","protected":false},"excerpt":{"rendered":"<p>le vie del cinema 2015 i film di Venezia e i Pardi di Locarno Milano, 21-28 settembre 2015 42 film provenienti da 19 paesi, 14 sale cinematografiche, 72 proiezioni, 10 incontri per l\u2019edizione 2015 nell\u2019ambito di Expo in citt\u00e0 A pochissimi giorni dall\u2019assegnazione del Leone d\u2019Oro, AGIS lombarda e Comune di Milano sono lieti di &hellip; <a href=\"https:\/\/www.gdapress.it\/it\/index.php\/53742\/cinema\/le-vie-del-cinema-2015-i-film-di-venezia-e-i-pardi-di-locarno.html\" class=\"more-link\">Read more <span class=\"screen-reader-text\">le vie del cinema 2015  i film di Venezia e i Pardi di Locarno<\/span><\/a><\/p>\n","protected":false},"author":3,"featured_media":0,"comment_status":"closed","ping_status":"open","sticky":false,"template":"","format":"standard","meta":{"footnotes":""},"categories":[21],"tags":[1508,16485,11404,350],"class_list":["post-53742","post","type-post","status-publish","format-standard","hentry","category-cinema","tag-film","tag-i-pardi-di-locarno-vie-del-cinema-2015","tag-le-vie-del-cinema","tag-venezia"],"_links":{"self":[{"href":"https:\/\/www.gdapress.it\/it\/index.php\/wp-json\/wp\/v2\/posts\/53742","targetHints":{"allow":["GET"]}}],"collection":[{"href":"https:\/\/www.gdapress.it\/it\/index.php\/wp-json\/wp\/v2\/posts"}],"about":[{"href":"https:\/\/www.gdapress.it\/it\/index.php\/wp-json\/wp\/v2\/types\/post"}],"author":[{"embeddable":true,"href":"https:\/\/www.gdapress.it\/it\/index.php\/wp-json\/wp\/v2\/users\/3"}],"replies":[{"embeddable":true,"href":"https:\/\/www.gdapress.it\/it\/index.php\/wp-json\/wp\/v2\/comments?post=53742"}],"version-history":[{"count":2,"href":"https:\/\/www.gdapress.it\/it\/index.php\/wp-json\/wp\/v2\/posts\/53742\/revisions"}],"predecessor-version":[{"id":53744,"href":"https:\/\/www.gdapress.it\/it\/index.php\/wp-json\/wp\/v2\/posts\/53742\/revisions\/53744"}],"wp:attachment":[{"href":"https:\/\/www.gdapress.it\/it\/index.php\/wp-json\/wp\/v2\/media?parent=53742"}],"wp:term":[{"taxonomy":"category","embeddable":true,"href":"https:\/\/www.gdapress.it\/it\/index.php\/wp-json\/wp\/v2\/categories?post=53742"},{"taxonomy":"post_tag","embeddable":true,"href":"https:\/\/www.gdapress.it\/it\/index.php\/wp-json\/wp\/v2\/tags?post=53742"}],"curies":[{"name":"wp","href":"https:\/\/api.w.org\/{rel}","templated":true}]}}