
{"id":53603,"date":"2015-09-09T08:39:57","date_gmt":"2015-09-09T06:39:57","guid":{"rendered":"http:\/\/www.gdapress.it\/it\/?p=53603"},"modified":"2015-09-09T08:39:57","modified_gmt":"2015-09-09T06:39:57","slug":"expoincitta-castello-sforzescola-milano-dellexpo-1906-e-della-belle-epoque","status":"publish","type":"post","link":"https:\/\/www.gdapress.it\/it\/index.php\/53603\/expo-2015-2\/expoincitta-castello-sforzescola-milano-dellexpo-1906-e-della-belle-epoque.html","title":{"rendered":"EXPOINCITTA\u2019. CASTELLO SFORZESCO,LA MILANO DELL\u2019EXPO 1906 E DELLA BELLE \u00c9POQUE"},"content":{"rendered":"<p><span style=\"font-family: 'Book Antiqua'; font-size: large;\">\u00a0Dalle ore 21 alle 23, dal 9 a sabato 12 settembre, il Cortile delle Rocchetta del Castello Sforzesco diventa per il secondo anno consecutivo il palcoscenico di un viaggio magico di luci e di musica che dalla Milano di oggi e dell&#8217;Expo ci riporta al 1906 anno della prima Esposizione Universale e della Belle Epoque. Tutte le facciate saranno animate da immagini tratte dalla Raccolta delle Stampe &#8220;Achille Bertarelli&#8221; che, custodite nel prezioso scrigno del Castello Sforzesco, ci raccontano il quadro della vita e della cultura milanese degli inizi del secolo scorso. Non solo immagini, ma anche luci e musica danno vita a suggestioni che coinvolgono lo spettatore in una dimensione di sogno e incanto.<\/span><\/p>\n<p><span style=\"font-family: 'Book Antiqua'; font-size: large;\">Il &#8220;Castello di Carta&#8221;, curato dallo scenografo Sebastiano Romano e dallo Studio Comunicazione &amp; Immagine di Mariella Di Rao \u00e8 promosso dall&#8217;Assessorato alla Cultura del Comune di Milano, da ExpoinCitt\u00e0, da Confcommercio di Milano, Lodi, Monza e Brianza, dalla Civica Raccolta delle stampe &#8220;Achille Bertarelli&#8221;, dal Castello Sforzesco e con la collaborazione di AIDI ( Associazione Italiana di illuminazione ).<\/span><\/p>\n<p><span style=\"font-family: 'Book Antiqua'; font-size: large;\">Il progetto vuole essere un&#8217;occasione per celebrare l&#8217;Expo in modo inedito, attraverso un suggestivo viaggio nel tempo che ci riporta ai fasti, ai costumi e ai padiglioni della prima Esposizione Universale realizzata a Milano. Un viaggio che avviene attraverso la proiezione di suggestive immagine tratte dalla Raccolta \u201cAchille Bertarelli\u201d. \u00a0Una raccolta, per il suo genere, unica in Italia e ben conosciuta da molti studiosi, che custodisce migliaia di documenti, tra cui &#8220;Carte&#8221; stampate, incise, acquerellate, disegnate che sono una visibile testimonianza iconografica della vita agli inizi del secolo scorso. Una Raccolta preziosa che in questo modo viene ulteriormente valorizzata e promossa. Alla Raccolta \u00e8 annessa una biblioteca specialistica che conserva, oltre a 600 testate di periodici cessati e correnti, 3.500 libri antichi illustrati e 20.000 \u00a0volumi moderni sulla storia e le tecniche dell&#8217;incisione, la grafica editoriale e la grafica pubblicitaria, cataloghi di collezioni museali e di mostre.<\/span><\/p>\n<p><span style=\"font-family: 'Book Antiqua'; font-size: large;\">Nel Castello di Carta i fronti architettonici del Cortile della Rocchetta sono animati da un gioco di proiezioni che riproducono molte di quelle &#8220;Carte&#8221; che Achille Bertarelli, con grande passione e competenza, raccolse nel corso della sua vita. Tutte le facciate del Cortile della Rocchetta diventano cos\u00ec un enorme schermo che avvolge lo spettatore in una poliedrica visione che lo riporta indietro nel tempo.<\/span><\/p>\n<p><span style=\"font-family: 'Book Antiqua'; font-size: large;\">Lo spettacolo, gi\u00e0 presentato lo scorso anno in occasione dell&#8217;apertura dell&#8217;Expo Gate, viene ora riproposto in una versione pi\u00f9 ricca di nuove immagini sull&#8217;Expo in corso a testimonianza del lavoro che Milano \u00e8 riuscita nel frattempo a compiere.<\/span><\/p>\n<p><span style=\"font-family: 'Book Antiqua'; font-size: large;\">L&#8217;evento scenografico prevede anche proiezioni di raggi luminosi che disegnano sulla facciata principale del Castello e nel Cortile Ducale fasci di luce colorate. Al riguardo saranno utilizzate tecnologie molto avanzate offerte da Clay Paky, azienda leader del settore e sponsor tecnico dell&#8217;evento, in grado di creare un forte impatto emotivo per valorizzare le architetture del Castello e sottolineare la dimensione del nuovo e del futuro che caratterizza un evento come quello di Expo.<\/span><\/p>\n<p><span style=\"font-family: 'Book Antiqua'; font-size: large;\">Accompagnano le immagini e le luci suggestivi brani musicali tratti da Vangelis, Franz Leh\u00e0r, Dimitri Shostakovich.<\/span><\/p>\n<p><span style=\"font-family: 'Book Antiqua'; font-size: large;\"><i>\u201cIl Castello \u00e8 stato protagonista assoluto del successo di Expoincitt\u00e0 in questa estate 2015 aumentando nel mese di agosto i suoi visitatori del 90% rispetto all\u2019anno scorso \u2013 <\/i>ha dichiarato l\u2019Assessore alla Cultura Filippo Del Corno \u2013<i>. Per questo le sue corti sono lo spazio ideale per promuovere la bellezza della nostra citt\u00e0, la preziosit\u00e0 del nostro patrimonio artistico, la ricchezza della nostra storia. Questo progetto ci conduce per mano lungo un secolo di vita della nostra Citt\u00e0, punteggiando di immagini, luci e suoni lo spazio tra le due Esposizioni Universali\u201d.<\/i><\/span><\/p>\n<p><span style=\"font-family: 'Book Antiqua'; font-size: large;\">\u201c<i>Siamo particolarmente lieti<\/i> \u2013 afferma Gianroberto Costa, segretario generale di Confcommercio Milano \u2013 <i>di tornare a promuovere questa seconda edizione di un evento culturale dal forte impatto scenografico che celebra Expo in modo originale: ripercorrendo la storia milanese riproposta al grande pubblico attraverso le immagini della Raccolta delle Stampe Achille Bertarelli custodite all\u2019interno del Castello Sforzesco. Noi crediamo fortemente nel ruolo della cultura: poter far conoscere il patrimonio della storia e della tradizione milanese, unitamente alle eccellenze dell\u2019ospitalit\u00e0 che la citt\u00e0 offre, \u00e8 il migliore investimento per il futuro di Milano. Testimonia la volont\u00e0 di rendere sempre pi\u00f9 attrattivo il nostro territorio al turismo internazionale anche nel dopo Expo\u201d.<\/i><\/span><\/p>\n<p><span style=\"font-family: 'Book Antiqua'; font-size: large;\">&#8220;<i>Anche quest\u2019anno<\/i> &#8211; spiega Roberto Beghetto responsabile relazioni esterne e marketing sociale di Banca Mediolanum sponsor dell&#8217;iniziativa &#8211; <i>abbiamo deciso di sostenere il progetto di immagini, luci e suoni che nei prossimi giorni renderanno magico il Castello Sforzesco.<\/i><\/span><br \/>\n<span style=\"font-family: 'Book Antiqua'; font-size: large;\"><i>L\u2019evento rappresenta un\u2019 occasione per sostenere l\u2019arte rendendo visibile al visitatore ci\u00f2 che il luogo contiene e valorizzando ci\u00f2 che Milano custodisce<\/i>.\u201d<\/span><br \/>\n<span style=\"font-family: 'Book Antiqua'; font-size: large;\">\u00a0<\/span><br \/>\n<span style=\"font-family: 'Book Antiqua'; font-size: large;\">Articolazione del progetto<\/span><\/p>\n<p><span style=\"font-family: 'Book Antiqua'; font-size: large;\">Prima parte &#8211; ingresso Torre del Filarete<\/span><\/p>\n<p><span style=\"font-family: 'Book Antiqua'; font-size: large;\">Frammenti di luce animano l\u2019ingresso principale del Castello e il percorso interno che conduce nel Cortile della Rocchetta punteggiato da brani musicali tratti da \u201cBeautiful Planet Earth\u201d di Vangelis<\/span><\/p>\n<p><span style=\"font-family: 'Book Antiqua'; font-size: large;\">Seconda parte &#8211; Cortile della Rocchettta<\/span><\/p>\n<p><span style=\"font-family: 'Book Antiqua'; font-size: large;\">Si parte con la celebrazione del traforo del Sempione, vero motore dell\u2019Esposizione, documentato con cartoline e manifesti realizzati da famosi cartellonisti come Metlicovitz, poi si susseguono le cartoline che illustrano i progetti dei vari padiglioni espositivi tratti dagli acquarelli di Palanti (scenografo di importanti allestimenti al teatro alla Scala) e varie raffigurazioni per gli articoli pubblicati <i>nell\u2019Illustrazione Italiana<\/i> del 1906. In questi \u201cquadri\u201d sono documentati i momenti salienti della manifestazione: l\u2019inaugurazione ufficiale nella Sala delle Cariatidi con la presenza dei Sovrani le varie inaugurazioni dei padiglioni e tutto quel fermento artistico culturale che ruotava attorno all\u2019Esposizione. In questa sezione del video alcuni brani musicali, tratti dalla Jazz Suite di Shostakovich tra cui il famoso Waltz n\u00b02, ricreano una gioiosa atmosfera.<\/span><\/p>\n<p><span style=\"font-family: 'Book Antiqua'; font-size: large;\">Le illustrazioni di Dalsani, tratte dalla rivista <i>La Luna<\/i> del 1906, ci mostrano un gustoso spaccato della societ\u00e0 dell\u2019epoca con raffigurazioni di scene di vita mondana e di momenti della quotidianit\u00e0 con un divertito ed elegante gusto satirico della Belle Epoque che ci fa sorridere. In questa parte della visione \u00e8 protagonista la musica di Franz Leh\u00e0r : una originale \u00a0selezione \u00a0della Vedova Allegra.<\/span><\/p>\n<p><span style=\"font-family: 'Book Antiqua'; font-size: large;\">Lo spettacolo si conclude con il logo di Expo Milano 2015 che ci riporta ai giorni nostri.<i> <\/i><\/span><\/p>\n","protected":false},"excerpt":{"rendered":"<p>\u00a0Dalle ore 21 alle 23, dal 9 a sabato 12 settembre, il Cortile delle Rocchetta del Castello Sforzesco diventa per il secondo anno consecutivo il palcoscenico di un viaggio magico di luci e di musica che dalla Milano di oggi e dell&#8217;Expo ci riporta al 1906 anno della prima Esposizione Universale e della Belle Epoque. &hellip; <a href=\"https:\/\/www.gdapress.it\/it\/index.php\/53603\/expo-2015-2\/expoincitta-castello-sforzescola-milano-dellexpo-1906-e-della-belle-epoque.html\" class=\"more-link\">Read more <span class=\"screen-reader-text\">EXPOINCITTA\u2019. CASTELLO SFORZESCO,LA MILANO DELL\u2019EXPO 1906 E DELLA BELLE \u00c9POQUE<\/span><\/a><\/p>\n","protected":false},"author":3,"featured_media":0,"comment_status":"closed","ping_status":"open","sticky":false,"template":"","format":"standard","meta":{"footnotes":""},"categories":[12170],"tags":[16422,173,16080,16421],"class_list":["post-53603","post","type-post","status-publish","format-standard","hentry","category-expo-2015-2","tag-belle-epoque","tag-castello-sforzesco","tag-expoincitta","tag-la-milano-dellexpo-1906"],"_links":{"self":[{"href":"https:\/\/www.gdapress.it\/it\/index.php\/wp-json\/wp\/v2\/posts\/53603","targetHints":{"allow":["GET"]}}],"collection":[{"href":"https:\/\/www.gdapress.it\/it\/index.php\/wp-json\/wp\/v2\/posts"}],"about":[{"href":"https:\/\/www.gdapress.it\/it\/index.php\/wp-json\/wp\/v2\/types\/post"}],"author":[{"embeddable":true,"href":"https:\/\/www.gdapress.it\/it\/index.php\/wp-json\/wp\/v2\/users\/3"}],"replies":[{"embeddable":true,"href":"https:\/\/www.gdapress.it\/it\/index.php\/wp-json\/wp\/v2\/comments?post=53603"}],"version-history":[{"count":1,"href":"https:\/\/www.gdapress.it\/it\/index.php\/wp-json\/wp\/v2\/posts\/53603\/revisions"}],"predecessor-version":[{"id":53604,"href":"https:\/\/www.gdapress.it\/it\/index.php\/wp-json\/wp\/v2\/posts\/53603\/revisions\/53604"}],"wp:attachment":[{"href":"https:\/\/www.gdapress.it\/it\/index.php\/wp-json\/wp\/v2\/media?parent=53603"}],"wp:term":[{"taxonomy":"category","embeddable":true,"href":"https:\/\/www.gdapress.it\/it\/index.php\/wp-json\/wp\/v2\/categories?post=53603"},{"taxonomy":"post_tag","embeddable":true,"href":"https:\/\/www.gdapress.it\/it\/index.php\/wp-json\/wp\/v2\/tags?post=53603"}],"curies":[{"name":"wp","href":"https:\/\/api.w.org\/{rel}","templated":true}]}}