
{"id":53601,"date":"2015-09-09T08:25:15","date_gmt":"2015-09-09T06:25:15","guid":{"rendered":"http:\/\/www.gdapress.it\/it\/?p=53601"},"modified":"2015-09-09T08:25:15","modified_gmt":"2015-09-09T06:25:15","slug":"nutrire-lo-spirito-messa-da-requiem-di-verdi-a-san-giorgio-a-palazzo","status":"publish","type":"post","link":"https:\/\/www.gdapress.it\/it\/index.php\/53601\/musica\/nutrire-lo-spirito-messa-da-requiem-di-verdi-a-san-giorgio-a-palazzo.html","title":{"rendered":"NUTRIRE LO SPIRITO: MESSA DA REQUIEM DI VERDI A SAN GIORGIO A PALAZZO"},"content":{"rendered":"<div>\n<p><i>Messa da Requiem<\/i> alla Chiesa di San Giorgio al Palazzo<\/p>\n<p>La celeberrima opera sacra di Giuseppe Verdi per il nono\u00a0appuntamento di Nutrire lo Spirito<\/p>\n<p><b>Mercoled\u00ec 9 settembre (ore 21.00, ingresso gratuito)<\/b>, nella chiesa di <b>San Giorgio al Palazzo (Piazza San Giorgio, 2 \u2013 via Torino<\/b>), nono concerto della rassegna di musica sacra <b>Nutrire lo Spirito<\/b>. L\u2019appuntamento \u00e8 dedicato alla <b><i>Messa da Requiem<\/i> di Giuseppe Verdi<\/b> e sar\u00e0 eseguito in questa occasione nella <b>versione per piano e organo<\/b> da <b>Francesco Attesti<\/b> (pianoforte) e <b>Matteo Galli<\/b> (organo).<\/p>\n<p>La composizione sacra, ultimata nel\u00a0 1874, \u00e8 l&#8217;omaggio che Verdi volle porgere ad Alessandro Manzoni per il primo anniversario dalla morte dello scrittore ed \u00e8 oggi tra le opere verdiane pi\u00f9 eseguite.<\/p>\n<\/div>\n<p><b>Nutrire lo Spirito<\/b> prevede un programma di 12 concerti di musica sacra nelle chiese storiche di Milano, fino al 31 ottobre 2015, ed \u00e8 organizzata da laVerdi nell\u2019ambito della programmazione per Expo 2015, in collaborazione con <b>Fondazione Ambrosianeum<\/b>.<\/p>\n<p class=\"ecxMsoNormal\">\n<p class=\"ecxMsoNormal\"><b>La Messa da Requiem di Giuseppe Verdi<\/b><\/p>\n<p class=\"ecxMsoNormal\">\n<p class=\"ecxMsoNormal\">Nonostante Verdi sia sempre stato ostile verso la musica celebrativa, durante il corso della sua lunghissima carriera, emergono almeno due occasioni in cui fa eccezione e progetta, seppur con modalit\u00e0 e forme differenti, la composizione di una Messa per onorare degnamente la scomparsa di due grandi personalit\u00e0 della cultura italiana del suo tempo. Nel primo caso si tratta di Gioacchino Rossini, morto nel dicembre 1868. Il secondo \u00e8, invece, Alessandro Manzoni, morto il 22 maggio 1873. Colpito dalla notizia della morte di Rossini, Verdi propone all\u2019editore Ricordi di onorare l\u2019artista pesarese riconosciuto come il pi\u00f9 grande musicista italiano del secolo. Prende vita il Requiem per Rossini da scrivere a pi\u00f9 mani con altri dodici importanti musicisti del tempo. Al Maestro di Busseto viene assegnato il brano conclusivo <i>Libera me, Domine<\/i>. Il Requiem non viene per\u00f2 eseguito nella data dell\u2019anniversario, originariamente prevista per il 13 novembre 1869. Successivi discussioni e disaccordi faranno naufragare il progetto, che verr\u00e0 infine sepolto con l\u2019archiviazione del manoscritto ineseguito. Dopo pochi anni, un&#8217;altra morte eccellente colpisce il maestro di Busseto. Si tratta di quella dell&#8217;autore dei <i>Promessi Sposi<\/i>. La composizione del <i>Requiem<\/i> per Alessandro Manzoni inizia nel 1873. Verdi ritorna in possesso della sua partitura originale del <i>Libera me<\/i>, composto cinque anni prima per la Messa in suffragio di Rossini e mai eseguito. Il Maestro propone il Requiem dedicato a Manzoni all\u2019editore Ricordi. Vengono coinvolti il Comune di Milano e la sua giunta con promessa del sindaco di eseguirlo nel primo anniversario della morte del grande letterato.<\/p>\n<p class=\"ecxMsoNormal\">La <i>Messa da Requiem<\/i> viene eseguita in forma liturgica nella chiesa di San Marco il 22 maggio 1874, con la partecipazione del soprano Teresa Stolz, del mezzosoprano Maria Waldmann, del tenore Giuseppe Capponi e del basso Ormondo Maini diretti dallo stesso Verdi.<\/p>\n<p class=\"ecxMsoNormal\">\n<p class=\"ecxMsoNormal\">\n<p class=\"ecxMsoNormal\"><b>La versione per Organo o Harmonium e Pianoforte<\/b><\/p>\n<p class=\"ecxMsoNormal\">\n<p class=\"ecxMsoNormal\">La prassi della trascrizione musicale, di origini ben pi\u00f9 antiche, \u00e8 stata fondamentale lungo tutto il corso del XIX secolo. La storia ci ha consegnato un mondo parallelo di riduzioni, adattamenti e trasformazioni, soprattutto di lavori per ampio organico, opere liriche e sinfonie, impossibili da ascoltare fuori dai contesti originali in assenza di mezzi per la riproduzione del suono. Nel caso di questa trascrizione della <i>Messa da Requiem<\/i> di Giuseppe Verdi, si tratta di un&#8217;interessantissima operazione di elevato livello artistico e musicale. Non ci troviamo a che fare con una semplice riduzione destinata all\u2019accompagnamento vocale concepita per condensare la complessa partitura orchestrale in modo da rendere praticabile il brano anche a gruppi corali amatoriali. La trascrizione della <i>Messa da Requiem<\/i> nasce dall&#8217;intento di proporre, con un singolare ma all&#8217;epoca assai diffuso duo strumentale (organo e pianoforte o harmonium e pianoforte),\u00a0 una pagina lirico sinfonica divenuta celebre in tutto il territorio europeo ma difficilmente eseguibile per via dell\u2019organico e della complessit\u00e0. Si tratta in sostanza di una vera e propria versione minore della partitura verdiana, dove le linee vocali vengono assorbite e fuse in un unico crogiolo armonico, rispettando in pieno le dimensioni e il senso musicale dell\u2019opera.<\/p>\n<p class=\"ecxMsoNormal\">Rispetto alle normali trascrizioni, in questo caso, \u00e8 importante rilevare che la stampa della versione per harmonium e pianoforte reca la data del 10 ottobre 1874, a breve distanza quindi dalla prima esecuzione avvenuta a Milano nel maggio del medesimo anno. Anche l&#8217;editore \u00e8 il medesimo, si tratta di Giulio Ricordi, sotto il cui auspicio era nato, a partire dal 1873, il progetto della <i>Messa da Requiem<\/i>. Conoscendo i rapporti particolari che legavano l\u2019editore Ricordi a Giuseppe Verdi, \u00e8 naturale ritenere che questa trascrizione, uscita a pochi mesi di distanza dalla prima milanese, sia stata concepita per rendere maggiormente fruibile il capolavoro verdiano soprattutto in terra francese dove il duo organo o harmonium e pianoforte &#8211; oggi pressoch\u00e9 scomparso &#8211; era invece molto diffuso. Si tratta in realt\u00e0 di un abbinamento efficacissimo fra due strumenti cos\u00ec differenti fra loro che, tuttavia, nella fusione timbrica genera una dimensione sonora nuova, affascinante ed estremamente efficace.<\/p>\n<p class=\"ecxMsoNormal\">\n<p class=\"ecxMsoNormal\"><i>Matteo Galli<\/i><\/p>\n","protected":false},"excerpt":{"rendered":"<p>Messa da Requiem alla Chiesa di San Giorgio al Palazzo La celeberrima opera sacra di Giuseppe Verdi per il nono\u00a0appuntamento di Nutrire lo Spirito Mercoled\u00ec 9 settembre (ore 21.00, ingresso gratuito), nella chiesa di San Giorgio al Palazzo (Piazza San Giorgio, 2 \u2013 via Torino), nono concerto della rassegna di musica sacra Nutrire lo Spirito. &hellip; <a href=\"https:\/\/www.gdapress.it\/it\/index.php\/53601\/musica\/nutrire-lo-spirito-messa-da-requiem-di-verdi-a-san-giorgio-a-palazzo.html\" class=\"more-link\">Read more <span class=\"screen-reader-text\">NUTRIRE LO SPIRITO: MESSA DA REQUIEM DI VERDI A SAN GIORGIO A PALAZZO<\/span><\/a><\/p>\n","protected":false},"author":3,"featured_media":0,"comment_status":"closed","ping_status":"open","sticky":false,"template":"","format":"standard","meta":{"footnotes":""},"categories":[19],"tags":[16267,16420,2455],"class_list":["post-53601","post","type-post","status-publish","format-standard","hentry","category-musica","tag-nutrire-lo-spirito","tag-san-giorgio-a-palazzo","tag-verdi"],"_links":{"self":[{"href":"https:\/\/www.gdapress.it\/it\/index.php\/wp-json\/wp\/v2\/posts\/53601","targetHints":{"allow":["GET"]}}],"collection":[{"href":"https:\/\/www.gdapress.it\/it\/index.php\/wp-json\/wp\/v2\/posts"}],"about":[{"href":"https:\/\/www.gdapress.it\/it\/index.php\/wp-json\/wp\/v2\/types\/post"}],"author":[{"embeddable":true,"href":"https:\/\/www.gdapress.it\/it\/index.php\/wp-json\/wp\/v2\/users\/3"}],"replies":[{"embeddable":true,"href":"https:\/\/www.gdapress.it\/it\/index.php\/wp-json\/wp\/v2\/comments?post=53601"}],"version-history":[{"count":1,"href":"https:\/\/www.gdapress.it\/it\/index.php\/wp-json\/wp\/v2\/posts\/53601\/revisions"}],"predecessor-version":[{"id":53602,"href":"https:\/\/www.gdapress.it\/it\/index.php\/wp-json\/wp\/v2\/posts\/53601\/revisions\/53602"}],"wp:attachment":[{"href":"https:\/\/www.gdapress.it\/it\/index.php\/wp-json\/wp\/v2\/media?parent=53601"}],"wp:term":[{"taxonomy":"category","embeddable":true,"href":"https:\/\/www.gdapress.it\/it\/index.php\/wp-json\/wp\/v2\/categories?post=53601"},{"taxonomy":"post_tag","embeddable":true,"href":"https:\/\/www.gdapress.it\/it\/index.php\/wp-json\/wp\/v2\/tags?post=53601"}],"curies":[{"name":"wp","href":"https:\/\/api.w.org\/{rel}","templated":true}]}}