
{"id":53525,"date":"2015-09-05T10:40:23","date_gmt":"2015-09-05T08:40:23","guid":{"rendered":"http:\/\/www.gdapress.it\/it\/?p=53525"},"modified":"2015-09-05T10:40:23","modified_gmt":"2015-09-05T08:40:23","slug":"expo-2015-acre-presenta-la-giornata-dellamazzonia","status":"publish","type":"post","link":"https:\/\/www.gdapress.it\/it\/index.php\/53525\/expo-2015-2\/expo-2015-acre-presenta-la-giornata-dellamazzonia.html","title":{"rendered":"EXPO 2015 Acre presenta la giornata dell\u2019Amazzonia"},"content":{"rendered":"<p>Il 5 settembre al Padiglione del Brasile di Expo lo Stato brasiliano di Acre presenta un modello di sviluppo sostenibile ufficializzando l\u2019adesione al programma Under 2 MoU<\/p>\n<p><strong>Una giornata interamente dedicata all\u2019Amazzonia, organizzata dallo Stato brasiliano di Acre il 5 settembre presso il Padiglione del Brasile a Expo Milano 2015<\/strong>, il <strong>padiglione curato da Apex-Brasil,<\/strong> l\u2019agenzia brasiliana per la promozione delle esportazioni e degli investimenti. Una giornata in cui <strong>la foresta amazzonica e lo Stato di Acre<\/strong> in particolare verranno esplorati non solo come luoghi caratterizzati da una biodiversit\u00e0 unica ma soprattutto come <strong>modelli di sviluppo sostenibile in linea con i tempi<\/strong>, basati su un <strong>equilibrio tra uso delle risorse naturali, industrializzazione e urbanizzazione. In occasione della giornata verr\u00e0 ufficialmente siglata l\u2019adesione al programma Under 2 MoU <\/strong>che riunisce tutti gli Stati sub-nazionali impegnati nella riduzione delle emissioni di gas serra che contribuiscono al riscaldamento globale.<\/p>\n<p><strong>La Giornata dell\u2019Amazzonia<\/strong> vedr\u00e0 coinvolti <strong>il Governatore Ti\u00e3o Viana, i rappresentanti del Governo dello Stato di Acre che presenteranno lo Stato e le sue specificit\u00e0 e autorit\u00e0 italiane<\/strong> e straniere. In occasione della firma per l\u2019ingresso di Acre nel programma <strong>Under 2 MoU parteciperanno Steve Swartzman &#8211; Environmental Defense Fund \u2013 EDF<\/strong> e <strong>Lu\u00eds Fernando Laranja \u2013 Kaet\u00e9 Investments <\/strong>che contribuiranno con il loro intervento a condividere la loro visone e la loro esperienza nel consolidamento della Green Economy di Acre come luogo che si distingue per investimenti a basse emissioni di carbonio e alta inclusione sociale. L\u2019adesione al programma Under 2 MoU \u00e8 in linea con gli sforzi che Acre sta compiendo nel diventare un modello Green Economy che possa essere esempio virtuoso per tutti gli Stati impegnati nella riduzione di gas nocivi per l\u2019ambiente.<\/p>\n<p>In occasione della presentazione di Acre verranno inoltre esplorate le possibilit\u00e0 di business offerte da questo Stato brasiliano. <strong>Acre \u00e8 infatti un territorio che alla ricchezza ambientale unisce anche crescenti opportunit\u00e0 legate all\u2019avvio di progetti di sviluppo sostenibile basato su un Piano Regolatore Ecologico ed Economico<\/strong> con l\u2019obiettivo di fare di Acre il luogo della sostenibilit\u00e0 perfetta, attraverso un\u2019economia a bassa emissione di carbonio. L\u2019economia \u00e8 diretta a rafforzare la propria base industriale, puntando sulla distribuzione del reddito e sull\u2019inclusione sociale, nonch\u00e9 sulla crescita del valore dei prodotti estratti dalla foresta e sull\u2019allevamento di bestiame e pesce, promuovendo cos\u00ec lo sviluppo del settore secondario e terziario.<\/p>\n<p><strong>Acre ha attuato con successo un progetto di unione virtuosa di capitale pubblico, privato e comunitario\/sociale<\/strong> grazie al quale ha dimostrato di poter realizzare il proprio sviluppo economico, preservando le risorse naturali e attuando l\u2019inclusione sociale ed economica delle popolazioni pi\u00f9 socialmente vulnerabili. Negli ultimi 10 anni questo progetto ha consentito di ridurre la deforestazione, aumentare il PIL e attuare una vera e propria rivoluzione in materia sociale e socio-produttiva. Fra le strategie che guidano il suo sviluppo, Acre ha creato inoltre una Zona Franca (ZPE) per incoraggiare le industrie a stabilirsi sul suo territorio consolidando partnership con Fondi di Investimento in Partecipazioni.<\/p>\n<p>&nbsp;<\/p>\n<p>La Giornata dell\u2019Amazzonia sar\u00e0 quindi un momento per conoscere questo territorio non solo quale grandioso ecosistema, ma come modello per la creazione di una foresta abitata, produttiva e conservata. Lo Stato di Acre \u00e8 cuore ed esempio di questo modello: un territorio urbanizzato e industrializzato secondo modelli sostenibili, fatto di citt\u00e0 all\u2019avanguardia, di prodotti\u00a0 che possono sfamare il mondo intero, di oggetti di design diventati icone universalmente riconosciute. Una foresta che diventa il motore di sviluppo di tutte le economie della regione, un luogo dove \u00e8 possibile ribaltare i luoghi comuni che sono, a torto, clich\u00e9 dell\u2019immaginario collettivo.<\/p>\n<p><strong>Queste peculiarit\u00e0 saranno al centro del video che verr\u00e0 proiettato nel corso della presentazione e che racconter\u00e0 le specificit\u00e0 di questo territorio unico<\/strong>. Al termine della presentazione <strong>\u00e8 in programma un grande concerto aperto a tutto il pubblico di Expo<\/strong> <strong>tenuto da Jo\u00e3o Donato<\/strong>, cantante, compositore e pianista di Acre, maestro della <em>bossa nova<\/em>, all\u2019interno dello stesso\u00a0 padiglione del Brasile.<\/p>\n<p>&nbsp;<\/p>\n<p><strong>Seguici su Facebook<\/strong>: www.facebook.com\/acrebrazil<\/p>\n<p>&nbsp;<\/p>\n","protected":false},"excerpt":{"rendered":"<p>Il 5 settembre al Padiglione del Brasile di Expo lo Stato brasiliano di Acre presenta un modello di sviluppo sostenibile ufficializzando l\u2019adesione al programma Under 2 MoU Una giornata interamente dedicata all\u2019Amazzonia, organizzata dallo Stato brasiliano di Acre il 5 settembre presso il Padiglione del Brasile a Expo Milano 2015, il padiglione curato da Apex-Brasil, &hellip; <a href=\"https:\/\/www.gdapress.it\/it\/index.php\/53525\/expo-2015-2\/expo-2015-acre-presenta-la-giornata-dellamazzonia.html\" class=\"more-link\">Read more <span class=\"screen-reader-text\">EXPO 2015 Acre presenta la giornata dell\u2019Amazzonia<\/span><\/a><\/p>\n","protected":false},"author":3,"featured_media":0,"comment_status":"closed","ping_status":"open","sticky":false,"template":"","format":"standard","meta":{"footnotes":""},"categories":[12170],"tags":[16394,16395,622],"class_list":["post-53525","post","type-post","status-publish","format-standard","hentry","category-expo-2015-2","tag-acre","tag-amazzonia","tag-expo-2015"],"_links":{"self":[{"href":"https:\/\/www.gdapress.it\/it\/index.php\/wp-json\/wp\/v2\/posts\/53525","targetHints":{"allow":["GET"]}}],"collection":[{"href":"https:\/\/www.gdapress.it\/it\/index.php\/wp-json\/wp\/v2\/posts"}],"about":[{"href":"https:\/\/www.gdapress.it\/it\/index.php\/wp-json\/wp\/v2\/types\/post"}],"author":[{"embeddable":true,"href":"https:\/\/www.gdapress.it\/it\/index.php\/wp-json\/wp\/v2\/users\/3"}],"replies":[{"embeddable":true,"href":"https:\/\/www.gdapress.it\/it\/index.php\/wp-json\/wp\/v2\/comments?post=53525"}],"version-history":[{"count":1,"href":"https:\/\/www.gdapress.it\/it\/index.php\/wp-json\/wp\/v2\/posts\/53525\/revisions"}],"predecessor-version":[{"id":53526,"href":"https:\/\/www.gdapress.it\/it\/index.php\/wp-json\/wp\/v2\/posts\/53525\/revisions\/53526"}],"wp:attachment":[{"href":"https:\/\/www.gdapress.it\/it\/index.php\/wp-json\/wp\/v2\/media?parent=53525"}],"wp:term":[{"taxonomy":"category","embeddable":true,"href":"https:\/\/www.gdapress.it\/it\/index.php\/wp-json\/wp\/v2\/categories?post=53525"},{"taxonomy":"post_tag","embeddable":true,"href":"https:\/\/www.gdapress.it\/it\/index.php\/wp-json\/wp\/v2\/tags?post=53525"}],"curies":[{"name":"wp","href":"https:\/\/api.w.org\/{rel}","templated":true}]}}