
{"id":53425,"date":"2015-08-28T10:00:01","date_gmt":"2015-08-28T08:00:01","guid":{"rendered":"http:\/\/www.gdapress.it\/it\/?p=53425"},"modified":"2015-08-28T10:00:01","modified_gmt":"2015-08-28T08:00:01","slug":"concerto-di-chiusura-di-alma-mater-un-all-star-show-con-llorenc-barber-montserrat-palacios-saturnino-celani-e-yuval-avital","status":"publish","type":"post","link":"https:\/\/www.gdapress.it\/it\/index.php\/53425\/musica\/concerto-di-chiusura-di-alma-mater-un-all-star-show-con-llorenc-barber-montserrat-palacios-saturnino-celani-e-yuval-avital.html","title":{"rendered":"CONCERTO DI CHIUSURA DI ALMA MATER: UN ALL-STAR SHOW CON LLOREN\u00c7 BARBER, MONTSERRAT PALACIOS, SATURNINO CELANI E YUVAL AVITAL"},"content":{"rendered":"<div class=\"\"><a href=\"http:\/\/www.gdapress.it\/it\/..\/public\/it\/2015\/08\/07_montserrat.jpeg\"><img loading=\"lazy\" decoding=\"async\" class=\"alignnone size-medium wp-image-53426\" src=\"http:\/\/www.gdapress.it\/it\/..\/public\/it\/2015\/08\/07_montserrat-300x169.jpeg\" alt=\"07_montserrat\" width=\"300\" height=\"169\" srcset=\"https:\/\/www.gdapress.it\/it\/..\/public\/it\/2015\/08\/07_montserrat-300x169.jpeg 300w, https:\/\/www.gdapress.it\/it\/..\/public\/it\/2015\/08\/07_montserrat-500x281.jpeg 500w, https:\/\/www.gdapress.it\/it\/..\/public\/it\/2015\/08\/07_montserrat.jpeg 640w\" sizes=\"auto, (max-width: 300px) 100vw, 300px\" \/><\/a><\/div>\n<div class=\"\"><b class=\"\">\u00a0<\/b><\/div>\n<div class=\"\">UN ALL-STAR SHOW CON LLOREN\u00c7 BARBER, MONTSERRAT PALACIOS, SATURNINO CELANI E YUVAL AVITAL<\/div>\n<div class=\"\">28 AGOSTO | \u00a0ORE 21.00 | FABBRICA DEL VAPORE, MILANO<\/div>\n<div class=\"\">Un concerto anticonvenzionale, un\u2019occasione straordinaria di vedere quattro grandi performer dal talento ineguagliabile uniti eccezionalmente in un <i class=\"\">all-star show <\/i>nell\u2019orizzonte multisensoriale di Alma Mater.\u00a0Lloren\u00e7 Barber e Montserrat Palacios, marito e moglie, musicologi e musicisti di fama mondiale, arrivano a Milano per dare vita a <b class=\"\">un\u2019ultima straordinaria performance all\u2019interno dell\u2019installazione icono-sonora di Yuval Avital<\/b> e regalare cos\u00ec al pubblico di Alma Mater un eclettico concerto di finissage. Le due colonne portanti dell\u2019avanguardia musicale spagnola, instancabili ricercatori e sperimentatori, sono protagonisti di una <b class=\"\">performance inedita<\/b>, in cui i loro insoliti strumenti dialogano con il basso di Saturnino Celani e la chitarra elettrica di Yuval Avital.<\/div>\n<div class=\"\"><\/div>\n<div class=\"\"><b class=\"\">Lloren\u00e7 Barber<\/b>, il John Cage spagnolo, \u00e8 conosciuto in tutto il mondo per la sua capacit\u00e0 di <b class=\"\">dirigere grandi masse sonore<\/b> e persino <b class=\"\">intere citt\u00e0<\/b>. Nella sua pluriennale carriera ha diretto un concerto per barche e campane nel porto di Okinawa, inaugurato il Palazzo dell\u2019Arte di Valencia e fondato gruppi di sperimentazione sonora, lanciando sulla scena internazionale la grande cantante F\u00e1tima Miranda. Alla Fabbrica del Vapore il compositore e performer spagnolo porta i suoi strumenti prediletti, <b class=\"\">campane, campanelli e sonagli<\/b>, che \u00e8 solito suonare in maniera tradizionale o con l\u2019aiuto della bocca per esaltarne gli armonici.<\/div>\n<div class=\"\"><b class=\"\">Montserrat Palacios<\/b>, messicana di nascita, cantante ed etnomusicologa, fondatrice dell\u2019Istituto Europeo di Musicoterapia Umanista dove conduce ricerca sulla terapia vocale, ha avuto come palcoscenico per le sue esibizioni gallerie d\u2019arte, pulpiti di chiese, monasteri e strade. Da sempre intreccia il suo talento vocale con oggetti quotidiani, come teiere fischianti, piume, fili, vasche per pesci e <b class=\"\">macchine da cucire Singer<\/b>. Con quest\u2019ultima la cantante duetta anche all\u2019interno di Alma Mater, per regalare al pubblico un\u2019<b class=\"\">esibizione di \u201c<i class=\"\">two singers\u201d<\/i><\/b>, grazie alle tecniche di improvvisazione ed extended voice di cui \u00e8 elegantissima interprete.<\/div>\n<div class=\"\">A loro si unisce, con il timbro inconfondibile del suo basso, <b class=\"\">Saturnino Celani<\/b>, autore di culto e popolare allo stesso tempo, strumentista versatile, capace di farsi ispirare dalla musica classica cos\u00ec come da funky, jazz, rock e hip hop. Nel dialogo con l\u2019opera di Yuval Avital, l\u2019eclettico bassista, dal 1991 sulle scene con Lorenzo Jovanotti, riafferma ancora una volta la sua capacit\u00e0 di spaziare nei territori della musica e di esprimere identit\u00e0 musicali inedite.<\/div>\n<div class=\"\"><\/div>\n<div class=\"\">Per Yuval Avital, compositore e musicista israeliano, creatore di Alma Mater, <b class=\"\">la performance del 28 agosto rappresenta una duplice esperienza<\/b>. Da un lato \u00e8 l\u2019occasione di duettare con una delle figure di riferimento per la sua formazione musicale, dall\u2019altro significa esibirsi dentro la sua stessa opera come <b class=\"\">dentro il proprio subconscio<\/b>: \u201cSuonare la chitarra elettrica all\u2019interno dell\u2019installazione sar\u00e0 per me l\u2019opportunit\u00e0 di dare la mia voce indiretta ad Alma Mater, come un modesto narratore che pu\u00f2 rimanere anche a lungo in silenzio, in ascolto. Rispetto ai Dialoghi passati, quello del 28 agosto sar\u00e0 molto pi\u00f9 spontaneo: Lloren\u00e7 Barber crede moltissimo nel valore del momento, e in pi\u00f9 sar\u00e0 la prima volta che suoniamo insieme\u201d.<\/div>\n<div class=\"\"><\/div>\n<div class=\"\">Biglietto Intero \u20ac15, ridotto \u20ac12, combinato (presentando biglietto ALMA MATER) \u20ac10<\/div>\n<div class=\"\"><\/div>\n<div class=\"\">\u00a0<a class=\"\" href=\"http:\/\/www.almamater.info\/\" target=\"_blank\">www.almamater.info<\/a>.<\/div>\n<div class=\"\">Al seguente link \u00e8 possibile vedere una preview dell\u2019opera\u00a0\u00a0<a class=\"\" href=\"https:\/\/youtu.be\/UetD3CxYplQ\" target=\"_blank\">https:\/\/youtu.be\/UetD3CxYplQ<\/a><\/div>\n","protected":false},"excerpt":{"rendered":"<p>\u00a0 UN ALL-STAR SHOW CON LLOREN\u00c7 BARBER, MONTSERRAT PALACIOS, SATURNINO CELANI E YUVAL AVITAL 28 AGOSTO | \u00a0ORE 21.00 | FABBRICA DEL VAPORE, MILANO Un concerto anticonvenzionale, un\u2019occasione straordinaria di vedere quattro grandi performer dal talento ineguagliabile uniti eccezionalmente in un all-star show nell\u2019orizzonte multisensoriale di Alma Mater.\u00a0Lloren\u00e7 Barber e Montserrat Palacios, marito e moglie, &hellip; <a href=\"https:\/\/www.gdapress.it\/it\/index.php\/53425\/musica\/concerto-di-chiusura-di-alma-mater-un-all-star-show-con-llorenc-barber-montserrat-palacios-saturnino-celani-e-yuval-avital.html\" class=\"more-link\">Read more <span class=\"screen-reader-text\">CONCERTO DI CHIUSURA DI ALMA MATER: UN ALL-STAR SHOW CON LLOREN\u00c7 BARBER, MONTSERRAT PALACIOS, SATURNINO CELANI E YUVAL AVITAL<\/span><\/a><\/p>\n","protected":false},"author":3,"featured_media":0,"comment_status":"closed","ping_status":"open","sticky":false,"template":"","format":"standard","meta":{"footnotes":""},"categories":[19],"tags":[16366,16363,16364,16365],"class_list":["post-53425","post","type-post","status-publish","format-standard","hentry","category-musica","tag-alma-mater","tag-llorenc-barber","tag-montserrat-palacios","tag-saturnino-celani-e-yuval-avital"],"_links":{"self":[{"href":"https:\/\/www.gdapress.it\/it\/index.php\/wp-json\/wp\/v2\/posts\/53425","targetHints":{"allow":["GET"]}}],"collection":[{"href":"https:\/\/www.gdapress.it\/it\/index.php\/wp-json\/wp\/v2\/posts"}],"about":[{"href":"https:\/\/www.gdapress.it\/it\/index.php\/wp-json\/wp\/v2\/types\/post"}],"author":[{"embeddable":true,"href":"https:\/\/www.gdapress.it\/it\/index.php\/wp-json\/wp\/v2\/users\/3"}],"replies":[{"embeddable":true,"href":"https:\/\/www.gdapress.it\/it\/index.php\/wp-json\/wp\/v2\/comments?post=53425"}],"version-history":[{"count":1,"href":"https:\/\/www.gdapress.it\/it\/index.php\/wp-json\/wp\/v2\/posts\/53425\/revisions"}],"predecessor-version":[{"id":53427,"href":"https:\/\/www.gdapress.it\/it\/index.php\/wp-json\/wp\/v2\/posts\/53425\/revisions\/53427"}],"wp:attachment":[{"href":"https:\/\/www.gdapress.it\/it\/index.php\/wp-json\/wp\/v2\/media?parent=53425"}],"wp:term":[{"taxonomy":"category","embeddable":true,"href":"https:\/\/www.gdapress.it\/it\/index.php\/wp-json\/wp\/v2\/categories?post=53425"},{"taxonomy":"post_tag","embeddable":true,"href":"https:\/\/www.gdapress.it\/it\/index.php\/wp-json\/wp\/v2\/tags?post=53425"}],"curies":[{"name":"wp","href":"https:\/\/api.w.org\/{rel}","templated":true}]}}