
{"id":53367,"date":"2015-08-08T08:32:48","date_gmt":"2015-08-08T06:32:48","guid":{"rendered":"http:\/\/www.gdapress.it\/it\/?p=53367"},"modified":"2015-08-08T08:32:48","modified_gmt":"2015-08-08T06:32:48","slug":"ombre-e-luci-rapallo-antico-castello-sul-mare","status":"publish","type":"post","link":"https:\/\/www.gdapress.it\/it\/index.php\/53367\/arte\/ombre-e-luci-rapallo-antico-castello-sul-mare.html","title":{"rendered":"OMBRE E LUCI  RAPALLO  ANTICO CASTELLO SUL MARE"},"content":{"rendered":"<p><a href=\"http:\/\/www.gdapress.it\/it\/..\/public\/it\/2015\/08\/Andrea-Humpert-Fasslrinner.jpg\"><img loading=\"lazy\" decoding=\"async\" class=\"alignnone size-full wp-image-53368\" src=\"http:\/\/www.gdapress.it\/it\/..\/public\/it\/2015\/08\/Andrea-Humpert-Fasslrinner.jpg\" alt=\"Andrea Humpert-Fasslrinner\" width=\"340\" height=\"336\" srcset=\"https:\/\/www.gdapress.it\/it\/..\/public\/it\/2015\/08\/Andrea-Humpert-Fasslrinner.jpg 340w, https:\/\/www.gdapress.it\/it\/..\/public\/it\/2015\/08\/Andrea-Humpert-Fasslrinner-300x296.jpg 300w\" sizes=\"auto, (max-width: 340px) 100vw, 340px\" \/><\/a><\/p>\n<p><strong>\u201cOmbre e Luci\u201d<\/strong><\/p>\n<p><em>Mostra promossa dalla Sezione Italia della FICF<\/em><\/p>\n<p><em>\u00a0F\u00e9d\u00e9ration Internationale Culturelle F\u00e9minine<\/em><\/p>\n<p><em>a cura di <\/em><em>Nicoletta Mezzanotte von Buttlar<\/em><\/p>\n<p><strong>Inaugurazione<\/strong><\/p>\n<p>Sabato 8 agosto 2015<\/p>\n<p>ore 18.30<\/p>\n<p><strong>Antico Castello sul Mare <\/strong><\/p>\n<p><strong>Rapallo<\/strong><strong>\u00a0<\/strong><\/p>\n<p><strong><em>La mostra sar\u00e0 aperta al pubblico fino al 6 settembre 2015<\/em><\/strong><\/p>\n<p>L&#8217; 8 agosto 2015, alle ore 18.30, presso l&#8217;Antico Castello sul Mare di Rapallo, si inaugurer\u00e0 la mostra internazionale d\u2019arte al femminile, intitolata \u201cOmbre e Luci\u201d. Si tratta di un percorso espositivo di 14 donne appartenenti al panorama artistico contemporaneo della Germania e dell\u2019Italia, che si cimentano per la prima volta negli spazi suggestivi dell\u2019Antico Castello sul Mare di Rapallo, traducendo la loro elaborazione creativa in un proprio linguaggio metaforico dell\u2019ombra e della luce. L\u2019esposizione d\u2019arte si colloca inoltre nell\u2019ambito dell\u2019iniziativa Unesco, che ha proclamato il 2015 l\u2019anno internazionale della luce.<\/p>\n<p><strong>ELENCO ARTISTE<\/strong><\/p>\n<p>Chris Engels, Marilena Faraci, Renate Gehrcke, Kerstin Henschel, Andrea Humpert-Fasslrinner, Ursula Jenss-Sherif, ruthEva Karl, Barbara Kirchner, Anneliese Kraft, Hildegard Mahn, Elizabeth Steinhauser, Armanda Verdirame, Marliese Wagner, Karin Welke.<\/p>\n<p>_______________________<\/p>\n<p>&nbsp;<\/p>\n<p><strong>In collaborazione con:<\/strong><\/p>\n<p>Comune di Rapallo<\/p>\n<p><strong>Con il patrocinio di:<\/strong><\/p>\n<p>ZONTA \u2013 Club Portofino-Tigullio Area<\/p>\n<p>Rappresentanze tedesche in Italia<\/p>\n<p><strong>Contatti:<\/strong><\/p>\n<p>cultura@comune.rapallo.ge.it<\/p>\n<p>fineartcon@arcor.de<\/p>\n<p><strong>Orari di apertura della mostra:<\/strong><\/p>\n<p>venerd\u00ec, sabato, domenica, giorni festivi e pre-festivi: 19.00\u201322.00<\/p>\n<p><strong>Ingresso libero<\/strong><\/p>\n<p><strong>\u00a0<\/strong><\/p>\n<p><strong>\u00a0<\/strong><\/p>\n","protected":false},"excerpt":{"rendered":"<p>\u201cOmbre e Luci\u201d Mostra promossa dalla Sezione Italia della FICF \u00a0F\u00e9d\u00e9ration Internationale Culturelle F\u00e9minine a cura di Nicoletta Mezzanotte von Buttlar Inaugurazione Sabato 8 agosto 2015 ore 18.30 Antico Castello sul Mare Rapallo\u00a0 La mostra sar\u00e0 aperta al pubblico fino al 6 settembre 2015 L&#8217; 8 agosto 2015, alle ore 18.30, presso l&#8217;Antico Castello sul &hellip; <a href=\"https:\/\/www.gdapress.it\/it\/index.php\/53367\/arte\/ombre-e-luci-rapallo-antico-castello-sul-mare.html\" class=\"more-link\">Read more <span class=\"screen-reader-text\">OMBRE E LUCI  RAPALLO  ANTICO CASTELLO SUL MARE<\/span><\/a><\/p>\n","protected":false},"author":3,"featured_media":0,"comment_status":"closed","ping_status":"open","sticky":false,"template":"","format":"standard","meta":{"footnotes":""},"categories":[4],"tags":[16341,16339,16340],"class_list":["post-53367","post","type-post","status-publish","format-standard","hentry","category-arte","tag-antico-castello","tag-ombre-e-luci","tag-rapallo"],"_links":{"self":[{"href":"https:\/\/www.gdapress.it\/it\/index.php\/wp-json\/wp\/v2\/posts\/53367","targetHints":{"allow":["GET"]}}],"collection":[{"href":"https:\/\/www.gdapress.it\/it\/index.php\/wp-json\/wp\/v2\/posts"}],"about":[{"href":"https:\/\/www.gdapress.it\/it\/index.php\/wp-json\/wp\/v2\/types\/post"}],"author":[{"embeddable":true,"href":"https:\/\/www.gdapress.it\/it\/index.php\/wp-json\/wp\/v2\/users\/3"}],"replies":[{"embeddable":true,"href":"https:\/\/www.gdapress.it\/it\/index.php\/wp-json\/wp\/v2\/comments?post=53367"}],"version-history":[{"count":1,"href":"https:\/\/www.gdapress.it\/it\/index.php\/wp-json\/wp\/v2\/posts\/53367\/revisions"}],"predecessor-version":[{"id":53369,"href":"https:\/\/www.gdapress.it\/it\/index.php\/wp-json\/wp\/v2\/posts\/53367\/revisions\/53369"}],"wp:attachment":[{"href":"https:\/\/www.gdapress.it\/it\/index.php\/wp-json\/wp\/v2\/media?parent=53367"}],"wp:term":[{"taxonomy":"category","embeddable":true,"href":"https:\/\/www.gdapress.it\/it\/index.php\/wp-json\/wp\/v2\/categories?post=53367"},{"taxonomy":"post_tag","embeddable":true,"href":"https:\/\/www.gdapress.it\/it\/index.php\/wp-json\/wp\/v2\/tags?post=53367"}],"curies":[{"name":"wp","href":"https:\/\/api.w.org\/{rel}","templated":true}]}}