
{"id":53183,"date":"2015-07-27T08:38:10","date_gmt":"2015-07-27T06:38:10","guid":{"rendered":"http:\/\/www.gdapress.it\/it\/?p=53183"},"modified":"2015-07-27T08:38:10","modified_gmt":"2015-07-27T06:38:10","slug":"cascina-triulza-padiglione-societa-civile-eventi-settimana-27-luglio-2-agosto-2015","status":"publish","type":"post","link":"https:\/\/www.gdapress.it\/it\/index.php\/53183\/expo-2015-2\/cascina-triulza-padiglione-societa-civile-eventi-settimana-27-luglio-2-agosto-2015.html","title":{"rendered":"Cascina Triulza &#8211; Padiglione Societ\u00e0 Civile Eventi settimana 27 luglio \u2013 2 agosto 2015"},"content":{"rendered":"<p><a href=\"http:\/\/www.cascinatriulzaexpo2015.org\/\"><strong>www.cascinatriulzaexpo2015.org<\/strong><\/a><\/p>\n<p><strong>\u00a0<\/strong>Ritorna luned\u00ec 27 <strong>ANCIxEXPO<\/strong> con una <a href=\"http:\/\/cascina.fondazionetriulza.org\/it\/initiative\/la-giornata-della-buona-aria-buona-acqua-e-buon-verde\/5548\/\">giornata<\/a> che valorizza la cultura e le tradizioni dei territori italiani. In questa occasione saranno protagonisti: il Comune di Cagliari, la Comunit\u00e0 Montana Valle dell\u2019Elvo, la zona della Garfagnana e della Lunigiana, il Comune di Margherita di Savoia, la Provincia di Monza, il Comune di Caserta.<\/p>\n<p>Inoltre, <strong>Confcooperative Piemonte<\/strong> organizza tre appuntamenti che si concluderanno con degustazioni di prodotti tipici. Marted\u00ec 28 il tema sar\u00e0 l\u2019<a href=\"http:\/\/cascina.fondazionetriulza.org\/it\/initiative\/lagricoltura-sociale-esperienze-tra-liguria-e-piemonte\/5567\/\">agricoltura sociale<\/a>, mercoled\u00ec 29 lo <a href=\"http:\/\/cascina.fondazionetriulza.org\/it\/initiative\/spreco-alimentare-ed-innovazione\/5568\/\">spreco alimentare<\/a> e, infine, venerd\u00ec 31 verr\u00e0 presentata <a href=\"http:\/\/cascina.fondazionetriulza.org\/it\/initiative\/la-cooperazione-20-esperienze-di-intersettorialita\/5569\/\">app per scoprire i prodotti agricoli cooperativi<\/a>.<\/p>\n<p>Diversi appuntamenti serali tra cui <a href=\"http:\/\/cascina.fondazionetriulza.org\/it\/initiative\/patamulive-expo-experience\/5546\/\">Patamulive<\/a>, gioved\u00ec 30, una performance musicale per portare la musica Siae free in Expo. Il progetto \u00e8 sostenuto da: <strong>Patamu.com, Arci Milano<\/strong> e<strong> Fondazione Triulza<\/strong>.<\/p>\n<p>Infine, <strong>Regione Umbria<\/strong> con un convegno dal titolo \u201cInnovazione dell\u2019agricoltura umbra\u201d per la mattina di sabato 1\u00b0 agosto.<\/p>\n<p>E come sempre gli appuntamenti ormai classici di Cascina: nel fine settimana degustazioni presso il mercato di Cascina Triulza e visite guidate agli orti con la Regione Umbria; tutti i giorni la cascina dei piccoli con le iniziative del Children Lab, la mucca Margherita e il Grana Padano.<\/p>\n<p><strong>\u00a0<\/strong><\/p>\n<table>\n<tbody>\n<tr>\n<td width=\"132\">Giorno<\/td>\n<td width=\"510\"><strong>27\/07\/15<\/strong><\/td>\n<\/tr>\n<tr>\n<td width=\"132\">Titolo Evento<\/td>\n<td width=\"510\"><strong>La giornata della buona aria, buona acqua e buon verde<\/strong><\/td>\n<\/tr>\n<tr>\n<td width=\"132\">Organizzatore<\/td>\n<td width=\"510\"><strong>ANCIxEXPO<\/strong><\/td>\n<\/tr>\n<tr>\n<td width=\"132\">Abstract<\/td>\n<td width=\"510\">Dalle 10 del mattino, dieci ore di eventi che occuperanno, a rotazione, tutti gli spazi di Cascina Triulza. Il tema della buona aria, buona acqua e buon verde \u00e8 stato declinato in modi differenti. Ogni Comune e Soggetto partecipante, infatti, ha fatto proprio il tema e lo stesso \u00e8 diventato l\u2019occasione di racconto del rispettivo territorio.<\/p>\n<p>Territori partecipanti: Comune di Cagliari, Comunit\u00e0 Montana Valle dell\u2019Elvo, Garfagnana e Lunigiana, Margherita di Savoia, Provincia di Monza, Comune di Caserta.<\/td>\n<\/tr>\n<tr>\n<td width=\"132\">Dove<\/td>\n<td width=\"510\">Corte<\/td>\n<\/tr>\n<tr>\n<td width=\"132\">Orario<\/td>\n<td width=\"510\">10:00 &#8211; 22:00<\/td>\n<\/tr>\n<tr>\n<td width=\"132\">Link<\/td>\n<td width=\"510\"><a href=\"http:\/\/cascina.fondazionetriulza.org\/it\/initiative\/la-giornata-della-buona-aria-buona-acqua-e-buon-verde\/5548\/\">http:\/\/cascina.fondazionetriulza.org\/it\/initiative\/la-giornata-della-buona-aria-buona-acqua-e-buon-verde\/5548\/<\/a><\/td>\n<\/tr>\n<\/tbody>\n<\/table>\n<p><strong>\u00a0<\/strong><\/p>\n<table width=\"642\">\n<tbody>\n<tr>\n<td width=\"132\">Giorno<\/td>\n<td width=\"510\"><strong>27\/07\/15<\/strong><\/td>\n<\/tr>\n<tr>\n<td width=\"132\">Titolo Evento<\/td>\n<td width=\"510\"><strong>Musica per gli occhi<\/strong><\/td>\n<\/tr>\n<tr>\n<td width=\"132\">Organizzatore<\/td>\n<td width=\"510\"><strong>ANCIxEXPO<\/strong><\/td>\n<\/tr>\n<tr>\n<td width=\"132\">Abstract<\/td>\n<td width=\"510\">Brani adattati ed originali per Drumcorps e gruppo fiati con accompagnamento coregrafico delle color guards.<\/p>\n<p>Alle ore 19:00 la sfilata partir\u00e0 dall&#8217;ingresso di Cascina Merlata, proseguendo lungo il Decumano con i brani da parata e le Color Guard in testa al gruppo. Saranno effettuate brevi soste per eseguire dei brani da fermi, la sfilata culmina in un concerto sul palco di Cascina Triulza.<\/td>\n<\/tr>\n<tr>\n<td width=\"132\">Dove<\/td>\n<td width=\"510\">Palco<\/td>\n<\/tr>\n<tr>\n<td width=\"132\">Orario<\/td>\n<td width=\"510\">19:00 \u2013 22:00<\/td>\n<\/tr>\n<tr>\n<td width=\"132\">Link<\/td>\n<td width=\"510\"><a href=\"http:\/\/cascina.fondazionetriulza.org\/it\/initiative\/musica-per-gli-occhi\/5533\/\">http:\/\/cascina.fondazionetriulza.org\/it\/initiative\/musica-per-gli-occhi\/5533\/<\/a><\/td>\n<\/tr>\n<\/tbody>\n<\/table>\n<p>&nbsp;<\/p>\n<table width=\"642\">\n<tbody>\n<tr>\n<td width=\"132\">Giorno<\/td>\n<td width=\"510\"><strong>28\/07\/15<\/strong><\/td>\n<\/tr>\n<tr>\n<td width=\"132\">Titolo Evento<\/td>\n<td width=\"510\"><strong>Analisi sensoriale: il rapporto con il cibo basato sulla percezione della qualit\u00e0<\/strong><\/td>\n<\/tr>\n<tr>\n<td width=\"132\">Organizzatore<\/td>\n<td width=\"510\"><strong>LILT (Lega Italiana per la Lotta contro i Tumori) &#8211; Treviso<\/strong><\/td>\n<\/tr>\n<tr>\n<td width=\"132\">Abstract<\/td>\n<td width=\"510\">Attraverso il workshop si vuole aumentare la consapevolezza dei consumatori verso un miglior rapporto con il cibo, attraverso l\u2019analisi sensoriale ed il suo utilizzo.<\/td>\n<\/tr>\n<tr>\n<td width=\"132\">Dove<\/td>\n<td width=\"510\">Sala Workshop 50<\/td>\n<\/tr>\n<tr>\n<td width=\"132\">Orario<\/td>\n<td width=\"510\">11:00 \u2013 12:30<\/td>\n<\/tr>\n<tr>\n<td width=\"132\">Link<\/td>\n<td width=\"510\"><a href=\"http:\/\/cascina.fondazionetriulza.org\/it\/initiative\/guida-alla-scoperta-dellanalisi-sensoriale\/4514\/\">http:\/\/cascina.fondazionetriulza.org\/it\/initiative\/guida-alla-scoperta-dellanalisi-sensoriale\/4514\/<\/a><\/td>\n<\/tr>\n<\/tbody>\n<\/table>\n<p>&nbsp;<\/p>\n<table width=\"642\">\n<tbody>\n<tr>\n<td width=\"132\">Giorno<\/td>\n<td width=\"510\"><strong>28\/07\/15<\/strong><\/td>\n<\/tr>\n<tr>\n<td width=\"132\">Titolo Evento<\/td>\n<td width=\"510\"><strong>L\u2019agricoltura sociale: esperienze tra Liguria e Piemonte<\/strong><\/td>\n<\/tr>\n<tr>\n<td width=\"132\">Organizzatore<\/td>\n<td width=\"510\"><strong>Confcooperative Piemonte<\/strong><\/td>\n<\/tr>\n<tr>\n<td width=\"132\">Abstract<\/td>\n<td width=\"510\">Un\u2019occasione di incontro con i rappresentanti della Regione Piemonte e della Regione Liguria, per presentare modelli cooperativi liguri e piemontesi.<\/p>\n<p>A seguire, degustazione con prodotti tipici.<\/td>\n<\/tr>\n<tr>\n<td width=\"132\">Dove<\/td>\n<td width=\"510\">Sala Workshop 50<\/td>\n<\/tr>\n<tr>\n<td width=\"132\">Orario<\/td>\n<td width=\"510\">15:00 \u2013 18:00<\/td>\n<\/tr>\n<tr>\n<td width=\"132\">Link<\/td>\n<td width=\"510\"><a href=\"http:\/\/cascina.fondazionetriulza.org\/it\/initiative\/lagricoltura-sociale-esperienze-tra-liguria-e-piemonte\/5567\/\">http:\/\/cascina.fondazionetriulza.org\/it\/initiative\/lagricoltura-sociale-esperienze-tra-liguria-e-piemonte\/5567\/<\/a><\/td>\n<\/tr>\n<\/tbody>\n<\/table>\n<p>&nbsp;<\/p>\n<table width=\"642\">\n<tbody>\n<tr>\n<td width=\"132\">Giorno<\/td>\n<td width=\"510\"><strong>29\/07\/15<\/strong><\/td>\n<\/tr>\n<tr>\n<td width=\"132\">Titolo Evento<\/td>\n<td width=\"510\"><strong>Spreco alimentare ed innovazione<\/strong><\/td>\n<\/tr>\n<tr>\n<td width=\"132\">Organizzatore<\/td>\n<td width=\"510\"><strong>Confcooperative Piemonte<\/strong><\/td>\n<\/tr>\n<tr>\n<td width=\"132\">Abstract<\/td>\n<td width=\"510\">Una sfida per produttori e consumatori. Come ridurre lo spreco alimentare? L\u2019innovazione come possibile soluzione. La cooperazione analizza una delle tematiche cardine di Expo 2015.<\/p>\n<p>A seguire, degustazione con prodotti tipici.<\/td>\n<\/tr>\n<tr>\n<td width=\"132\">Dove<\/td>\n<td width=\"510\">Sala Workshop 100<\/td>\n<\/tr>\n<tr>\n<td width=\"132\">Orario<\/td>\n<td width=\"510\">10:30 \u2013 13:00<\/td>\n<\/tr>\n<tr>\n<td width=\"132\">Link<\/td>\n<td width=\"510\"><a href=\"http:\/\/cascina.fondazionetriulza.org\/it\/initiative\/spreco-alimentare-ed-innovazione\/5568\/\">http:\/\/cascina.fondazionetriulza.org\/it\/initiative\/spreco-alimentare-ed-innovazione\/5568\/<\/a><\/td>\n<\/tr>\n<\/tbody>\n<\/table>\n<p>&nbsp;<\/p>\n<table width=\"642\">\n<tbody>\n<tr>\n<td width=\"132\">Giorno<\/td>\n<td width=\"510\"><strong>30\/07\/15<\/strong><\/td>\n<\/tr>\n<tr>\n<td width=\"132\">Titolo Evento<\/td>\n<td width=\"510\"><strong>Patamulive Expo Experience<\/strong><\/td>\n<\/tr>\n<tr>\n<td width=\"132\">Organizzatore<\/td>\n<td width=\"510\"><strong>Patamu.com, Arci Milano, Fondazione Triulza<\/strong><\/td>\n<\/tr>\n<tr>\n<td width=\"132\">Abstract<\/td>\n<td width=\"510\">Patamu.com, Arci Milano e Fondazione Triulza insieme con un concerto in Cascina Triulza per portare la musica Siae free in Expo.<\/p>\n<p>Intervengono: <strong>Adriano Bonforti<\/strong>, fondatore della piattaforma per la tutela degli artisti Patamu.com; <strong>Federico A. Amico<\/strong>, responsabile nazionale cultura Arci; <strong>Felice Romeo<\/strong>, consigliere di Fondazione Triulza.<\/td>\n<\/tr>\n<tr>\n<td width=\"132\">Dove<\/td>\n<td width=\"510\">Palco<\/td>\n<\/tr>\n<tr>\n<td width=\"132\">Orario<\/td>\n<td width=\"510\">19:30 \u2013 21:30<\/td>\n<\/tr>\n<tr>\n<td width=\"132\">Link<\/td>\n<td width=\"510\"><a href=\"http:\/\/cascina.fondazionetriulza.org\/it\/initiative\/patamulive-expo-experience\/5546\/\">http:\/\/cascina.fondazionetriulza.org\/it\/initiative\/patamulive-expo-experience\/5546\/<\/a><\/td>\n<\/tr>\n<\/tbody>\n<\/table>\n<p>&nbsp;<\/p>\n<table width=\"642\">\n<tbody>\n<tr>\n<td width=\"132\">Giorno<\/td>\n<td width=\"510\"><strong>31\/07\/15<\/strong><\/td>\n<\/tr>\n<tr>\n<td width=\"132\">Titolo Evento<\/td>\n<td width=\"510\"><strong>La cooperazione 2.0 &#8211; Esperienze di intersettorialit\u00e0 &#8211; Una App per scoprire i prodotti agricoli cooperativi e i tour nel Piemonte<\/strong><\/td>\n<\/tr>\n<tr>\n<td width=\"132\">Organizzatore<\/td>\n<td width=\"510\"><strong>Confcooperative Piemonte<\/strong><\/td>\n<\/tr>\n<tr>\n<td width=\"132\">Abstract<\/td>\n<td width=\"510\">Dalla prima esperienza di comunicazione 2.0 alla presentazione di un nuovo strumento interattivo. La cooperazione mette in luce le prassi dell\u2019intersettorialit\u00e0, tra agricoltura e cultura.<\/p>\n<p>A seguire, degustazione con prodotti tipici.<\/td>\n<\/tr>\n<tr>\n<td width=\"132\">Dove<\/td>\n<td width=\"510\">Sala Workshop 100<\/td>\n<\/tr>\n<tr>\n<td width=\"132\">Orario<\/td>\n<td width=\"510\">10:00 \u2013 13:00<\/td>\n<\/tr>\n<tr>\n<td width=\"132\">Link<\/td>\n<td width=\"510\"><a href=\"http:\/\/cascina.fondazionetriulza.org\/it\/initiative\/la-cooperazione-20-esperienze-di-intersettorialita\/5569\/\">http:\/\/cascina.fondazionetriulza.org\/it\/initiative\/la-cooperazione-20-esperienze-di-intersettorialita\/5569\/<\/a><\/td>\n<\/tr>\n<\/tbody>\n<\/table>\n<p>&nbsp;<\/p>\n<table width=\"642\">\n<tbody>\n<tr>\n<td width=\"132\">Giorno<\/td>\n<td width=\"510\"><strong>31\/07\/15 e 01\/08\/15<\/strong><\/td>\n<\/tr>\n<tr>\n<td width=\"132\">Titolo Evento<\/td>\n<td width=\"510\"><strong>Funk Off Live<\/strong><\/td>\n<\/tr>\n<tr>\n<td width=\"132\">Organizzatore<\/td>\n<td width=\"510\"><strong>Regione Umbria<\/strong><\/td>\n<\/tr>\n<tr>\n<td width=\"132\">Abstract<\/td>\n<td width=\"510\">Evento a cura di Umbria Jazz. E&#8217; il gruppo ufficiale del festival. Quindici fra fiati e percussioni nati nel &#8217;98 nella campagna toscana. Li guida Dario Cecchini, jazzista di rango e sideman di Paoli, Giorgia e Jovanotti. Il loro palco \u00e8 la strada. Dove portano ballando tutta l&#8217;energia della black music<\/td>\n<\/tr>\n<tr>\n<td width=\"132\">Dove<\/td>\n<td width=\"510\">Palco<\/td>\n<\/tr>\n<tr>\n<td width=\"132\">Orario<\/td>\n<td width=\"510\">11:30; 15:30; 18:30<\/td>\n<\/tr>\n<tr>\n<td width=\"132\">Link<\/td>\n<td width=\"510\"><\/td>\n<\/tr>\n<\/tbody>\n<\/table>\n<p>&nbsp;<\/p>\n<table width=\"642\">\n<tbody>\n<tr>\n<td width=\"132\">Giorno<\/td>\n<td width=\"510\"><strong>01\/08\/15<\/strong><\/td>\n<\/tr>\n<tr>\n<td width=\"132\">Titolo Evento<\/td>\n<td width=\"510\"><strong>Innovazione dell\u2019agricoltura umbra <\/strong><\/td>\n<\/tr>\n<tr>\n<td width=\"132\">Organizzatore<\/td>\n<td width=\"510\"><strong>Regione Umbria<\/strong><\/td>\n<\/tr>\n<tr>\n<td width=\"132\">Abstract<\/td>\n<td width=\"510\">Convegno nazionale<\/td>\n<\/tr>\n<tr>\n<td width=\"132\">Dove<\/td>\n<td width=\"510\">Auditorium<\/td>\n<\/tr>\n<tr>\n<td width=\"132\">Orario<\/td>\n<td width=\"510\">11:00 \u2013 13:00<\/td>\n<\/tr>\n<tr>\n<td width=\"132\">Link<\/td>\n<td width=\"510\"><\/td>\n<\/tr>\n<\/tbody>\n<\/table>\n<p>&nbsp;<\/p>\n<table width=\"642\">\n<tbody>\n<tr>\n<td width=\"132\">Giorno<\/td>\n<td width=\"510\"><strong>02\/08\/15<\/strong><\/td>\n<\/tr>\n<tr>\n<td width=\"132\">Titolo Evento<\/td>\n<td width=\"510\"><strong>Sfilata delle bande musicali lombarde<\/strong><\/td>\n<\/tr>\n<tr>\n<td width=\"132\">Organizzatore<\/td>\n<td width=\"510\"><strong>Associazione lombarda bande amatoriali (ALBA)<\/strong><\/td>\n<\/tr>\n<tr>\n<td width=\"132\">Abstract<\/td>\n<td width=\"510\">L\u2019associazione lombarda delle bande amatoriali (ALBA) in occasione di Expo 2015 porter\u00e0 62 musicisti che marceranno per il decumano del sito con partenza dalla corte di Cascina Triulza<\/td>\n<\/tr>\n<tr>\n<td width=\"132\">Dove<\/td>\n<td width=\"510\">Corte Cascina Triulza (partenza)<\/td>\n<\/tr>\n<tr>\n<td width=\"132\">Orario<\/td>\n<td width=\"510\">18:00<\/td>\n<\/tr>\n<tr>\n<td width=\"132\">Link<\/td>\n<td width=\"510\"><\/td>\n<\/tr>\n<\/tbody>\n<\/table>\n<p>&nbsp;<\/p>\n<p>&nbsp;<\/p>\n<p><strong>PRODUZIONE IN DIRETTA DI DUE FORME DI GRANA PADANO \u201cMADE IN EXPO\u201d: TUTTI GIORNI ALLE ORE 11.30 E ALLE ORE 16.30<\/strong><\/p>\n<p>&nbsp;<\/p>\n<table>\n<tbody>\n<tr>\n<td width=\"132\">Giorni<\/td>\n<td width=\"510\"><strong>Tutti i giorni fino al 31\/10\/2015<\/strong><\/td>\n<\/tr>\n<tr>\n<td width=\"132\">Titolo Evento<\/td>\n<td width=\"510\"><strong>Produzione in diretta di due forme di Grana Padano \u201cMade in Expo\u201d<\/strong><\/td>\n<\/tr>\n<tr>\n<td width=\"132\">Organizzatore<\/td>\n<td width=\"510\"><strong>Consorzio Grana Padano<\/strong><\/td>\n<\/tr>\n<tr>\n<td width=\"132\">Abstract<\/td>\n<td width=\"510\">Ogni giorno, due casari lavorano 1000 litri di latte per produrre due forme di Grana Padano, una alle ore 11.30 l\u2019altra alle 16.30, che poi verranno messe nelle classiche fascere per 48 ore e poi nella cosiddetta \u2018salina\u2019 per poi finire la salatura in un caseificio lombardo dove sosteranno dai 14 ai 30 giorni, prima di passare nei magazzini di stagionatura. Il caseificio e la lavorazione sonno visibili attraverso una vetrata per consentire di mantenere gli standard produttivi e l\u2019atmosfera controllata imposti dall\u2019ASL e dal disciplinare di produzione.<\/td>\n<\/tr>\n<tr>\n<td width=\"132\">Dove<\/td>\n<td width=\"510\">Mercato &#8211; Cascina Triulza<\/td>\n<\/tr>\n<tr>\n<td width=\"132\">Orario<\/td>\n<td width=\"510\">11:30; 16:30<\/td>\n<\/tr>\n<tr>\n<td width=\"132\">Link<\/td>\n<td width=\"510\"><a href=\"http:\/\/cascina.fondazionetriulza.org\/it\/initiative\/la-giornata-della-buona-cultura\/237\/\">http:\/\/cascina.fondazionetriulza.org\/it\/initiative\/la-giornata-della-buona-cultura\/237\/<\/a><\/td>\n<\/tr>\n<\/tbody>\n<\/table>\n<p>&nbsp;<\/p>\n<p>&nbsp;<\/p>\n<p><strong>ASSAGGI DI GRANA PADANO: TUTTI GIORNI ALLE ORE 12:00 E ALLE ORE 17:00<\/strong><\/p>\n<p>&nbsp;<\/p>\n<table>\n<tbody>\n<tr>\n<td width=\"132\">Giorni<\/td>\n<td width=\"510\"><strong>Tutti i giorni fino al 31\/10\/2015<\/strong><\/td>\n<\/tr>\n<tr>\n<td width=\"132\">Titolo Evento<\/td>\n<td width=\"510\"><strong>Assaggi di Grana Padano<\/strong><\/td>\n<\/tr>\n<tr>\n<td width=\"132\">Organizzatore<\/td>\n<td width=\"510\"><strong>Consorzio Grana Padano<\/strong><\/td>\n<\/tr>\n<tr>\n<td width=\"132\">Abstract<\/td>\n<td width=\"510\">Tutti i giorni, alle 12:00 e alle 17:00, ai visitatori vengono offerti assaggi di Grana Padano presso lo stand di Latteria Soresina: Gran Soresina Riserva stagionatura 20 mesi; Grana Padano da pasto 10 mesi.<\/td>\n<\/tr>\n<tr>\n<td width=\"132\">Dove<\/td>\n<td width=\"510\">Mercato &#8211; Cascina Triulza<\/td>\n<\/tr>\n<tr>\n<td width=\"132\">Orario<\/td>\n<td width=\"510\">12:00; 17:00<\/td>\n<\/tr>\n<tr>\n<td width=\"132\">Link<\/td>\n<td width=\"510\"><a href=\"http:\/\/cascina.fondazionetriulza.org\/it\/initiative\/assaggi-di-grana-padano\/4402\/\">http:\/\/cascina.fondazionetriulza.org\/it\/initiative\/assaggi-di-grana-padano\/4402\/<\/a><\/td>\n<\/tr>\n<\/tbody>\n<\/table>\n<p>&nbsp;<\/p>\n<p>&nbsp;<\/p>\n<table>\n<tbody>\n<tr>\n<td width=\"642\"><strong>TUTTI I SABATI E DOMENICHE <\/strong><\/td>\n<\/tr>\n<\/tbody>\n<\/table>\n<p>&nbsp;<\/p>\n<table>\n<tbody>\n<tr>\n<td width=\"132\">Titolo Evento<\/td>\n<td width=\"510\"><strong>Assaggio di bruschette dall&#8217;Umbria<\/strong><\/td>\n<\/tr>\n<tr>\n<td width=\"132\">Organizzatore<\/td>\n<td width=\"510\"><strong>Regione Umbria<\/strong><\/td>\n<\/tr>\n<tr>\n<td width=\"132\">Abstract<\/td>\n<td width=\"510\">Pane, aglio e olio dell&#8217;Umbria. Ecco gli ingredienti della classica bruschetta che si potr\u00e0 gustare in Cascina Triulza. Appuntamento nell&#8217;area pic nic del Padiglione della Societ\u00e0 Civile a partire dal 6 giugno. Tutti i sabati e domeniche saranno due i momenti in cui si potranno assaggiare gratuitamente le bruschette: alle 11 e alle 17.<\/td>\n<\/tr>\n<tr>\n<td width=\"132\">Dove<\/td>\n<td width=\"510\">Mercato &#8211; Cascina Triulza<\/td>\n<\/tr>\n<tr>\n<td width=\"132\">Orario<\/td>\n<td width=\"510\">10:00 \u2013 22:00<\/td>\n<\/tr>\n<tr>\n<td width=\"132\">Link<\/td>\n<td width=\"510\"><a href=\"http:\/\/cascina.fondazionetriulza.org\/it\/initiative\/tasting-of-bruschetta-from-umbria\/3252\/\">http:\/\/cascina.fondazionetriulza.org\/it\/initiative\/tasting-of-bruschetta-from-umbria\/3252\/<\/a><\/td>\n<\/tr>\n<\/tbody>\n<\/table>\n<p>&nbsp;<\/p>\n<table>\n<tbody>\n<tr>\n<td width=\"132\">Titolo Evento<\/td>\n<td width=\"510\"><strong>Visita agli orti di Cascina Triulza<\/strong><\/td>\n<\/tr>\n<tr>\n<td width=\"132\">Organizzatore<\/td>\n<td width=\"510\"><strong>Regione Umbria<\/strong><\/td>\n<\/tr>\n<tr>\n<td width=\"132\">Abstract<\/td>\n<td width=\"510\">Sedano, carciofi, fragole, salvia. Sono alcune delle specie orticole e aromatiche coltivate in 260 metri quadri coltivati. Gli orti saranno coltivati per tutta la durata di Expo, alternando le colture secondo le stagioni. Grazie al progetto della Regione Umbria, ogni fine settimana, gli studenti dell\u2019Universit\u00e0 degli Studi di Perugia, insieme a quelli di cinque Istituti Agrari umbri, svolgeranno attivit\u00e0 di accoglienza e divulgazione tecnico-scientifica ai visitatori sulle tematiche orticole. Grazie ad una app realizzata appositamente per questo progetto, il visitatore potr\u00e0 leggere il QR-Code posto sul talloncino che accompagna ogni pianta ed accedere cos\u00ec alle informazioni sulla pianta stessa. Per saperne di pi\u00f9: www.hortus-expo2015.org<\/td>\n<\/tr>\n<tr>\n<td width=\"132\">Dove<\/td>\n<td width=\"510\">Mercato &#8211; Cascina Triulza<\/td>\n<\/tr>\n<tr>\n<td width=\"132\">Orario<\/td>\n<td width=\"510\">10:00 \u2013 22:00<\/td>\n<\/tr>\n<tr>\n<td width=\"132\">Link<\/td>\n<td width=\"510\"><a href=\"http:\/\/cascina.fondazionetriulza.org\/it\/initiative\/visita-guidata-degli-orti-di-cascina-triulza\/4345\/\">http:\/\/cascina.fondazionetriulza.org\/it\/initiative\/visita-guidata-degli-orti-di-cascina-triulza\/4345\/<\/a><\/td>\n<\/tr>\n<\/tbody>\n<\/table>\n<p>&nbsp;<\/p>\n<p>&nbsp;<\/p>\n<p><strong>INIZIATIVE PER RAGAZZI TUTTI I GIORNI: NELLA CORTE E NEL CHILDREN LAB <\/strong><\/p>\n<p>&nbsp;<\/p>\n<table>\n<tbody>\n<tr>\n<td width=\"132\">Giorno<\/td>\n<td width=\"510\"><strong>TUTTI GIORNI dalle ore 11.00 alle 17.00<\/strong><\/td>\n<\/tr>\n<tr>\n<td width=\"132\">Titolo Evento<\/td>\n<td width=\"510\"><strong>Imparare a mungere con la mucca Margherita<\/strong><\/td>\n<\/tr>\n<tr>\n<td width=\"132\">Organizzatore<\/td>\n<td width=\"510\"><strong>Fondazione Triulza &#8211;\u00a0 Associazione Provinciale Allevatori di Varese e Como Lecco<\/strong><\/td>\n<\/tr>\n<tr>\n<td width=\"132\">Abstract<\/td>\n<td width=\"510\">I laboratori con Mucca Margherita saranno di volta in volta adattati all\u2019et\u00e0 dei bambini: un format aperto e flessibile per avvicinare i bambini alla mungitura e alla vita della cascina. I bambini impareranno quindi a conoscere le caratteristiche del latte ed il suo percorso verso le varie trasformazioni.<\/td>\n<\/tr>\n<tr>\n<td width=\"132\">Dove<\/td>\n<td width=\"510\">Corte<\/td>\n<\/tr>\n<tr>\n<td width=\"132\">Link<\/td>\n<td width=\"510\"><a href=\"http:\/\/cascina.fondazionetriulza.org\/it\/initiative\/in-cascina-si-munge-la-mucca-margherita\/4403\/\">http:\/\/cascina.fondazionetriulza.org\/it\/initiative\/in-cascina-si-munge-la-mucca-margherita\/4403\/<\/a><\/td>\n<\/tr>\n<\/tbody>\n<\/table>\n<p>&nbsp;<\/p>\n<table>\n<tbody>\n<tr>\n<td width=\"132\">Giorno<\/td>\n<td width=\"510\"><strong>TUTTI GIORNI dalle ore 11.00 alle 12.00<\/strong><\/td>\n<\/tr>\n<tr>\n<td width=\"132\">Titolo Evento<\/td>\n<td width=\"510\"><strong>Laboratorio sull\u2019acqua<\/strong><\/td>\n<\/tr>\n<tr>\n<td width=\"132\">Organizzatore<\/td>\n<td width=\"510\"><strong>Genera &#8211; Societ\u00e0 Cooperativa Sociale Onlus<\/strong><\/td>\n<\/tr>\n<tr>\n<td width=\"132\">Abstract<\/td>\n<td width=\"510\">Creazioni d\u2019acqua e con l\u2019acqua. Al suono dell\u2019acqua vengono associati i movimenti della danza, in particolare della tradizione sudamericana. Con l\u2019acqua possiamo creare opere d\u2019arte utilizzando una moltitudine di materiali, musiche e immagini.<\/td>\n<\/tr>\n<tr>\n<td width=\"132\">Dove<\/td>\n<td width=\"510\">Children Lab<\/td>\n<\/tr>\n<tr>\n<td width=\"132\">Link<\/td>\n<td width=\"510\"><a href=\"http:\/\/cascina.fondazionetriulza.org\/it\/initiative\/laboratorio-sullacqua\/5553\/\">http:\/\/cascina.fondazionetriulza.org\/it\/initiative\/laboratorio-sullacqua\/5553\/<\/a><\/td>\n<\/tr>\n<\/tbody>\n<\/table>\n<p>&nbsp;<\/p>\n<table>\n<tbody>\n<tr>\n<td width=\"132\">Giorno<\/td>\n<td width=\"510\"><strong>TUTTI GIORNI dalle ore 14.00 alle 15.00<\/strong><\/td>\n<\/tr>\n<tr>\n<td width=\"132\">Titolo Evento<\/td>\n<td width=\"510\"><strong>Laboratorio sul mangiar sano<\/strong><\/td>\n<\/tr>\n<tr>\n<td width=\"132\">Organizzatore<\/td>\n<td width=\"510\"><strong>Genera &#8211; Societ\u00e0 Cooperativa Sociale Onlus<\/strong><\/td>\n<\/tr>\n<tr>\n<td width=\"132\">Abstract<\/td>\n<td width=\"510\">Preparazione di alcune ricette tipiche, in particolare del Sud America e dell\u2019Europa dell\u2019Est, relative ai tre pasti della giornata: colazione, pranzo, cena. La preparazione dei cibi si sofferma sulla scelta delle materie prime e sul loro valore nutrizionale. Al termine del laboratorio i bambini propongono alle famiglie una degustazione dei piatti preparati.<\/td>\n<\/tr>\n<tr>\n<td width=\"132\">Dove<\/td>\n<td width=\"510\">Children Lab<\/td>\n<\/tr>\n<tr>\n<td width=\"132\">Link<\/td>\n<td width=\"510\"><a href=\"http:\/\/cascina.fondazionetriulza.org\/it\/initiative\/laboratorio-sul-mangiar-sano\/5555\/\">http:\/\/cascina.fondazionetriulza.org\/it\/initiative\/laboratorio-sul-mangiar-sano\/5555\/<\/a><\/td>\n<\/tr>\n<\/tbody>\n<\/table>\n<p>&nbsp;<\/p>\n<table>\n<tbody>\n<tr>\n<td width=\"132\">Giorno<\/td>\n<td width=\"510\"><strong>TUTTI GIORNI dalle ore 15.30 alle 16.30<\/strong><\/td>\n<\/tr>\n<tr>\n<td width=\"132\">Titolo Evento<\/td>\n<td width=\"510\"><strong>Laboratorio sulla sostenibilit\u00e0 ambientale<\/strong><\/td>\n<\/tr>\n<tr>\n<td width=\"132\">Organizzatore<\/td>\n<td width=\"510\"><strong>Genera &#8211; Societ\u00e0 Cooperativa Sociale Onlus<\/strong><\/td>\n<\/tr>\n<tr>\n<td width=\"132\">Abstract<\/td>\n<td width=\"510\">Creare con i materiali di recupero: laboratorio sul riciclo degli scarti. Per esempio, con il materiale biodegradabile si pu\u00f2 fare il compost, con la carta di giornale si pu\u00f2 fare la carta pesta, con le bottigliette di plastica si possono costruire strumenti musicali, come le maracas.<\/td>\n<\/tr>\n<tr>\n<td width=\"132\">Dove<\/td>\n<td width=\"510\">Children Lab<\/td>\n<\/tr>\n<tr>\n<td width=\"132\">Link<\/td>\n<td width=\"510\"><a href=\"http:\/\/cascina.fondazionetriulza.org\/it\/initiative\/laboratorio-sulla-sostenibilita-ambientale\/5557\/\">http:\/\/cascina.fondazionetriulza.org\/it\/initiative\/laboratorio-sulla-sostenibilita-ambientale\/5557\/<\/a><\/td>\n<\/tr>\n<\/tbody>\n<\/table>\n<p>&nbsp;<\/p>\n<p>&nbsp;<\/p>\n<p><strong>INIZIATIVE CONTINUATIVE AREA ESPOSITIVA: Orario 10:00 \u2013 21:00<\/strong><\/p>\n<p>&nbsp;<\/p>\n<table>\n<tbody>\n<tr>\n<td width=\"132\">Durata<\/td>\n<td width=\"510\"><strong>1\/05\/2015 \u2013 31\/10\/2015<\/strong><\/td>\n<\/tr>\n<tr>\n<td width=\"132\">Titolo Evento<\/td>\n<td width=\"510\"><strong>Mostra fotografica: \u201cUmbria cuore verde di Cascina Triulza &#8211; Sensational Umbria by Steve Mc Curry\u201d<\/strong><\/td>\n<\/tr>\n<tr>\n<td width=\"132\">Organizzatore<\/td>\n<td width=\"510\"><strong>Regione Umbria<\/strong><\/td>\n<\/tr>\n<tr>\n<td width=\"132\">Abstract<\/td>\n<td width=\"510\">I visitatori potranno ammirare una selezione di venti immagini della mostra \u201cSensational Umbria\u201d, un viaggio nelle bellezze, le sensazioni, i colori, l\u2019arte, l\u2019artigianato e i paesaggi della Regione colti dall\u2019occhio del grande fotografo americano Steve Mc Curry.<\/td>\n<\/tr>\n<tr>\n<td width=\"132\">Dove<\/td>\n<td width=\"510\">Sala Workshop 100 + 50<\/td>\n<\/tr>\n<tr>\n<td width=\"132\">Link<\/td>\n<td width=\"510\"><a href=\"http:\/\/cascina.fondazionetriulza.org\/it\/initiative\/umbria-cuore-verde-di-cascina-triulza-sensational-umbria-by-steve-mc-curry\/103\/\">http:\/\/cascina.fondazionetriulza.org\/it\/initiative\/umbria-cuore-verde-di-cascina-triulza-sensational-umbria-by-steve-mc-curry\/103\/<\/a><\/td>\n<\/tr>\n<\/tbody>\n<\/table>\n<p>&nbsp;<\/p>\n<table>\n<tbody>\n<tr>\n<td width=\"132\">Durata<\/td>\n<td width=\"510\"><strong>1\/05\/2015 \u2013 31\/10\/2015<\/strong><\/td>\n<\/tr>\n<tr>\n<td width=\"132\">Titolo evento<\/td>\n<td width=\"510\"><strong>Food Cloud Exhibition<\/strong><\/td>\n<\/tr>\n<tr>\n<td width=\"132\">Organizzatore<\/td>\n<td width=\"510\"><strong>ACRA &#8211; CCS<\/strong><\/td>\n<\/tr>\n<tr>\n<td width=\"132\">Abstract<\/td>\n<td width=\"510\">Food Cloud Exhibition \u00e8 uno spazio educativo che mette in scena il cibo e ne mostra alcune delle sue interazioni e trasformazioni pi\u00f9 significative e sorprendenti.<\/td>\n<\/tr>\n<tr>\n<td width=\"132\">Dove<\/td>\n<td width=\"510\">Area espositiva<\/td>\n<\/tr>\n<tr>\n<td width=\"132\">Link<\/td>\n<td width=\"510\"><a href=\"http:\/\/cascina.fondazionetriulza.org\/it\/initiative\/food-cloud-exhibition\/1209\/\">http:\/\/cascina.fondazionetriulza.org\/it\/initiative\/food-cloud-exhibition\/1209\/<\/a><\/td>\n<\/tr>\n<\/tbody>\n<\/table>\n<p>&nbsp;<\/p>\n<table width=\"642\">\n<tbody>\n<tr>\n<td width=\"132\">Durata<\/td>\n<td width=\"510\"><strong>1\/05\/2015 \u2013 31\/10\/2015<\/strong><\/td>\n<\/tr>\n<tr>\n<td width=\"132\">Titolo Evento<\/td>\n<td width=\"510\"><strong>Percorso informativo: \u201cVolontariato, solidariet\u00e0 e partecipazione: Mettiamoci in gioco\u201d<\/strong><\/td>\n<\/tr>\n<tr>\n<td width=\"132\">Organizzatore<\/td>\n<td width=\"510\"><strong>Anteas<\/strong><\/td>\n<\/tr>\n<tr>\n<td width=\"132\">Abstract<\/td>\n<td width=\"510\">Essere cittadini attivi \u00e8 scendere in campo. \u00c8 quello che facciamo quotidianamente come\u00a0volontari dell\u2019Anteas mettendo insieme le nostre preziose differenze: di genere, d\u2019et\u00e0,\u00a0d\u2019esperienze, di retaggi culturali, di obiettivi. In comune abbiamo il valore motivante della\u00a0solidariet\u00e0. Il progetto presentato in Cascina Triulza, punta a valorizzare e promuovere le attivit\u00e0 di\u00a0volontariato. Un progetto che coinvolge tutte le articolazioni territoriali e regionali di\u00a0ANTEAS votate al raggiungimento di una societ\u00e0 migliore, solidale e pi\u00f9 equa, con\u00a0un\u2019attenzione particolare nei confronti dei pi\u00f9 fragili e deboli.<\/p>\n<p>ANTEAS vi invita a venire a trovarci a Cascina Triulza, in occasione dell\u2019EXPO, e a mettervi\u00a0in gioco con noi per quella partita che non finisce mai: ri-creiamo insieme una societ\u00e0 pi\u00f9\u00a0inclusiva e solidale.<\/td>\n<\/tr>\n<tr>\n<td width=\"132\">Dove<\/td>\n<td width=\"510\">Area Espositiva<\/td>\n<\/tr>\n<tr>\n<td width=\"132\">Link<\/td>\n<td width=\"510\"><a href=\"http:\/\/cascina.fondazionetriulza.org\/it\/project\/volontariato-solidarieta-e-partecipazione-mettiamoci-in-gioco\/1023\">http:\/\/cascina.fondazionetriulza.org\/it\/project\/volontariato-solidarieta-e-partecipazione-mettiamoci-in-gioco\/1023<\/a><\/td>\n<\/tr>\n<\/tbody>\n<\/table>\n<p>&nbsp;<\/p>\n<table width=\"642\">\n<tbody>\n<tr>\n<td width=\"132\">Durata<\/td>\n<td width=\"510\"><strong>1\/05\/2015 \u2013 31\/10\/2015<\/strong><\/td>\n<\/tr>\n<tr>\n<td width=\"132\">Titolo Evento<\/td>\n<td width=\"510\"><strong>Installazione: \u201dEARTH\u2026HEART\u2026ART\u201d<\/strong><\/td>\n<\/tr>\n<tr>\n<td width=\"132\">Organizzatore<\/td>\n<td width=\"510\"><strong>Artinfiera<\/strong><\/td>\n<\/tr>\n<tr>\n<td width=\"132\">Abstract<\/td>\n<td width=\"510\">Antichi mestieri da riscoprire, luoghi ricchi di fascino, sapere e saper fare artigiano e sperimentazione giovanile sono al centro dell\u2019impegno dell\u2019associazione tortonese Artinfiera che partecipa al programma culturale di Cascina Triulza con il progetto \u201cEarth\u2026Heart\u2026Art\u201d, dedicato all\u2019amore per l\u2019arte, l\u2019artigianato e il territorio. Un\u2019installazione all\u2019interno dello spazio espositivo del Padiglione della Societ\u00e0 Civile ospiter\u00e0 due giovani \u201cambasciatori\u201d, che coinvolgeranno il pubblico in un viaggio nel tempo, tra odori, sapori, ricordi e memorie da riscoprire. L\u2019artigianato e gli antichi mestieri diventano la porta d\u2019accesso a un patrimonio paesaggistico, culturale e storico da scoprire: i territori del tortonese, a partire dal borgo medievale San Sebastiano Curone, dove l\u2019associazione ha riaperto le botteghe storiche ridando vita alle strette strade del paese.<\/td>\n<\/tr>\n<tr>\n<td width=\"132\">Dove<\/td>\n<td width=\"510\">Area Espositiva<\/td>\n<\/tr>\n<tr>\n<td width=\"132\">Orario<\/td>\n<td width=\"510\">10:00-21.00<\/td>\n<\/tr>\n<tr>\n<td width=\"132\">Link<\/td>\n<td width=\"510\"><a href=\"http:\/\/cascina.fondazionetriulza.org\/it\/project\/earthheartart\/1\/\">http:\/\/cascina.fondazionetriulza.org\/it\/project\/earthheartart\/1\/<\/a><\/td>\n<\/tr>\n<\/tbody>\n<\/table>\n<p>&nbsp;<\/p>\n<p>&nbsp;<\/p>\n<table width=\"642\">\n<tbody>\n<tr>\n<td width=\"132\">Durata<\/td>\n<td width=\"510\"><strong>1\/05\/2015 \u2013 31\/10\/2015<\/strong><\/td>\n<\/tr>\n<tr>\n<td width=\"132\">Titolo Evento<\/td>\n<td width=\"510\"><strong>Percorso informativo: \u201cContro la malnutrizione, ci vuole Azione! La nostra, la tua!\u201d<\/strong><\/td>\n<\/tr>\n<tr>\n<td width=\"132\">Organizzatore<\/td>\n<td width=\"510\"><strong>Azione contro la Fame<\/strong><\/td>\n<\/tr>\n<tr>\n<td width=\"132\">Abstract<\/td>\n<td width=\"510\">Il progetto \u00e8 un\u2019introduzione alla nostra missione attraverso un\u00a0percorso informativo che i visitatori potranno seguire liberamente o insieme al\u00a0nostro team.\u00a0La nostra missione \u00e8 quella di salvare vite umane eliminando la piaga della\u00a0fame attraverso la prevenzione, l\u2019individuazione e la cura della malnutrizione\u00a0soprattutto durante e dopo situazioni di emergenze provocate da conflitti,\u00a0guerre e disastri naturali. Dalla crisi allo sviluppo sostenibile: il nostro impegno\u00a0\u00e8 di eliminare le cause della malnutrizione e i loro devastanti effetti.\u00a0Soprattutto, integrando i nostri programmi con i sistemi locali e quelli nazionali,\u00a0assicuriamo che gli interventi d\u2019emergenza si trasformino in soluzioni a lungo\u00a0termine.<\/td>\n<\/tr>\n<tr>\n<td width=\"132\">Dove<\/td>\n<td width=\"510\">Area Espositiva<\/td>\n<\/tr>\n<tr>\n<td width=\"132\">Link<\/td>\n<td width=\"510\"><a href=\"http:\/\/cascina.fondazionetriulza.org\/it\/project\/contro-la-malnutrizione-ci-vuole-azione-la-nostra-la-tua\/1027\/\">http:\/\/cascina.fondazionetriulza.org\/it\/project\/contro-la-malnutrizione-ci-vuole-azione-la-nostra-la-tua\/1027\/<\/a><\/td>\n<\/tr>\n<\/tbody>\n<\/table>\n<p>&nbsp;<\/p>\n<table width=\"642\">\n<tbody>\n<tr>\n<td width=\"132\">Durata<\/td>\n<td width=\"510\"><strong>1\/05\/2015 \u2013 31\/10\/2015<\/strong><\/td>\n<\/tr>\n<tr>\n<td width=\"132\">Titolo Evento<\/td>\n<td width=\"510\"><strong>Nutrire i territori: qualit\u00e0 dei servizi, qualit\u00e0 della vita<\/strong><\/td>\n<\/tr>\n<tr>\n<td width=\"132\">Organizzatore<\/td>\n<td width=\"510\"><strong>BCC \u2013 Banche del Credito Cooperativo<\/strong><\/td>\n<\/tr>\n<tr>\n<td width=\"132\">Abstract<\/td>\n<td width=\"510\">BCC porta in Expo il proprio modello di banche cooperative a mutualit\u00e0 prevalente, radicate nelle comunit\u00e0 locali. Si tratta di imprese a propriet\u00e0 diffusa, espressione di capitalismo popolare e comunitario, che perseguono la logica del vantaggio, non la massimizzazione del dividendo, con un legame totale e permanente con il territorio.<\/p>\n<p>Il sistema italiano delle BCC (Banche di Credito Cooperativo e Casse Rurali) \u00e8 diffuso su tutto il territorio nazionale. Con 370 banche cooperative mutualistiche e circa 4.500 sportelli (oltre il 14% del totale), sono strettamente legate all\u2019economia dei territori e coinvolgono un gran numero di persone (1 milione e 200 mila soci, 4000 amministratori, 37 mila dipendenti).<\/td>\n<\/tr>\n<tr>\n<td width=\"132\">Dove<\/td>\n<td width=\"510\">Area Espositiva<\/td>\n<\/tr>\n<tr>\n<td width=\"132\">Link<\/td>\n<td width=\"510\"><a href=\"http:\/\/cascina.fondazionetriulza.org\/it\/project\/nutrire-i-territori-qualita-dei-servizi-qualita-della-vita\/1081\/\">http:\/\/cascina.fondazionetriulza.org\/it\/project\/nutrire-i-territori-qualita-dei-servizi-qualita-della-vita\/1081\/<\/a><\/td>\n<\/tr>\n<\/tbody>\n<\/table>\n<p>&nbsp;<\/p>\n<p>&nbsp;<\/p>\n<table width=\"642\">\n<tbody>\n<tr>\n<td width=\"132\">Durata<\/td>\n<td width=\"510\"><strong>1\/05\/2015 \u2013 31\/10\/2015<\/strong><\/td>\n<\/tr>\n<tr>\n<td width=\"132\">Titolo Evento<\/td>\n<td width=\"510\">\n<h1><strong>Verso un nuovo sviluppo: i valori del territorio, della persona, dell&#8217;inclusione sociale<\/strong><\/h1>\n<\/td>\n<\/tr>\n<tr>\n<td width=\"132\">Organizzatore<\/td>\n<td width=\"510\"><strong>Confcooperative<\/strong><\/td>\n<\/tr>\n<tr>\n<td width=\"132\">Abstract<\/td>\n<td width=\"510\">Confcooperative \u00e8 la principale associazione di rappresentanza delle cooperative in Italia, con 20.000 imprese che danno lavoro a 550.000 persone, realizzano\u00a0un fatturato di\u00a062 miliardi di\u00a0euro\u00a0e sono protagoniste nei settori agroalimentare, welfare, credito, lavoro, abitazione e utilities,\u00a0con oltre 3.270.000 soci.<\/p>\n<p>Le persone prima del capitale: ad\u00a0Expo Milano\u00a02015\u00a0Confcooperative, in collaborazione con Enti ed Istituzioni italiane ed internazionali,\u00a0sar\u00e0 presente per sei mesi con 20 conferenze e 23 settimane tematiche volte a valorizzare il\u00a0modello dell\u2019impresa cooperativa, in ogni suo ambito di attivit\u00e0.<\/td>\n<\/tr>\n<tr>\n<td width=\"132\">Dove<\/td>\n<td width=\"510\">Area Espositiva<\/td>\n<\/tr>\n<tr>\n<td width=\"132\">Link<\/td>\n<td width=\"510\"><a href=\"http:\/\/cascina.fondazionetriulza.org\/it\/project\/verso-un-nuovo-sviluppo-i-valori-del-territorio-della-persona-dellinclusione-sociale\/1079\/\">http:\/\/cascina.fondazionetriulza.org\/it\/project\/verso-un-nuovo-sviluppo-i-valori-del-territorio-della-persona-dellinclusione-sociale\/1079\/<\/a><\/td>\n<\/tr>\n<\/tbody>\n<\/table>\n<p>&nbsp;<\/p>\n<table width=\"642\">\n<tbody>\n<tr>\n<td width=\"132\">Durata<\/td>\n<td width=\"510\"><strong>1\/05\/2015 \u2013 31\/10\/2015<\/strong><\/td>\n<\/tr>\n<tr>\n<td width=\"132\">Titolo Evento<\/td>\n<td width=\"510\"><strong>Mostra: Lions4Expo<\/strong><\/td>\n<\/tr>\n<tr>\n<td width=\"132\">Organizzatore<\/td>\n<td width=\"510\"><strong>Lions Club International<\/strong><\/td>\n<\/tr>\n<tr>\n<td width=\"132\">Abstract<\/td>\n<td width=\"510\">I Lions intendono sviluppare attivamente il tema di Expo, animando la Cascina Triulza con testimonianze pratiche di azioni umanitarie rivolte ad affrontare i grandi temi dell\u2019umanit\u00e0, quali la disponibilit\u00e0 di cibo e acqua per tutti, la sicurezza alimentare, la tutela della salute e dell\u2019ambiente, la lotta agli sprechi, l\u2019educazione alimentare e lo sviluppo sostenibile.<\/td>\n<\/tr>\n<tr>\n<td width=\"132\">Dove<\/td>\n<td width=\"510\">Area Espositiva<\/td>\n<\/tr>\n<tr>\n<td width=\"132\">Link<\/td>\n<td width=\"510\">http:\/\/cascina.fondazionetriulza.org\/it\/initiative\/lions4expo\/4454\/<\/td>\n<\/tr>\n<\/tbody>\n<\/table>\n<p>&nbsp;<\/p>\n<p>&nbsp;<\/p>\n<table width=\"642\">\n<tbody>\n<tr>\n<td width=\"132\">Durata<\/td>\n<td width=\"510\"><strong>1\/05\/2015 \u2013 31\/10\/2015<\/strong><\/td>\n<\/tr>\n<tr>\n<td width=\"132\">Titolo Evento<\/td>\n<td width=\"510\"><strong>Mostra: \u201cIl senso ritrovato\u201d<\/strong><\/td>\n<\/tr>\n<tr>\n<td width=\"132\">Organizzatore<\/td>\n<td width=\"510\"><strong>PLEF &#8211; Planet Life Economy Foundation<\/strong><\/td>\n<\/tr>\n<tr>\n<td width=\"132\">Abstract<\/td>\n<td width=\"510\">Il concetto \u201c<em>Nutrire il pianeta, energie per la vita\u201d<\/em>, presuppone una nuova consapevolezza. PLEF la promuove favorendo la percezione che il cambiamento globale \u00e8 possibile se si ritrova senso nelle azioni che si conducono, riequilibrando la parte materiale della vita, oggi esagerata, con quella immateriale, sacrificata. Il progetto di PLEF dimostra attraverso 12 temi come sia possibile il cambio di paradigma.<\/td>\n<\/tr>\n<tr>\n<td width=\"132\">Dove<\/td>\n<td width=\"510\">Area Espositiva<\/td>\n<\/tr>\n<tr>\n<td width=\"132\">Link<\/td>\n<td width=\"510\"><a href=\"http:\/\/cascina.fondazionetriulza.org\/it\/project\/il-senso-ritrovato\/1046\/\">http:\/\/cascina.fondazionetriulza.org\/it\/project\/il-senso-ritrovato\/1046\/<\/a><\/td>\n<\/tr>\n<\/tbody>\n<\/table>\n<p>&nbsp;<\/p>\n<p>&nbsp;<\/p>\n<table width=\"642\">\n<tbody>\n<tr>\n<td width=\"132\">Durata<\/td>\n<td width=\"510\"><strong>1\/05\/2015 \u2013 31\/10\/2015<\/strong><\/td>\n<\/tr>\n<tr>\n<td width=\"132\">Titolo Evento<\/td>\n<td width=\"510\"><strong>Installazione: \u201cL&#8217;ospedale del Futuro\u201d<\/strong><\/td>\n<\/tr>\n<tr>\n<td width=\"132\">Organizzatore<\/td>\n<td width=\"510\"><strong>Gruppo Ospedaliero San Donato (GSD) Foundation<\/strong><\/td>\n<\/tr>\n<tr>\n<td width=\"132\">Abstract<\/td>\n<td width=\"510\">Tramite le associazioni con cui collabora e i suoi progetti, la GSD Foundation propone \u201cL\u2019ospedale del Futuro: un nuovo modo di curare.\u201d<\/p>\n<p>Con l\u2019Umanizzazione delle cure e la Prevenzione come fulcro, intende presentare la sua eccellenza scientifica e clinica (dando rilevanza alla sua forte presenza territoriale) insieme all\u2019attivit\u00e0 didattica svolta in Italia e all\u2019estero durante missioni umanitarie.<\/td>\n<\/tr>\n<tr>\n<td width=\"132\">Dove<\/td>\n<td width=\"510\">Area Espositiva<\/td>\n<\/tr>\n<tr>\n<td width=\"132\">Link<\/td>\n<td width=\"510\"><a href=\"http:\/\/cascina.fondazionetriulza.org\/it\/project\/lospedale-del-futuro\/1056\/\">http:\/\/cascina.fondazionetriulza.org\/it\/project\/lospedale-del-futuro\/1056\/<\/a><\/td>\n<\/tr>\n<\/tbody>\n<\/table>\n<p>&nbsp;<\/p>\n<table width=\"642\">\n<tbody>\n<tr>\n<td colspan=\"2\" width=\"132\">Durata<\/td>\n<td width=\"510\"><strong>1\/05\/2015 \u2013 31\/10\/2015<\/strong><\/td>\n<\/tr>\n<tr>\n<td colspan=\"2\" width=\"132\">Titolo Evento<\/td>\n<td width=\"510\"><strong>Mostra interattiva: \u201cLe best practices di Rise2Up\u201d<\/strong><\/td>\n<\/tr>\n<tr>\n<td colspan=\"2\" width=\"132\">Organizzatore<\/td>\n<td width=\"510\"><strong>La libreria che non c\u2019\u00e8 &amp; Talent4Rise<\/strong><\/td>\n<\/tr>\n<tr>\n<td width=\"130\">Abstract<\/p>\n<p><strong>\u00a0<\/strong><\/td>\n<td colspan=\"2\" width=\"512\">Su schermi interattivi sono proposte ciclicamente le buone pratiche raccontate dai produttori stessi. Il progetto ha selezionato e propone al pubblico, alcune testimonianze secondo i temi e valori etici del programma Rise2Up: Qualit\u00e0 e Sicurezza, Educazione Alimentare, Originalit\u00e0 e Biodiversit\u00e0, Eco-sostenibilit\u00e0, Salute, WEB2.0, Internazionalit\u00e0, Tradizione e Conservazione e Innovazione. Lo sviluppo e l\u2019applicazione di tali valori sono per Rise2Up le energie per un\u2019economia pi\u00f9 solida ed eco-solidale. I video possono essere scelti e votati dai visitatori. La premiazione del video che avr\u00e0 ottenuto pi\u00f9 voti, sar\u00e0 effettuata il giorno 26 ottobre nella sala workshop della Cascina.<\/td>\n<\/tr>\n<tr>\n<td width=\"130\">Dove<\/td>\n<td colspan=\"2\" width=\"512\">Area Espositiva<\/td>\n<\/tr>\n<tr>\n<td width=\"130\">Link<\/td>\n<td colspan=\"2\" width=\"512\"><a href=\"http:\/\/cascina.fondazionetriulza.org\/it\/initiative\/le-best-practices-di-rise2up\/4448\/\">http:\/\/cascina.fondazionetriulza.org\/it\/initiative\/le-best-practices-di-rise2up\/4448\/<\/a><\/td>\n<\/tr>\n<tr>\n<td width=\"130\"><\/td>\n<td width=\"2\"><\/td>\n<td width=\"510\"><\/td>\n<\/tr>\n<\/tbody>\n<\/table>\n<p>&nbsp;<\/p>\n<table>\n<tbody>\n<tr>\n<td width=\"132\">Giorni<\/td>\n<td width=\"510\"><strong>22\/06\/2015 \u2013 02\/08\/2015<\/strong><\/td>\n<\/tr>\n<tr>\n<td width=\"132\">Titolo Evento<\/td>\n<td width=\"510\"><strong>Mostra: \u201cI Gusti della Salute\u201d<\/strong><\/td>\n<\/tr>\n<tr>\n<td width=\"132\">Organizzatore<\/td>\n<td width=\"510\"><strong>LILT \u2013 Lega Italiana per la lotta contro i tumori<\/strong><\/td>\n<\/tr>\n<tr>\n<td width=\"132\">Abstract<\/td>\n<td width=\"510\">LILT propone un percorso di approfondimento culturale sui temi della relazione fra comportamento alimentare e benessere psicofisico con iniziative rivolte alla popolazione generale, agli educatori, ai docenti, agli operatori sanitari e alberghieri.<\/td>\n<\/tr>\n<tr>\n<td width=\"132\">Dove<\/td>\n<td width=\"510\">Area Espositiva<\/td>\n<\/tr>\n<tr>\n<td width=\"132\">Orario<\/td>\n<td width=\"510\">10:00 \u2013 21:00<\/td>\n<\/tr>\n<tr>\n<td width=\"132\">Link<\/td>\n<td width=\"510\"><a href=\"http:\/\/cascina.fondazionetriulza.org\/it\/initiative\/i-gusti-della-salute\/4479\/\">http:\/\/cascina.fondazionetriulza.org\/it\/initiative\/i-gusti-della-salute\/4479\/<\/a><\/td>\n<\/tr>\n<\/tbody>\n<\/table>\n<p>&nbsp;<\/p>\n<table>\n<tbody>\n<tr>\n<td width=\"132\">Giorni<\/td>\n<td width=\"510\"><strong>29\/06\/2015 \u2013 02\/08\/2015<\/strong><\/td>\n<\/tr>\n<tr>\n<td width=\"132\">Titolo Evento<\/td>\n<td width=\"510\"><strong>Acqua risorsa preziosa<\/strong><\/td>\n<\/tr>\n<tr>\n<td width=\"132\">Organizzatore<\/td>\n<td width=\"510\"><strong>CAP holding<\/strong><\/td>\n<\/tr>\n<tr>\n<td width=\"132\">Abstract<\/td>\n<td width=\"510\">Promuovere comportamenti e stili di vita attenti al consumo idrico e insegnare l\u2019importanza di una risorsa preziosa come l\u2019acqua e di un suo uso corretto. Questo il motivo che ha spinto il Gruppo CAP, l\u2019azienda che gestisce il servizio idrico in 196 Comuni Lombardi, a essere presente con uno stand in Cascina Triulza.<\/td>\n<\/tr>\n<tr>\n<td width=\"132\">Dove<\/td>\n<td width=\"510\">Area Espositiva &#8211; primo piano<\/td>\n<\/tr>\n<tr>\n<td width=\"132\">Orario<\/td>\n<td width=\"510\">10:00 \u2013 21:00<\/td>\n<\/tr>\n<tr>\n<td width=\"132\">Link<\/td>\n<td width=\"510\"><a href=\"http:\/\/cascina.fondazionetriulza.org\/it\/initiative\/acqua-risorsa-preziosa\/4476\/\">http:\/\/cascina.fondazionetriulza.org\/it\/initiative\/acqua-risorsa-preziosa\/4476\/<\/a><\/td>\n<\/tr>\n<\/tbody>\n<\/table>\n<p>&nbsp;<\/p>\n<table>\n<tbody>\n<tr>\n<td width=\"132\">Giorni<\/td>\n<td width=\"510\"><strong>7\/07\/15 &#8211; 4\/10\/15<\/strong><\/td>\n<\/tr>\n<tr>\n<td width=\"132\">Titolo Evento<\/td>\n<td width=\"510\"><strong>Oftal @Expo: la gioia di vivere e condividere<\/strong><\/td>\n<\/tr>\n<tr>\n<td width=\"132\">Organizzatore<\/td>\n<td width=\"510\"><strong>OFTAL<\/strong><\/td>\n<\/tr>\n<tr>\n<td width=\"132\">Abstract<\/td>\n<td width=\"510\">Vivere l\u2019esperienza dei pellegrinaggi in Terra Santa e nei santuari mariani con l\u2019installazione multimediale dell\u2019Opera Federativa Trasporto Ammalati di Lourdes. Per conoscere un mondo di accoglienza e testimonianza evangelica<\/td>\n<\/tr>\n<tr>\n<td width=\"132\">Dove<\/td>\n<td width=\"510\">Area Espositiva &#8211; primo piano<\/td>\n<\/tr>\n<tr>\n<td width=\"132\">Link<\/td>\n<td width=\"510\"><a href=\"http:\/\/cascina.fondazionetriulza.org\/it\/page\/espositori\/1099\/\">http:\/\/cascina.fondazionetriulza.org\/it\/page\/espositori\/1099\/<\/a><\/td>\n<\/tr>\n<\/tbody>\n<\/table>\n<p>&nbsp;<\/p>\n<table>\n<tbody>\n<tr>\n<td width=\"132\">Giorni<\/td>\n<td width=\"510\"><strong>27\/07\/15 \u2013 09\/08\/15<\/strong><\/td>\n<\/tr>\n<tr>\n<td width=\"132\">Titolo Evento<\/td>\n<td width=\"510\"><strong>Feel Your Spirit, Grow Within<\/strong><\/td>\n<\/tr>\n<tr>\n<td width=\"132\">Organizzatore<\/td>\n<td width=\"510\"><strong>Fondazione Mondiale Shri Mataji Nirmala Devi Sahaja Yoga<\/strong><\/td>\n<\/tr>\n<tr>\n<td width=\"132\">Abstract<\/td>\n<td width=\"510\">Il punto di partenza di &#8220;Feel Your Spirit Grow within&#8221; (Percepisci il tuo Spirito, cresci dentro di te) \u00e8 raggiungere la pace interiore e l\u2019equilibrio, armonizzando il nostro sistema energetico sottile. I visitatori potranno avere una prima esperienza di questo risveglio e saranno in grado di sperimentare di persona i benefici immediati che essa ha sulla nostra salute e sul nostro benessere.<\/td>\n<\/tr>\n<tr>\n<td width=\"132\">Dove<\/td>\n<td width=\"510\">Area espositiva \u2013 primo piano<\/td>\n<\/tr>\n<tr>\n<td width=\"132\">Link<\/td>\n<td width=\"510\"><a href=\"http:\/\/cascina.fondazionetriulza.org\/it\/initiative\/feel-your-spirit-grow-within\/5549\/\">http:\/\/cascina.fondazionetriulza.org\/it\/initiative\/feel-your-spirit-grow-within\/5549\/<\/a><\/td>\n<\/tr>\n<\/tbody>\n<\/table>\n<p>&nbsp;<\/p>\n<p>&nbsp;<\/p>\n<p>&nbsp;<\/p>\n<p><strong><span style=\"text-decoration: underline;\">Contatti Team Comunicazione Cascina Triulza \u2013 Padiglione della Societ\u00e0 Civile:<\/span><\/strong><\/p>\n<p><strong>Tel: 02 3929 7777<br \/>\nE-mail: <\/strong><a href=\"mailto:comunicazione@cascina-triulza.org\"><strong>comunicazione@cascina-triulza.org<\/strong><\/a><\/p>\n<p><a href=\"mailto:comunicazione@fondazionetriulza.org\"><strong>comunicazione@fondazionetriulza.org<\/strong><\/a><\/p>\n<p><strong>Responsabile: Pilar Sinusia<\/strong><\/p>\n<p><strong>Team: Ferdinando Baron, Stefania La Malfa, Marina Tristano, Manuela Colicchia<\/strong><\/p>\n","protected":false},"excerpt":{"rendered":"<p>www.cascinatriulzaexpo2015.org \u00a0Ritorna luned\u00ec 27 ANCIxEXPO con una giornata che valorizza la cultura e le tradizioni dei territori italiani. In questa occasione saranno protagonisti: il Comune di Cagliari, la Comunit\u00e0 Montana Valle dell\u2019Elvo, la zona della Garfagnana e della Lunigiana, il Comune di Margherita di Savoia, la Provincia di Monza, il Comune di Caserta. Inoltre, Confcooperative &hellip; <a href=\"https:\/\/www.gdapress.it\/it\/index.php\/53183\/expo-2015-2\/cascina-triulza-padiglione-societa-civile-eventi-settimana-27-luglio-2-agosto-2015.html\" class=\"more-link\">Read more <span class=\"screen-reader-text\">Cascina Triulza &#8211; Padiglione Societ\u00e0 Civile Eventi settimana 27 luglio \u2013 2 agosto 2015<\/span><\/a><\/p>\n","protected":false},"author":3,"featured_media":0,"comment_status":"closed","ping_status":"open","sticky":false,"template":"","format":"standard","meta":{"footnotes":""},"categories":[12170],"tags":[14501,622,17],"class_list":["post-53183","post","type-post","status-publish","format-standard","hentry","category-expo-2015-2","tag-cascina-triulza","tag-expo-2015","tag-milano"],"_links":{"self":[{"href":"https:\/\/www.gdapress.it\/it\/index.php\/wp-json\/wp\/v2\/posts\/53183","targetHints":{"allow":["GET"]}}],"collection":[{"href":"https:\/\/www.gdapress.it\/it\/index.php\/wp-json\/wp\/v2\/posts"}],"about":[{"href":"https:\/\/www.gdapress.it\/it\/index.php\/wp-json\/wp\/v2\/types\/post"}],"author":[{"embeddable":true,"href":"https:\/\/www.gdapress.it\/it\/index.php\/wp-json\/wp\/v2\/users\/3"}],"replies":[{"embeddable":true,"href":"https:\/\/www.gdapress.it\/it\/index.php\/wp-json\/wp\/v2\/comments?post=53183"}],"version-history":[{"count":1,"href":"https:\/\/www.gdapress.it\/it\/index.php\/wp-json\/wp\/v2\/posts\/53183\/revisions"}],"predecessor-version":[{"id":53184,"href":"https:\/\/www.gdapress.it\/it\/index.php\/wp-json\/wp\/v2\/posts\/53183\/revisions\/53184"}],"wp:attachment":[{"href":"https:\/\/www.gdapress.it\/it\/index.php\/wp-json\/wp\/v2\/media?parent=53183"}],"wp:term":[{"taxonomy":"category","embeddable":true,"href":"https:\/\/www.gdapress.it\/it\/index.php\/wp-json\/wp\/v2\/categories?post=53183"},{"taxonomy":"post_tag","embeddable":true,"href":"https:\/\/www.gdapress.it\/it\/index.php\/wp-json\/wp\/v2\/tags?post=53183"}],"curies":[{"name":"wp","href":"https:\/\/api.w.org\/{rel}","templated":true}]}}