
{"id":52932,"date":"2015-07-01T10:07:26","date_gmt":"2015-07-01T08:07:26","guid":{"rendered":"http:\/\/www.gdapress.it\/it\/?p=52932"},"modified":"2015-07-01T10:07:26","modified_gmt":"2015-07-01T08:07:26","slug":"temporaryhome-nasce-losservatorio-di-rescasa-lombardia-sul-fenomeno-dellappartamento-temporaneo","status":"publish","type":"post","link":"https:\/\/www.gdapress.it\/it\/index.php\/52932\/turismo\/temporaryhome-nasce-losservatorio-di-rescasa-lombardia-sul-fenomeno-dellappartamento-temporaneo.html","title":{"rendered":"TEMPORARYHOME:  nasce l\u2019Osservatorio di Rescasa Lombardia  sul fenomeno dell\u2019appartamento temporaneo"},"content":{"rendered":"<p><strong>Milano, 1 Luglio 2015 ore 12.00<\/strong><\/p>\n<p><strong>Sala Sommaruga \u2013 Unione Confcommercio Milano<\/strong><\/p>\n<p><strong>Corso Venezia, 47 \u2013 MM1 Palestro<\/strong><\/p>\n<p><strong>TEMPORARYHOME: <\/strong><\/p>\n<p><strong>nasce l\u2019Osservatorio di Rescasa Lombardia <\/strong><\/p>\n<p><strong>sul fenomeno dell\u2019appartamento temporaneo<\/strong><\/p>\n<p>Intervengono:<\/p>\n<p><strong>Raffaele Paletti &#8211;<\/strong> Presidente Rescasa Lombardia<\/p>\n<p><strong>Massimo Costa &#8211;<\/strong> Segretario Generale Assotemporary\/ Rescasa Lombardia<\/p>\n<p><strong>Vincenzo Cella &#8211; <\/strong>Responsabile Commerciale Halldis<\/p>\n<p><strong>Prof. Marianna di Salle<\/strong>&#8211; MET- Master Economia del Turismo Universit\u00e0 Bocconi<\/p>\n<p>Temporary home: la formula della locazione temporanea di appartamenti ad uso turistico vive a Milano un momento fortunato anche grazie ad Expo 2015, con un tasso di crescita del 20% rispetto allo stesso periodo dell\u2019anno scorso, sensibilmente superiore al trend degli affitti tradizionali, saliti dello 0,4%.<\/p>\n<p>Proprio dal capoluogo lombardo parte un\u2019iniziativa dell\u2019Associazione di categoria aderente a Confcommercio, RESCASA Lombardia, che vanta oltre 60 strutture associate tra residence e case appartamento vacanza nella sola provincia di Milano, con circa 3.500 unit\u00e0 abitative e 9000 posti letto.<\/p>\n<p>A Milano, le strutture ricettive registrate sono in tutto 853, delle quali le extra alberghiere sono il 47%. L&#8217;offerta extra alberghiera ufficiale, case vacanze e alloggi iscritti al REC sono il 57% (227 su 398) del totale offerta extra alberghiera, con 1.399 camere su 4.566 (il 31% del totale) e di 2.719 posti letto su 8.486 (32%), secondo una recente ricerca della Universit\u00e0 Bocconi. Si tratta appunto di <strong>Temporary Home, il nuovo Osservatorio sul fenomeno degli appartamenti ad uso turistico<\/strong>, un\u2019iniziativa che RESCASA Lombardia ha lanciato in concomitanza con l\u2019ingresso nell\u2019Associazione di societ\u00e0 di gestione come Halldis, Rentopolis, Arcipelago Casa e altre realt\u00e0 operanti nel segmento dell\u2019affitto breve.<\/p>\n<p>Storicamente RESCASA rappresenta l&#8217;offerta dei residence ad uso turistico; di recente, con la presidenza di Raffaele Paletti- titolare di varie strutture quali Residence Biancacroce, Desenzano, Lepontina, Cremona e My House Apartments &#8211; l&#8217;organizzazione si \u00e8 aperta agli appartamenti ad uso turistico gestiti con partita IVA.<\/p>\n<p>Obiettivo ultimo di RESCASA oggi \u00e8 quindi il sostegno delle strutture ricettive extra alberghiere per business e vacanze, che possono diventare una nuova importante fonte di redditi e lavoro per l&#8217;economia dei territori e del Paese. E&#8217; un settore in crescita e ancora in cerca di una regolamentazione chiara.<\/p>\n<p>Ad oggi per esempio per l&#8217;affitto turistico di appartamenti non si paga la tassa di soggiorno ed \u00e8 facile prevedere che nei mesi di EXPO la citt\u00e0 perder\u00e0 entrate utili a migliorare i servizi; in Lombardia per avere l&#8217;autorizzazione occorre presentare un&#8217;offerta di almeno 3 alloggi mentre in Liguria ne basta uno. Sono gli stessi operatori pi\u00f9 strutturati, come per esempio il gruppo Halldis, con 400 appartamenti a Milano, a chiedere un intervento legislativo, che li faccia uscire dal cono d\u2019ombra che assimila le pi\u00f9 importanti societ\u00e0 di gestione a privati operanti nel sommerso.<\/p>\n<p>Il fenomeno del temporaryhome si inserisce nel quadro di una economia sempre pi\u00f9 sharing che ha gi\u00e0 visto proliferare i temporary space; per portare avanti gli interessi del comparto si \u00e8 formato anche un <strong>Polo del Temporary<\/strong> al fine di integrare e fare sistema dell&#8217;intera offerta di residence, appartamenti, uffici e negozi a Milano e Lombardia, con l&#8217;intento di coinvolgere i referenti dei paesi partecipanti ad Expo 2015.<\/p>\n<p>La Regione ha al vaglio una legge sul turismo che tocca anche questa materia e RESCASA, insieme alle altre Associazioni di Confcommercio, vuol far sentire l&#8217;opinione diretta degli interessati, secondo la sua mission che \u00e8 appunto la tutela degli interessi di tutti gli imprenditori attivi nel settore ricettivo extra alberghiero, in particolare i titolari di Rta (Residenze turistico alberghiere) e Cav (Case appartamenti per vacanze).<\/p>\n<p>&nbsp;<\/p>\n<p>Per illustrare l\u2019attivit\u00e0 dell\u2019Osservatorio e annunciare nuove operazioni mirate alla regolamentazione e alla trasparenza delle unit\u00e0 immobiliari, RESCASA invita i media mercoled\u00ec 1 luglio 2015, a Milano, alle ore 12.00 \u2013 Sala Sommaruga &#8211; Unione\u00a0 Confcommercio Milano \u2013 MM1 Palestro<\/p>\n","protected":false},"excerpt":{"rendered":"<p>Milano, 1 Luglio 2015 ore 12.00 Sala Sommaruga \u2013 Unione Confcommercio Milano Corso Venezia, 47 \u2013 MM1 Palestro TEMPORARYHOME: nasce l\u2019Osservatorio di Rescasa Lombardia sul fenomeno dell\u2019appartamento temporaneo Intervengono: Raffaele Paletti &#8211; Presidente Rescasa Lombardia Massimo Costa &#8211; Segretario Generale Assotemporary\/ Rescasa Lombardia Vincenzo Cella &#8211; Responsabile Commerciale Halldis Prof. Marianna di Salle&#8211; MET- Master &hellip; <a href=\"https:\/\/www.gdapress.it\/it\/index.php\/52932\/turismo\/temporaryhome-nasce-losservatorio-di-rescasa-lombardia-sul-fenomeno-dellappartamento-temporaneo.html\" class=\"more-link\">Read more <span class=\"screen-reader-text\">TEMPORARYHOME:  nasce l\u2019Osservatorio di Rescasa Lombardia  sul fenomeno dell\u2019appartamento temporaneo<\/span><\/a><\/p>\n","protected":false},"author":3,"featured_media":0,"comment_status":"closed","ping_status":"open","sticky":false,"template":"","format":"standard","meta":{"footnotes":""},"categories":[9],"tags":[16132,16163,16162],"class_list":["post-52932","post","type-post","status-publish","format-standard","hentry","category-turismo","tag-osservatorio","tag-rescasa-lombardia","tag-temporaryhome"],"_links":{"self":[{"href":"https:\/\/www.gdapress.it\/it\/index.php\/wp-json\/wp\/v2\/posts\/52932","targetHints":{"allow":["GET"]}}],"collection":[{"href":"https:\/\/www.gdapress.it\/it\/index.php\/wp-json\/wp\/v2\/posts"}],"about":[{"href":"https:\/\/www.gdapress.it\/it\/index.php\/wp-json\/wp\/v2\/types\/post"}],"author":[{"embeddable":true,"href":"https:\/\/www.gdapress.it\/it\/index.php\/wp-json\/wp\/v2\/users\/3"}],"replies":[{"embeddable":true,"href":"https:\/\/www.gdapress.it\/it\/index.php\/wp-json\/wp\/v2\/comments?post=52932"}],"version-history":[{"count":1,"href":"https:\/\/www.gdapress.it\/it\/index.php\/wp-json\/wp\/v2\/posts\/52932\/revisions"}],"predecessor-version":[{"id":52933,"href":"https:\/\/www.gdapress.it\/it\/index.php\/wp-json\/wp\/v2\/posts\/52932\/revisions\/52933"}],"wp:attachment":[{"href":"https:\/\/www.gdapress.it\/it\/index.php\/wp-json\/wp\/v2\/media?parent=52932"}],"wp:term":[{"taxonomy":"category","embeddable":true,"href":"https:\/\/www.gdapress.it\/it\/index.php\/wp-json\/wp\/v2\/categories?post=52932"},{"taxonomy":"post_tag","embeddable":true,"href":"https:\/\/www.gdapress.it\/it\/index.php\/wp-json\/wp\/v2\/tags?post=52932"}],"curies":[{"name":"wp","href":"https:\/\/api.w.org\/{rel}","templated":true}]}}