
{"id":52914,"date":"2015-07-01T02:37:25","date_gmt":"2015-07-01T00:37:25","guid":{"rendered":"http:\/\/www.gdapress.it\/it\/?p=52914"},"modified":"2015-07-01T02:38:52","modified_gmt":"2015-07-01T00:38:52","slug":"renzo-ferrari-visioni-nomadi-museo-cantonale-darte-lugano","status":"publish","type":"post","link":"https:\/\/www.gdapress.it\/it\/index.php\/52914\/arte\/renzo-ferrari-visioni-nomadi-museo-cantonale-darte-lugano.html","title":{"rendered":"RENZO FERRARI VISIONI NOMADI | Museo Cantonale d&#8217;Arte, Lugano"},"content":{"rendered":"<p><a href=\"http:\/\/www.gdapress.it\/it\/..\/public\/it\/2015\/07\/VI.01-A-Occidente_rit_300dpi.jpeg\"><img loading=\"lazy\" decoding=\"async\" class=\"alignnone size-full wp-image-52915\" src=\"http:\/\/www.gdapress.it\/it\/..\/public\/it\/2015\/07\/VI.01-A-Occidente_rit_300dpi.jpeg\" alt=\"VI.01 A Occidente_rit_300dpi\" width=\"426\" height=\"304\" srcset=\"https:\/\/www.gdapress.it\/it\/..\/public\/it\/2015\/07\/VI.01-A-Occidente_rit_300dpi.jpeg 426w, https:\/\/www.gdapress.it\/it\/..\/public\/it\/2015\/07\/VI.01-A-Occidente_rit_300dpi-300x214.jpeg 300w\" sizes=\"auto, (max-width: 426px) 100vw, 426px\" \/><\/a><\/p>\n<p>Renzo Ferrari Visioni nomadi Museo Cantonale d\u2019Arte, Lugano sino al 2 agosto 2015<\/p>\n<p>La mostra antologica dedicata all\u2019opera di Renzo Ferrari ritraccia l\u2019intero percorso creativo dell\u2019artista, dagli esordi alla fine degli anni cinquanta, fino ai giorni nostri.<\/p>\n<p>A cura di Antonia Nessi e Cristina Sonderegger, l\u2019esposizione \u00e8 stata realizzata in collaborazione con il Mus\u00e9e d\u2019Art et d\u2019Histoire di Neuch\u00e2tel dove si \u00e8 svolta la prima tappa. Al Museo Cantonale d\u2019Arte il percorso espositivo si sviluppa su tre piani e presenta circa 170 opere dell\u2019artista. Scandita in sette sezioni cronologico-tematiche, l\u2019esposizione invita lo spettatore ad immergersi nell\u2019universo espressivo di Ferrari mediante la messa in dialogo delle diverse tecniche con le quali egli si \u00e8 confrontato. La pittura, il disegno, l\u2019incisione, i meta-linguaggi quali il collage, ma anche assemblaggi di oggetti trovati sono posti a confronto in un rapporto a-gerarchico con l\u2019obiettivo di mostrare la ricchezza della produzione artistica di Ferrari.<\/p>\n<p>Attivo tra il Ticino e Milano \u2013 dove ha vissuto fino al 2007 prima di rientrare definitivamente a Cadro \u2013 Ferrari \u00e8 da annoverare tra le figure di rilievo della realt\u00e0 artistica della Svizzera italiana e della Lombardia del secondo dopo guerra. Raccogliendo diverse eredit\u00e0 culturali, fa emergere nelle sue opere la continua ricerca e perdita della figura, specchio degli stati d&#8217;animo dell&#8217;artista, ma anche riflesso della storia e della realt\u00e0 socio-politica contemporanea di cui Ferrari \u00e8 un acuto e critico osservatore. Agli inizi degli anni sessanta, dopo la formazione all\u2019Accademia di Brera, quando esordisce sulla scena milanese con una mostra presso la Galleria delle Ore, la sua produzione \u00e8 marcata da una gestualit\u00e0 di memoria informale da cui aspira a emanciparsi. Il confronto con la Pop Art americana in occasione della Biennale di Venezia del 1964 segna una svolta definitiva nel percorso verso la conquista di una figurazione autonoma. Nascono opere caratterizzate dalla tensione tra forme organiche e forme artificiali, riflesso di un mondo naturale e di una societ\u00e0 che ha perso la propria dimensione rassicurante, e che raggiunger\u00e0 l\u2019espressione pi\u00f9 drammatica nella serie di opere del \u201cperiodo nero\u201d. Il ritorno del colore all\u2019inizio degli anni novanta coincide con l\u2019apparizione di nuove tematiche: il confronto quotidiano con l\u2019immigrazione africana che tocca particolarmente la capitale lombarda in cui l\u2019artista vive e il viaggio a New York del 1994 sono le principali fonti d\u2019ispirazione. L\u2019ultimo quindicennio \u00e8 caratterizzato dalla trasposizione in immagine dell\u2019incessante dialogo tra la condizione intima e individuale dell\u2019artista e il destino collettivo di un mondo sempre pi\u00f9 fragilizzato e conflittuale. Oltre che nei dipinti e disegni, tutto ci\u00f2 \u00e8 registrato dall\u2019artista, quasi ossessivamente, anche nei taccuini Moleskine, a loro volta esposti in mostra.<\/p>\n<p>Accanto alle opere il pubblico potr\u00e0 visionare una serie di filmati tra cui \u201cWalker. Renzo Ferrari\u201d del regista Villi Hermann, girato nel 2004 sulle orme dell\u2019artista, tra Cadro, Milano e New York. L\u2019esposizione \u00e8 accompagnata da un catalogo in italiano e francese, edito da Skira, corredato da immagini a colori di tutte le opere in mostra, unitamente a contributi di Renzo Ferrari, Marco Franciolli, Flaminio Gualdoni, Rainer Michael Mason, V\u00e9ronique Mauron, J\u00e9r\u00f4me Meizoz, Antonia Nessi, Luca Pietro Nicoletti, Cristina Sonderegger. Costo Fr. 40.<\/p>\n<p>Museo Cantonale d\u2019Arte Via Canova 10 2\/3<\/p>\n<p>Informazioni Sede: Museo Cantonale d\u2019Arte Via Canova 10, 6900 Lugano<\/p>\n<p>www.museo-cantonale-arte.ch<\/p>\n<p>Info e prenotazioni: tel: +41 (0)91 815 7971<\/p>\n<p>e-mail: benedetta.giorgi@ti.ch<\/p>\n<p>Orari: marted\u00ec 14:00-17:00 mercoled\u00ec\u2013domenica 10:00\u201317:00 Chiuso luned\u00ec<\/p>\n<p>Biglietti: Intero Fr. 12.- Ridotto AVS\/AI, over 65 anni, gruppi, studenti 17-25 anni Fr. 8.-<\/p>\n<p>Entrata gratuita &lt;16 anni, la prima domenica del mese<\/p>\n<p>Il Museo \u00e8 perfettamente accessibile alle persone con difficolt\u00e0 motorie<\/p>\n<p>Mediazione culturale Visite guidate e proposte didattiche per gruppi e scuole: Visita guidata\/Atelier in italiano Fr. 150.- Visita guidata in lingua (francese, tedesco e inglese) Fr. 200.- Le attivit\u00e0 didattiche per le scuole del Cantone Ticino sono gratuite Visite guidate per singoli visitatori: \u00a05 luglio, 2 agosto, ore 15:00<\/p>\n","protected":false},"excerpt":{"rendered":"<p>Renzo Ferrari Visioni nomadi Museo Cantonale d\u2019Arte, Lugano sino al 2 agosto 2015 La mostra antologica dedicata all\u2019opera di Renzo Ferrari ritraccia l\u2019intero percorso creativo dell\u2019artista, dagli esordi alla fine degli anni cinquanta, fino ai giorni nostri. A cura di Antonia Nessi e Cristina Sonderegger, l\u2019esposizione \u00e8 stata realizzata in collaborazione con il Mus\u00e9e d\u2019Art &hellip; <a href=\"https:\/\/www.gdapress.it\/it\/index.php\/52914\/arte\/renzo-ferrari-visioni-nomadi-museo-cantonale-darte-lugano.html\" class=\"more-link\">Read more <span class=\"screen-reader-text\">RENZO FERRARI VISIONI NOMADI | Museo Cantonale d&#8217;Arte, Lugano<\/span><\/a><\/p>\n","protected":false},"author":3,"featured_media":0,"comment_status":"closed","ping_status":"open","sticky":false,"template":"","format":"standard","meta":{"footnotes":""},"categories":[4],"tags":[469,3836,16155],"class_list":["post-52914","post","type-post","status-publish","format-standard","hentry","category-arte","tag-lugano","tag-museo-cantonale-darte","tag-renzo-ferrari"],"_links":{"self":[{"href":"https:\/\/www.gdapress.it\/it\/index.php\/wp-json\/wp\/v2\/posts\/52914","targetHints":{"allow":["GET"]}}],"collection":[{"href":"https:\/\/www.gdapress.it\/it\/index.php\/wp-json\/wp\/v2\/posts"}],"about":[{"href":"https:\/\/www.gdapress.it\/it\/index.php\/wp-json\/wp\/v2\/types\/post"}],"author":[{"embeddable":true,"href":"https:\/\/www.gdapress.it\/it\/index.php\/wp-json\/wp\/v2\/users\/3"}],"replies":[{"embeddable":true,"href":"https:\/\/www.gdapress.it\/it\/index.php\/wp-json\/wp\/v2\/comments?post=52914"}],"version-history":[{"count":3,"href":"https:\/\/www.gdapress.it\/it\/index.php\/wp-json\/wp\/v2\/posts\/52914\/revisions"}],"predecessor-version":[{"id":52918,"href":"https:\/\/www.gdapress.it\/it\/index.php\/wp-json\/wp\/v2\/posts\/52914\/revisions\/52918"}],"wp:attachment":[{"href":"https:\/\/www.gdapress.it\/it\/index.php\/wp-json\/wp\/v2\/media?parent=52914"}],"wp:term":[{"taxonomy":"category","embeddable":true,"href":"https:\/\/www.gdapress.it\/it\/index.php\/wp-json\/wp\/v2\/categories?post=52914"},{"taxonomy":"post_tag","embeddable":true,"href":"https:\/\/www.gdapress.it\/it\/index.php\/wp-json\/wp\/v2\/tags?post=52914"}],"curies":[{"name":"wp","href":"https:\/\/api.w.org\/{rel}","templated":true}]}}