
{"id":52757,"date":"2015-06-25T11:35:14","date_gmt":"2015-06-25T09:35:14","guid":{"rendered":"http:\/\/www.gdapress.it\/it\/?p=52757"},"modified":"2015-06-25T11:35:14","modified_gmt":"2015-06-25T09:35:14","slug":"il-laboratorio-della-modernita-storia-e-storie-di-milano-lagare-hotel-milano-centrale","status":"publish","type":"post","link":"https:\/\/www.gdapress.it\/it\/index.php\/52757\/cultura\/il-laboratorio-della-modernita-storia-e-storie-di-milano-lagare-hotel-milano-centrale.html","title":{"rendered":"\u201cIL LABORATORIO DELLA MODERNIT\u00c0. STORIA E STORIE DI MILANO\u201d LAGARE HOTEL MILANO CENTRALE"},"content":{"rendered":"<p><a href=\"http:\/\/www.gdapress.it\/it\/..\/public\/it\/2015\/06\/Esposizione.jpg\"><img loading=\"lazy\" decoding=\"async\" class=\"alignnone size-large wp-image-52758\" src=\"http:\/\/www.gdapress.it\/it\/..\/public\/it\/2015\/06\/Esposizione-261x400.jpg\" alt=\"Fig12\" width=\"261\" height=\"400\" srcset=\"https:\/\/www.gdapress.it\/it\/..\/public\/it\/2015\/06\/Esposizione-261x400.jpg 261w, https:\/\/www.gdapress.it\/it\/..\/public\/it\/2015\/06\/Esposizione-195x300.jpg 195w, https:\/\/www.gdapress.it\/it\/..\/public\/it\/2015\/06\/Esposizione-440x676.jpg 440w, https:\/\/www.gdapress.it\/it\/..\/public\/it\/2015\/06\/Esposizione.jpg 897w\" sizes=\"auto, (max-width: 261px) 100vw, 261px\" \/><\/a><\/p>\n<p>&nbsp;<\/p>\n<p>Si inaugura <strong>gioved\u00ec 25 giugno alle ore 19.00<\/strong> il ciclo di appuntamenti dedicati a Milano e alla sua storia. Le Lectio Magistralis <strong>\u201c<em>Laboratorio della modernit\u00e0. Storia e storie di Milano<\/em>\u201d<\/strong> \u00a0&#8211; \u00a0progetto coordinato dalla \u00a0<strong>Professoressa Irene Piazzoni,<\/strong> docente di Storia della cultura moderna e contemporanea e di Storia della radio e della televisione all\u2019Universit\u00e0 degli Studi di Milano &#8211; \u00a0si terranno presso <strong>LaGare Rooftop via Pirelli 20 Milano<\/strong>, la suggestiva terrazza panoramica al 13\u00b0 piano dell\u2019Hotel LaGare Milano Centrale &#8211; MGallery \u00a0Collection, dove sar\u00e0 possibile scoprire molte curiosit\u00e0 sulla storia della citt\u00e0 e contemporaneamente perdersi con lo sguardo nello skyline milanese.<\/p>\n<p>Il primo incontro <strong>\u201cExpo 1906: verso la citt\u00e0 moderna\u201d <\/strong>si terr\u00e0 <strong>gioved\u00ec 25 giugno alle ore 19.00, a ingresso libero fino a esaurimento posti. Francesca Misiano<\/strong>, Dottore di Ricerca in Storia contemporanea, accompagnata dalla Professoressa Irene Piazzoni, racconter\u00e0 <strong>Milano ai tempi dell\u2019Expo del 1906<\/strong>: le principali innovazioni, le architetture, i trasporti e la sua morfologia durante la prima Esposizione Universale ospitata dalla citt\u00e0. Al centro dell\u2019incontro le aspettative del 1906, le trasformazioni architettoniche, l\u2019eredit\u00e0 lasciata a Milano alla fine della manifestazione: dall\u2019Acquario Civico alle vocazioni espositive e fieristiche, dallo spirito positivo alla nuova immagine di una citt\u00e0 all\u2019avanguardia. A seguire un aperitivo sulla terrazza panoramica dell\u2019Hotel LaGare Milano Centrale, che ospiter\u00e0 tutto il ciclo di incontri.<\/p>\n<p>Per ogni appuntamento delle Lectio Magistralis la Professoressa <strong>Irene Piazzoni<\/strong>, curatrice del progetto, si avveler\u00e0 della presenza di esperti. Filo conduttore di tutti gli incontri sar\u00e0 la citt\u00e0 di Milano e tutte le sue sfumature: dall\u2019arte alla storia, dal costume alle tradizioni, dal passato al presente.<\/p>\n<p><strong>Gioved\u00ec 25 giugno \u2013 \u201cExpo 1906: verso la citt\u00e0 moderna\u201d a cura di Irene Piazzoni e Francesca Misiano <\/strong><\/p>\n<p><strong>ore 19.00 \u2013 Ingresso libero fino ad esaurimento posti <\/strong><\/p>\n<p><strong>LaGare Hotel Milano Centrale &#8211; Via Pirelli 20 \u00a0Milano<\/strong><\/p>\n<p><strong>Per informazioni al pubblico: <\/strong><\/p>\n<p>LaGare Hotel Milano Centrale 02 8725241<\/p>\n<p>&nbsp;<\/p>\n<p><em>MGALLERY<\/em><\/p>\n<p><strong><em>MGallery la collezione di alberghi upscale del gruppo Accor, primo operatore mondiale nel settore alberghiero con 3.500 alberghi in 92 paesi, con pi\u00f9 di 50 hotel nei cinque continenti. Ogni hotel della collezione si distingue per una personalit\u00e0 e una storia uniche che il viaggiatore \u00e8 portato a vivere attraverso l&#8217;architettura, il design e i servizi esclusivi. Ogni hotel si ispira a una delle tre categorie della collezione: \u00a0alcuni &#8220;Heritage&#8221;, evidenziano le loro origini storiche e sono luoghi pieni di storia; \u00a0altri \u00a0riflettono un mondo estetico, uno stile, la &#8220;Signature &#8221; di una personalit\u00e0 che ha contribuito alla loro creazione o la decorazione, e, infine, alcuni promettono un paradiso di relax,&#8221; Serenity &#8220;, al mare, in campagna, in montagna o in citt\u00e0. Gli alberghi della collezione invitano i viaggiatori a sperimentare dei &#8220;memorable moment&#8221;.MGallery e gli alberghi della collezione condividono tre valori fondamentali. La &#8220;singolarit\u00e0&#8221;: ciascun hotel \u00e8 unico, originale e con una propria personalit\u00e0; \u00a0l\u2019&#8221;eleganza&#8221;, un albergo MGallery riflette la distinzione, la raffinatezza e il buon gusto, e, infine, l\u2019 &#8220;attenzione&#8221;, il personale \u00e8 rispettoso, riconosce il cliente e offre \u00a0un servizio personalizzato. <\/em><\/strong><\/p>\n<p><em>Per ulteriori\u00a0 informazioni: www. mgallery.com<\/em><\/p>\n<p><em>\u00a0<\/em><\/p>\n<p><span style=\"text-decoration: underline;\">\u00a0<\/span><\/p>\n","protected":false},"excerpt":{"rendered":"<p>&nbsp; Si inaugura gioved\u00ec 25 giugno alle ore 19.00 il ciclo di appuntamenti dedicati a Milano e alla sua storia. Le Lectio Magistralis \u201cLaboratorio della modernit\u00e0. Storia e storie di Milano\u201d \u00a0&#8211; \u00a0progetto coordinato dalla \u00a0Professoressa Irene Piazzoni, docente di Storia della cultura moderna e contemporanea e di Storia della radio e della televisione all\u2019Universit\u00e0 &hellip; <a href=\"https:\/\/www.gdapress.it\/it\/index.php\/52757\/cultura\/il-laboratorio-della-modernita-storia-e-storie-di-milano-lagare-hotel-milano-centrale.html\" class=\"more-link\">Read more <span class=\"screen-reader-text\">\u201cIL LABORATORIO DELLA MODERNIT\u00c0. STORIA E STORIE DI MILANO\u201d LAGARE HOTEL MILANO CENTRALE<\/span><\/a><\/p>\n","protected":false},"author":3,"featured_media":0,"comment_status":"closed","ping_status":"open","sticky":false,"template":"","format":"standard","meta":{"footnotes":""},"categories":[5],"tags":[16061,14254],"class_list":["post-52757","post","type-post","status-publish","format-standard","hentry","category-cultura","tag-lagare-hotel","tag-milano-centrale"],"_links":{"self":[{"href":"https:\/\/www.gdapress.it\/it\/index.php\/wp-json\/wp\/v2\/posts\/52757","targetHints":{"allow":["GET"]}}],"collection":[{"href":"https:\/\/www.gdapress.it\/it\/index.php\/wp-json\/wp\/v2\/posts"}],"about":[{"href":"https:\/\/www.gdapress.it\/it\/index.php\/wp-json\/wp\/v2\/types\/post"}],"author":[{"embeddable":true,"href":"https:\/\/www.gdapress.it\/it\/index.php\/wp-json\/wp\/v2\/users\/3"}],"replies":[{"embeddable":true,"href":"https:\/\/www.gdapress.it\/it\/index.php\/wp-json\/wp\/v2\/comments?post=52757"}],"version-history":[{"count":1,"href":"https:\/\/www.gdapress.it\/it\/index.php\/wp-json\/wp\/v2\/posts\/52757\/revisions"}],"predecessor-version":[{"id":52759,"href":"https:\/\/www.gdapress.it\/it\/index.php\/wp-json\/wp\/v2\/posts\/52757\/revisions\/52759"}],"wp:attachment":[{"href":"https:\/\/www.gdapress.it\/it\/index.php\/wp-json\/wp\/v2\/media?parent=52757"}],"wp:term":[{"taxonomy":"category","embeddable":true,"href":"https:\/\/www.gdapress.it\/it\/index.php\/wp-json\/wp\/v2\/categories?post=52757"},{"taxonomy":"post_tag","embeddable":true,"href":"https:\/\/www.gdapress.it\/it\/index.php\/wp-json\/wp\/v2\/tags?post=52757"}],"curies":[{"name":"wp","href":"https:\/\/api.w.org\/{rel}","templated":true}]}}