
{"id":52729,"date":"2015-06-25T07:47:59","date_gmt":"2015-06-25T05:47:59","guid":{"rendered":"http:\/\/www.gdapress.it\/it\/?p=52729"},"modified":"2015-06-25T07:47:59","modified_gmt":"2015-06-25T05:47:59","slug":"il-premiolino-2015","status":"publish","type":"post","link":"https:\/\/www.gdapress.it\/it\/index.php\/52729\/cultura\/il-premiolino-2015.html","title":{"rendered":"IL PREMIOLINO 2015"},"content":{"rendered":"<p><em>\u201cAvrei fatto il giornalista anche gratis: meno male che i miei editori non se ne sono mai accorti\u201d<\/em><\/p>\n<p>Enzo Biagi (Fondatore e Presidente de Il Premiolino nel 1960)<\/p>\n<p><em>\u201cOgni persona libera, ogni giornalista libero, deve essere pronto a riconoscere la verit\u00e0 <\/em><\/p>\n<p><em>ovunque essa sia. E se non lo fa \u00e8, (nell&#8217;ordine): un imbecille, un disonesto, un fanatico.\u201d<\/em><\/p>\n<p>Oriana Fallaci (vincitrice de Il Premiolino nel 1961)<\/p>\n<p><em>\u201cIl Premiolino \u00e8 sicuramente un osservatorio privilegiato sull\u2019universo dell\u2019informazione,<\/em><\/p>\n<p><em>tra le sue particolarit\u00e0, fin dalla nascita, quella di saper riconoscere i migliori talenti del giornalismo\u201d<\/em><\/p>\n<p>Chiara Beria di Argentine (Presidente della Giuria e vincitrice de Il Premiolino nel 1979)<\/p>\n<p>Il Premiolino, nato a Milano nel 1960, \u00a0\u00e8 destinato, come recita il regolamento,<em> \u201calle espressioni del giornalismo scritto, radiofonico o televisivo che si siano particolarmente distinte per variet\u00e0 e originalit\u00e0 dei contenuti, per pregi professionali e formali, e soprattutto per la volont\u00e0 di testimoniare la realt\u00e0, impegno primario di ogni giornalista libero, non condizionato da qualsiasi influenza esterna\u201d.<\/em><\/p>\n<p>Nel 1960 un gruppo di giornalisti milanesi ha l\u2019idea di creare un premio a cadenza mensile che dia lustro a un collega messosi in mostra per un\u2019inchiesta coraggiosa, uno scoop da prima pagina, una vignetta pungente, un titolo azzeccato, il tutto in un clima goliardico e conviviale. La premiazione, infatti, vuole anche essere l\u2019occasione per creare un momento di incontro. La cena al ristorante Bagutta diventa il collante ideale. Divenuto negli anni a cadenza annuale, ancora oggi <em>Il Premiolino<\/em> viene assegnato, edizione dopo edizione, a giornalisti della carta stampata, della radio, della televisione e dei new media distintisi per impegno professionale e per aver difeso la libert\u00e0 di stampa da qualsiasi condizionamento. Il compito di selezionare i vincitori spetta a una Giuria che, da sempre, raccoglie nomi di assoluto rilievo del giornalismo italiano. \u00c8 datato 2006 l\u2019incontro fra <em>Il Premiolino<\/em> e Birra Moretti, che diventa il mecenate del Premio \u00a0e che dal\u00a02009 <i>\u00a0assegna\u00a0<\/i>il <em>Premio Birra Moretti per la Diffusione della Cultura Alimentare<\/em>, \u00a0a quel giornalista che si \u00e8 distinto sui temi connessi alla tradizione alimentare del nostro Paese e che si \u00e8 dimostrato capace, attraverso i suoi articoli e i suoi servizi, di stimolare fra i lettori l\u2019amore per la cucina, il piacere del mangiare sano, informato, corretto e, comunque, mai del tutto a caso.<\/p>\n<p>Storico, prestigioso e dunque ambito, Il Premiolino rappresenta un punto fermo assoluto nella storia del giornalismo italiano. Molti i nomi noti e meno noti che lo hanno vinto, tutti accomunati dal gusto della sincerit\u00e0 e dal piacere di informare.<\/p>\n<p>Per il 2015 resa nota la rosa dei vincitori della 55esima edizione de <strong><em>Il Premiolino. Il gusto della sincerit\u00e0<\/em><\/strong>, il premio giornalistico pi\u00f9 antico d\u2019Italia e \u00a0promosso da 10 anni da Birra Moretti.<\/p>\n<ul>\n<li><strong><em>Mattia Feltri <\/em><\/strong><em>\u2013<\/em> Brillante editorialista e inviato de La Stampa, quotidiano di Torino, su cui scrive dal 2005 e di cui \u00e8 stato a capo della redazione romana. Per la medesima testata firma oggi una rubrica molto seguita dal titolo \u2018Paesi e Buoi\u2019. <strong>Vince il Premiolino 2015 per la sezione quotidiani<\/strong>.<\/li>\n<\/ul>\n<p><em>\u00a0<\/em><\/p>\n<ul>\n<li><strong><em>Alessandra Sardoni <\/em><\/strong><em>\u2013 <\/em>Inviata del TG de La7, esperta cronista politica, si \u00e8 distinta per le dirette, in particolare in occasione dell\u2019elezione del Presidente della Repubblica, Sergio Mattarella. Per la stessa rete ha condotto talk show di attualit\u00e0. Dal 2012 fino all\u2019aprile del 2015 \u00e8 stata (prima donna a ricoprire tale carica) presidente dell\u2019Associazione Stampa Parlamentare. <strong>A lei Il Premiolino per la sezione TV<\/strong>.<\/li>\n<\/ul>\n<p><em>\u00a0<\/em><\/p>\n<ul>\n<li><strong><em>Scarp de\u2019 tenis \u2013 Il mensile della strada <\/em><\/strong><em>&#8211;<\/em> Il giornale non profit che, sostenuto dalla Caritas Ambrosiana, tratta temi di disagio e di emarginazione <strong>si aggiudica il riconoscimento per la sezione periodici<\/strong>. Nata nel 1994, la testata \u00e8 ispirata al titolo della celebre canzone di Enzo Jannacci (<em>El purtava i scarp de&#8217; tenis<\/em>). Ritira il premio il direttore della testata, Stefano Lampertico.<\/li>\n<\/ul>\n<p>&nbsp;<\/p>\n<p>&nbsp;<\/p>\n<ul>\n<li><strong><em>La Lettura <\/em><\/strong><em>\u2013<\/em> L\u2019inserto settimanale (esce la domenica) del Corriere della Sera, affermatosi come testata culturale di riferimento nel panorama editoriale, <strong>vince Il Premiolino per la sezione periodici<\/strong>. Ritira il premio <strong>Antonio Troiano<\/strong>, responsabile del supplemento dal 2011 e dal 2007 a capo della Redazione Cultura del Corriere della Sera.<\/li>\n<\/ul>\n<p><strong>\u00a0<\/strong><\/p>\n<ul>\n<li><strong><em>Piera Detassis <\/em><\/strong><em>\u2013 <\/em>Direttore di Ciak, il mensile che racconta con interviste, anteprime, approfondimenti il mondo del cinema. Laureata in Storia e Critica del cinema, \u00e8 autrice di numerosi saggi e volumi, tra cui\u00a0<em>Il cinema di Antonio Pietrangeli<\/em>(<a href=\"http:\/\/it.wikipedia.org\/wiki\/Marsilio_Editori\">Marsilio<\/a>),\u00a0<em>Lamerica<\/em>, scritto con\u00a0<a href=\"http:\/\/it.wikipedia.org\/wiki\/Gianni_Amelio\">Gianni Amelio<\/a> (<a href=\"http:\/\/it.wikipedia.org\/wiki\/Giulio_Einaudi_Editore\">Einaudi<\/a>) e il libro\u00a0<em>Caro diario<\/em> (Centro Studi Eoliano). <strong>A lei Il Premiolino per la sezione periodici.<\/strong><\/li>\n<\/ul>\n<p><strong>\u00a0<\/strong><\/p>\n<ul>\n<li><strong><em>Good Morning Italia <\/em><\/strong><em>\u2013 <\/em>Sotto la guida di Beniamino Pagliaro, una squadra di giornalisti indirizza ogni mattina al suo pubblico di lettori, via e-mail o tramite app, una selezione dei pi\u00f9 importanti fatti del giorno, tratti dai maggiori quotidiani e dai principali siti italiani e stranieri. All\u2019intera redazione va il <strong>Premio per la sezione Web\/New Media.<\/strong><\/li>\n<\/ul>\n<p>&nbsp;<\/p>\n<ul>\n<li><strong><em>Jamie Oliver Magazines and Broadcasting <\/em><\/strong><em>\u2013<\/em> Il <strong>Premio Birra Moretti per la Diffusione della Cultura Alimentare<\/strong> va alla squadra del gruppo editoriale che fa capo a Jamie Oliver, cuoco, anchorman, giornalista e imprenditore inglese noto in tutto il mondo. Riviste, libri, trasmissioni TV, app e canali digitali. Ma anche campagne sociali rivolte soprattutto ai giovani: da quasi 20 anni il gruppo promuove in oltre 200 Paesi una corretta f<em>ood <\/em> Un impegno a 360\u00b0 teso a trasformare (in meglio) le abitudini alimentari di questo terzo millennio.Come da tradizione, la Giuria,Giulio Anselmi, Natalia Aspesi, Chiara Beria di Argentine (Presidente), Piero Colaprico (Vicepresidente), Francesco Conforti, Ferruccio de Bortoli, Milena Gabanelli, Giancarlo Galli, Enrico Gramigna, Enrico Mentana, Morando Morandini, Alfredo Pratolongo, Donata Righetti, Valeria Sacchi, Beppe Severgnini e Gian Antonio Stella. render\u00e0 note le motivazioni dei premi nel corso della serata di premiazione in programma il prossimo <strong>29 giugno a Milano, presso la Sala Alessi di Palazzo Marino<\/strong>.\n<p><strong>A curare la cena dell\u2019evento un giovane, ma gi\u00e0 molto noto, chef:<\/strong> il vincitore del Premio Birra Moretti Grand Cru 2014, <strong>Davide Del Duca<\/strong> (dell\u2019Osteria Fernanda di Roma), giudicato il miglior chef under 35 da una Giuria di 17 stelle Michelin.<\/p>\n<p>Per avere maggiori informazioni su Il Premiolino, per conoscere l\u2019Albo d\u2019Oro di premiati, per visionare la foto-storia delle edizioni precedenti \u00e8 possibile visitare il sito www.ilpremiolino.it<\/li>\n<\/ul>\n","protected":false},"excerpt":{"rendered":"<p>\u201cAvrei fatto il giornalista anche gratis: meno male che i miei editori non se ne sono mai accorti\u201d Enzo Biagi (Fondatore e Presidente de Il Premiolino nel 1960) \u201cOgni persona libera, ogni giornalista libero, deve essere pronto a riconoscere la verit\u00e0 ovunque essa sia. E se non lo fa \u00e8, (nell&#8217;ordine): un imbecille, un disonesto, &hellip; <a href=\"https:\/\/www.gdapress.it\/it\/index.php\/52729\/cultura\/il-premiolino-2015.html\" class=\"more-link\">Read more <span class=\"screen-reader-text\">IL PREMIOLINO 2015<\/span><\/a><\/p>\n","protected":false},"author":3,"featured_media":0,"comment_status":"closed","ping_status":"open","sticky":false,"template":"","format":"standard","meta":{"footnotes":""},"categories":[5],"tags":[7521,16087],"class_list":["post-52729","post","type-post","status-publish","format-standard","hentry","category-cultura","tag-birra-moretti","tag-il-premiolino-2015"],"_links":{"self":[{"href":"https:\/\/www.gdapress.it\/it\/index.php\/wp-json\/wp\/v2\/posts\/52729","targetHints":{"allow":["GET"]}}],"collection":[{"href":"https:\/\/www.gdapress.it\/it\/index.php\/wp-json\/wp\/v2\/posts"}],"about":[{"href":"https:\/\/www.gdapress.it\/it\/index.php\/wp-json\/wp\/v2\/types\/post"}],"author":[{"embeddable":true,"href":"https:\/\/www.gdapress.it\/it\/index.php\/wp-json\/wp\/v2\/users\/3"}],"replies":[{"embeddable":true,"href":"https:\/\/www.gdapress.it\/it\/index.php\/wp-json\/wp\/v2\/comments?post=52729"}],"version-history":[{"count":1,"href":"https:\/\/www.gdapress.it\/it\/index.php\/wp-json\/wp\/v2\/posts\/52729\/revisions"}],"predecessor-version":[{"id":52730,"href":"https:\/\/www.gdapress.it\/it\/index.php\/wp-json\/wp\/v2\/posts\/52729\/revisions\/52730"}],"wp:attachment":[{"href":"https:\/\/www.gdapress.it\/it\/index.php\/wp-json\/wp\/v2\/media?parent=52729"}],"wp:term":[{"taxonomy":"category","embeddable":true,"href":"https:\/\/www.gdapress.it\/it\/index.php\/wp-json\/wp\/v2\/categories?post=52729"},{"taxonomy":"post_tag","embeddable":true,"href":"https:\/\/www.gdapress.it\/it\/index.php\/wp-json\/wp\/v2\/tags?post=52729"}],"curies":[{"name":"wp","href":"https:\/\/api.w.org\/{rel}","templated":true}]}}