
{"id":52708,"date":"2015-06-24T07:46:49","date_gmt":"2015-06-24T05:46:49","guid":{"rendered":"http:\/\/www.gdapress.it\/it\/?p=52708"},"modified":"2015-06-24T07:46:49","modified_gmt":"2015-06-24T05:46:49","slug":"museo-bagatti-valsecchi-rinascimento-il-trittico-di-antonello-da-messina-ricomposto","status":"publish","type":"post","link":"https:\/\/www.gdapress.it\/it\/index.php\/52708\/arte\/museo-bagatti-valsecchi-rinascimento-il-trittico-di-antonello-da-messina-ricomposto.html","title":{"rendered":"MUSEO BAGATTI VALSECCHI RINASCIMENTO: IL TRITTICO DI ANTONELLO DA MESSINA RICOMPOSTO"},"content":{"rendered":"<p style=\"text-align: left;\"><em>Rinascimento:\u00a0<\/em><em>il trittico di Antonello da Messina ricomposto<\/em><\/p>\n<p style=\"text-align: left;\">A cura di Antonio Natali e Tommaso Mozzati<\/p>\n<p style=\"text-align: left;\">Museo Bagatti Valsecchi, Milano<\/p>\n<p style=\"text-align: left;\">25 giugno 2015 \u2013 18 ottobre 2015<\/p>\n<p style=\"text-align: left;\">Una \u201cfigura\u201d del primo Rinascimento italiano, allo stesso tempo essenziale ed eccellente: questo sar\u00e0 <strong>Rinascimento: il trittico di Antonello da Messina ricomposto.<\/strong> L\u2019iniziativa rientra nella programmazione culturale voluta dal presidente di Regione Lombardia Roberto Maroni e affidata all\u2019ambasciatore delle Belle Arti per Expo 2015 <strong>Vittorio Sgarbi<\/strong>, supportati da Gi Group. Alla mostra, che inaugura al <strong>Museo Bagatti Valsecchi<\/strong> il 25 giugno, converge un nucleo sceltissimo di capolavori. <strong>Antonio Natali<\/strong> e <strong>Tommaso Mozzati<\/strong>, curatori dell\u2019esposizione, richiamano nella casa museo di via Ges\u00f9 quattro grandi artisti \u2013 Antonello da Messina, Piero della Francesca, Vincenzo Foppa, Perugino &#8211; in un percorso che attraversa l\u2019Italia e la celebra in maniera straordinaria in occasione di Expo.<\/p>\n<p>Punto di partenza \u00e8 l\u2019operazione virtuosa concordata tra la Regione Lombardia e la Galleria degli Uffizi che, tramite la concessione del <em>San Benedetto<\/em> di propriet\u00e0 regionale ricomporr\u00e0 presso la galleria fiorentina l\u2019importante trittico di <strong>Antonello da Messina<\/strong> esposto per l\u2019occasione al Museo Bagatti Valsecchi. Gli si affianca in mostra la preziosa <em>Madonna col Bambino e un angelo<\/em> di <strong>Vincenzo Foppa<\/strong>, proveniente dagli Uffizi opera che a mostra conclusa rimarr\u00e0 esibita per i prossimi quindici anni a Milano, presso la Pinacoteca del Castello.<\/p>\n<p>\u00ecIl percorso si inaugura con <strong>Piero della Francesca<\/strong>, pittore d\u2019indiscussa eco nazionale e premessa indispensabile ai percorsi figurativi di Antonello da Messina e Vincenzo Foppa; esemplificano la coppia di tavolette raffiguranti l\u2019<em>Annunciata<\/em> e l\u2019<em>Angelo annunciante<\/em> provenienti dal Polittico della Misericordia del Museo Civico di Sansepolcro. Un prestito importante capace di rappresentare sinteticamente i raggiungimenti formali della maniera dell\u2019artista: la grande rivoluzione pierfrancescana \u2013 nel senso della definizione spaziale e volumetrica, ottenuta col ricorso a un luminismo sapiente oltre che a un altrettanto perspicace impaginato geometrico \u2013 introdurr\u00e0 dunque alle tavole di Antonello e Foppa, in cui questi stessi princip\u00ee sono applicati con consapevole virtuosismo.<\/p>\n<p>Chiude il serrato percorso espositivo una testimonianza dal catalogo del <strong>Perugino<\/strong> sugli anni Novanta del XV secolo, il <em>Cristo in Piet\u00e0<\/em> della Galleria Nazionale dell\u2019Umbria, cimasa della <em>Pala dei Decemviri<\/em>. L\u2019opera ribadisce l\u2019autorevolezza dell\u2019artista, in grado di travalicare i confini umbri e toscani della propria operosit\u00e0, divenendo un simbolo assoluto della stagione compiuta del nostro Quattrocento.<\/p>\n<p>\u201cSi \u00e8 scelto di convocare al Museo Bagatti Valsecchi una selezione esemplare di tavole che consentissero, a fianco del trittico di Antonello da Messina e della Madonna col Bambino di Vincenzo Foppa, di offrire un&#8217;immagine eletta del nostro Rinascimento. Le opere esposte coprono l&#8217;arco intero del secondo Quattrocento, con l&#8217;occhio rivolto a tutta la geografia della penisola, dal Sud al Nord passando per il Centro. Una mostra che si inserisce dunque perfettamente nelle intenzioni dell&#8217;Expo2015, presentando in immagini le ragioni dell&#8217;eccellenza di una fra le stagioni pi\u00f9 luminose della pittura italiana\u201d cos\u00ec sintetizzano Antonio Natali e Tommaso Mozzati, curatori della mostra.<\/p>\n<p>\u201cIl Museo Bagatti Valsecchi \u00e8 lieto di rinsaldare ancora una volta il sodalizio che lo lega a Regione Lombardia, creando un\u2019occasione di approfondimento e riflessione culturale per la citt\u00e0 di Milano\u201d cos\u00ec commenta Pier Fausto Bagatti Valsecchi, presidente della Fondazione omonima. \u201cAccogliere all\u2019interno della casa museo una simile scelta di capolavori quattrocenteschi \u00e8 un\u2019occasione straordinaria per la nostra istituzione, ed \u00e8 ancor pi\u00f9 preziosa perch\u00e9 le opere esposte dialogano in modo serrato\u00a0con il capolavoro della raccolta Bagatti Valsecchi, la bellissima Santa Giustina di Giovanni Bellini che\u00a0per cultura ed epoca completa e\u00a0si affratella ai dipinti in mostra\u201d.<\/p>\n<p>Grazie al contributo progettuale dello studio <strong>Lissoni Associati<\/strong>, per l\u2019occasione verr\u00e0 allestita una nuova sala al piano nobile del Palazzo; lo spazio, versatile e multifunzionale, avr\u00e0 valenza espositiva o, all\u2019occorrenza, di sala riunioni. L\u2019esposizione si avvale inoltre della sponsorizzazione tecnica di <strong>FLOS<\/strong>.<\/p>\n<p>La mostra sar\u00e0 accompagnata da un catalogo edito da Skira, a cura di Antonio Natali e Tommaso Mozzati, con testi di Andrea Baldinotti, Carlo Cairati, Daniela Parenti, Francesco Piagnani e Vittorio Sgarbi.<\/p>\n<p>INFORMAZIONI<\/p>\n<p><strong>Rinascimento: il trittico di Antonello da Messina ricomposto<\/strong><\/p>\n<p>25 giugno \u2013 18 ottobre 2015<\/p>\n<p>Museo Bagatti Valsecchi, Milano<\/p>\n<p>Museo Bagatti Valsecchi<\/p>\n<p>Via Ges\u00f9 5 &#8211; 20121 Milano<\/p>\n<ol>\n<li>02 76006132<\/li>\n<\/ol>\n<p><span style=\"text-decoration: underline;\">info@museobagattivalsecchi.org<\/span><\/p>\n<p><span style=\"text-decoration: underline;\">www.museobagattivalsecchi.org<\/span><\/p>\n<p>&nbsp;<\/p>\n<p>Orari mostra e museo:<\/p>\n<p>Luned\u00ec chiuso<\/p>\n<p>Marted\u00ec \u2013 domenica 13:00 &#8211; 17.45<\/p>\n<p>Gioved\u00ec 13:00 \u2013 21.00<\/p>\n<p>Ultimo accesso 30 minuti prima della chiusura.<\/p>\n<p>Giorni di chiusura: tutti i luned\u00ec, 15 agosto, 1 novembre<\/p>\n<p>TARIFFE MUSEO<\/p>\n<ul>\n<li>biglietto intero \u20ac 9,00<\/li>\n<li>biglietto ridotto \u20ac 6,00<\/li>\n<li>biglietto gratuito<\/li>\n<\/ul>\n","protected":false},"excerpt":{"rendered":"<p>Rinascimento:\u00a0il trittico di Antonello da Messina ricomposto A cura di Antonio Natali e Tommaso Mozzati Museo Bagatti Valsecchi, Milano 25 giugno 2015 \u2013 18 ottobre 2015 Una \u201cfigura\u201d del primo Rinascimento italiano, allo stesso tempo essenziale ed eccellente: questo sar\u00e0 Rinascimento: il trittico di Antonello da Messina ricomposto. L\u2019iniziativa rientra nella programmazione culturale voluta dal &hellip; <a href=\"https:\/\/www.gdapress.it\/it\/index.php\/52708\/arte\/museo-bagatti-valsecchi-rinascimento-il-trittico-di-antonello-da-messina-ricomposto.html\" class=\"more-link\">Read more <span class=\"screen-reader-text\">MUSEO BAGATTI VALSECCHI RINASCIMENTO: IL TRITTICO DI ANTONELLO DA MESSINA RICOMPOSTO<\/span><\/a><\/p>\n","protected":false},"author":3,"featured_media":0,"comment_status":"closed","ping_status":"open","sticky":false,"template":"","format":"standard","meta":{"footnotes":""},"categories":[4],"tags":[11544,8280,2049,16081],"class_list":["post-52708","post","type-post","status-publish","format-standard","hentry","category-arte","tag-antonello-da-messina","tag-museo-bagatti-valsecchi","tag-rinascimento","tag-trittico"],"_links":{"self":[{"href":"https:\/\/www.gdapress.it\/it\/index.php\/wp-json\/wp\/v2\/posts\/52708","targetHints":{"allow":["GET"]}}],"collection":[{"href":"https:\/\/www.gdapress.it\/it\/index.php\/wp-json\/wp\/v2\/posts"}],"about":[{"href":"https:\/\/www.gdapress.it\/it\/index.php\/wp-json\/wp\/v2\/types\/post"}],"author":[{"embeddable":true,"href":"https:\/\/www.gdapress.it\/it\/index.php\/wp-json\/wp\/v2\/users\/3"}],"replies":[{"embeddable":true,"href":"https:\/\/www.gdapress.it\/it\/index.php\/wp-json\/wp\/v2\/comments?post=52708"}],"version-history":[{"count":1,"href":"https:\/\/www.gdapress.it\/it\/index.php\/wp-json\/wp\/v2\/posts\/52708\/revisions"}],"predecessor-version":[{"id":52709,"href":"https:\/\/www.gdapress.it\/it\/index.php\/wp-json\/wp\/v2\/posts\/52708\/revisions\/52709"}],"wp:attachment":[{"href":"https:\/\/www.gdapress.it\/it\/index.php\/wp-json\/wp\/v2\/media?parent=52708"}],"wp:term":[{"taxonomy":"category","embeddable":true,"href":"https:\/\/www.gdapress.it\/it\/index.php\/wp-json\/wp\/v2\/categories?post=52708"},{"taxonomy":"post_tag","embeddable":true,"href":"https:\/\/www.gdapress.it\/it\/index.php\/wp-json\/wp\/v2\/tags?post=52708"}],"curies":[{"name":"wp","href":"https:\/\/api.w.org\/{rel}","templated":true}]}}