
{"id":52528,"date":"2015-06-05T10:25:42","date_gmt":"2015-06-05T08:25:42","guid":{"rendered":"http:\/\/www.gdapress.it\/it\/?p=52528"},"modified":"2015-06-15T10:42:49","modified_gmt":"2015-06-15T08:42:49","slug":"biblioteca-nazionale-braidense-il-giardino-e-aperto","status":"publish","type":"post","link":"https:\/\/www.gdapress.it\/it\/index.php\/52528\/arte\/biblioteca-nazionale-braidense-il-giardino-e-aperto.html","title":{"rendered":"BIBLIOTECA NAZIONALE BRAIDENSE IL GIARDINO E&#8217; APERTO"},"content":{"rendered":"<p><strong>BIBLIOTECA NAZIONALE BRAIDENSE<\/strong><\/p>\n<p><strong>sala Maria Teresa <\/strong><\/p>\n<p>Via Brera 28 &#8211; Milano<\/p>\n<p><strong>Il giardino \u00e8 aperto<\/strong><\/p>\n<p><strong>mostra bibliografica sulla storia dei giardini dal &#8216;400 ad oggi <\/strong><\/p>\n<p><strong>e presentazione del libro d\u2019artista di Alessandra Angelini con testi di Paolo Cottini<\/strong><\/p>\n<p><strong>5 &#8211; 27 giugno 2015<\/strong><\/p>\n<p><em>inaugurazione <\/em>mostra di libri sui giardini pubblicati dal \u2018400 ad oggi<\/p>\n<p><em>presentazione <\/em>libro d\u2019artista di Alessandra Angelini con testi di Paolo Cottini<\/p>\n<p>ideata e realizzata dalla <strong>Biblioteca Nazionale Braidense<\/strong><\/p>\n<p>in collaborazione con <strong>l\u2019Associazione Cento Amici del Libro<\/strong><\/p>\n<p>La mostra \u00e8 patrocinata da \u201c<strong>Le Universit\u00e0 per Expo 2015 \u2013 Comitato scientifico del comune di Milano<\/strong>\u201d<\/p>\n<p>&nbsp;<\/p>\n<p><span style=\"text-decoration: underline;\">intervengono<\/span><\/p>\n<p>Laura Tirelli, <em>Presidente Cento Amici del Libro<\/em><\/p>\n<p>Mariella Goffredo, <em>Biblioteca Nazionale Braidense<\/em><\/p>\n<p>Paolo Cottini, <em>storico dei giardini<\/em><\/p>\n<p>Alessandra Angelini<em>, artista<\/em><\/p>\n<p>Francesca Porreca, <em>storica dell\u2019arte e conservatrice ai Musei Civici di Pavia<\/em><\/p>\n<p>&nbsp;<\/p>\n<p>&nbsp;<\/p>\n<p>Nell\u2019ambito delle manifestazioni di Expo 2015, la Biblioteca Nazionale Braidense con l\u2019Associazione i Cento Amici del Libro, propongono la mostra sulla <strong>storia dei giardini in Europa<\/strong>, dal &#8216;400 ad oggi. L\u2019idea di offrire ai visitatori di EXPO questa manifestazione \u00e8 stata data dal libro d\u2019artista di <strong>Alessandra Angelini<\/strong> <strong>\u201cIl giardino \u00e8 aperto\u201d<\/strong> che verr\u00e0 presentato al pubblico all\u2019inaugurazione dell\u2019esposizione.<\/p>\n<p><em>Nutrire il pianeta, energia per la vita<\/em> infatti non significa solo alimentare la Terra, ma\u00a0 nutrirla di bellezza e armonia, equilibrio che l\u2019uomo ha tentato di raggiungere nei secoli persino attraverso l\u2019antica arte dei giardini, intesa anche come architettura del paesaggio.<\/p>\n<p>&nbsp;<\/p>\n<p>Attingendo al ricco patrimonio bibliografico della Braidense, in particolare alla sezione di botanica del medico, naturalista e poeta svizzero Albrecht von Haller (1708-1777), vengono esposte un\u00a0 centinaio di opere. Di particolare rilievo si segnalano: la traduzione del Dioscoride del medico e naturalista trentino, Pietro Andrea Mattioli (1500-1577), edita nel 1554, e la probabile edizione del 1713 dell\u2019opera <em>N\u00fcrnbergische Hesperides<\/em>, di Johann Christoph Volkamer (1644 &#8211; 1720), scrittore ed esperto di botanica. Oltre ad esse trovano posto nella mostra altri libri di eguale importanza: il volume <em>Ville di delizia o siano palaggi camparecci nello Stato di Milano<\/em> dell\u2019incisore Marc\u2019Antonio Dal Re, i due volumi del romantico <em>Herbarium <\/em>Portatile del 1821 e la recente collana <em>L\u2019Ornitorinco<\/em> dell\u2019editore Rizzoli, curata da Ippolito Pizzetti.<\/p>\n<p>&nbsp;<\/p>\n<p>Il <strong>libro d\u2019artista<\/strong> \u201cIl giardino \u00e8 aperto\u201d, nato <strong>dall\u2019incontro tra l\u2019artista <\/strong>Alessandra Angelini con lo scrittore e <strong>storico dei giardini<\/strong> Paolo Cottini, racconta, attraverso la perfetta unione delle originali opere grafiche e dei testi inediti, il <strong>giardino di Vico Morcote<\/strong> nel Canton Ticino, che <strong>Sir Peter Smithers<\/strong> progett\u00f2, costru\u00ec e cur\u00f2 negli ultimi vent&#8217;anni della sua lunga e vivace esistenza.<\/p>\n<p>&nbsp;<\/p>\n<p>Alessandra Angelini, a seguito di un\u2019attenta analisi dei testi di Cottini &#8211; che ha avuto l&#8217;occasione di frequentare Sir Peter Smithers &#8211; e di numerose visite al giardino di Morcote in diversi periodi dell\u2019anno, ha realizzato una serie di opere grafiche, disegni preparatori a inchiostro di china, fotografie ed elaborazioni al computer rappresentative delle fasi preparatorie ed esecutive, esplicative del percorso creativo del libro, esposti in mostra accanto al libro d\u2019artista.<\/p>\n<p>&nbsp;<\/p>\n<p>Per la creazione delle opere contenute nel libro <strong>\u201cIl giardino \u00e8 aperto\u201d<\/strong> l\u2019artista ha scelto l\u2019incisione di matrici polimeriche e le xilografie a secco: tecniche e linguaggi grafici capaci di esprimere il personaggio di Sir Smithers e il suo stretto legame con <em>il giardino<\/em>, inteso come luogo naturale e metafora della vita, che Angelini ha saputo sapientemente interpretare attraverso il suo operato.<\/p>\n<p><strong>L&#8217;incisione di matrici polimeriche<\/strong> grazie ai suoi aspetti tecnologici e al contempo profondamente creativi ha permesso di trasformare in segno grafico le fotografie e i disegni realizzati <em>en plain air<\/em> talvolta unendo immagine fotografica e disegno in un processo di ibridazione delle modalit\u00e0 espressive, estremamente coinvolgente.<\/p>\n<p><strong>Le xilografie a secco<\/strong>, pensate come memoria della matericit\u00e0 della natura, accompagnano tutte le pagine del libro, dando ritmo alle immagini e agli scritti. Il colore, bianco e verde delle pagine e dei testi, si illumina di passaggi talvolta lievemente iridescenti, che Alessandra Angelini percepisce come <em>\u201cin sospensione tra l&#8217;immaginario e il reale, come simbolo delle trasformazioni che avvengono in natura, dalla nascita di un germoglio alla sua fine; un percorso che non si limita alla vita del fiore o della pianta ma allude al viaggio dell&#8217;uomo sulla terra\u201d<\/em>.<\/p>\n<p>&nbsp;<\/p>\n<p>La scelta del formato del libro, stampato al torchio da Daniela Lorenzi \u2013 A14 e legato a mano da CBdA di Cristina Balbiano d&#8217;Aramengo, corrisponde al <em>rapporto aureo <\/em>tra i lati ed \u00e8 un omaggio alla lezione etica ed estetica che Sir Smithers ha trasmesso: Armonia e Bellezza, come le piante e i fiori, sono in grado di trasformare la quotidianit\u00e0 nel <em>giardino aperto <\/em>dei nostri sogni.<\/p>\n<p>&nbsp;<\/p>\n<p>Nel periodo della sua piena fioritura, fine maggio-giugno 2015, \u00e8 prevista una visita per il pubblico al \u201cGiardino Smithers\u201d di Vico Morcote nel Canton Ticino. Inoltre sono in via di definizione altre esposizioni del progetto in prestigiose sedi in Italia e all&#8217;estero.<\/p>\n<p>&nbsp;<\/p>\n<p>Parallelamente al libro d\u2019artista \u00e8 stata editata una plaquette bilingue italiano\/inglese con testi di Alessandra Angelini, Francesca Porreca, Laura Tirelli, Patrizia Caccia, Cecilia Angeletti e il testo di Paolo Cottini con la traduzione inglese di Amelia Smithers, figlia del fondatore del giardino di Vico Morcote.<\/p>\n<p>&nbsp;<\/p>\n<p>&nbsp;<\/p>\n<p><strong><span style=\"text-decoration: underline;\">Cenni biografici di Alessandra Angelini<\/span><\/strong><\/p>\n<p>Alessandra Angelini nasce a Parma nel 1953. Condotti gli studi classici, si diploma in Pittura presso l\u2019Accademia di Belle Arti di Brera. Da qui inizia il suo percorso artistico, dettato da un\u2019estrema curiosit\u00e0 che la conduce verso la sperimentazione di tecniche e materiali, con una ricerca costante rivolta ai valori della luminosit\u00e0 cromatica, espressa attraverso l\u2019uso dei pigmenti preparati personalmente, con lo stesso procedimento utilizzato per gli antichi dipinti su tavola.<\/p>\n<p>Il percorso formale intrapreso \u00e8 sempre collegato all\u2019espressione dell\u2019interiorit\u00e0, intesa come tessuto primo sul quale si costruisce il pensiero critico nei confronti del reale.<\/p>\n<p>L\u2019artista si dedica a diversi linguaggi espressivi: pittura, incisione, grafica, scultura, fotografia. Di ognuno approfondisce lo studio della tecnica e le possibili associazioni, creando contaminazioni tra procedimenti e opere ibride.<\/p>\n<p>Ha esposto in numerose mostre personali e collettive in Italia e nel mondo in quattro continenti, le sue opere sono presenti nelle collezioni di importanti musei nazionali e internazionali.<\/p>\n<p>Dal 2005 \u00e8 titolare della cattedra di Grafica e Tecniche dell\u2019Incisione all\u2019Accademia di Belle Arti di Brera a Milano. Fa parte di Visarte societ\u00e0 delle Arti Visive Svizzera.<\/p>\n<p>Attualmente vive e lavora tra Milano e Pavia. <a href=\"http:\/\/www.alessandraangelini.org\/\">www.alessandraangelini.org<\/a><\/p>\n<p>&nbsp;<\/p>\n<p><strong><span style=\"text-decoration: underline;\">Cenni biografici di Paolo Cottini<\/span><\/strong><\/p>\n<p>Paolo Cottini \u00e8 collaboratore fisso di riviste di giardinaggio, in particolare di <em>Giardini<\/em>, con testi e servizi fotografici dedicati a piante e giardini storici. In questo ambito di studio ha scritto i volumi <em>Il Parco delle Ville Ponti<\/em> (1989) e <em>Il Parco Mylius-Vigoni<\/em> (1991). Nel 1994 ha pubblicato<em> Giardini di Lombardia. Dalle origini all\u2019et\u00e0 barocca<\/em>, mentre del 1997 \u00e8 <em>Giardini del territorio varesino: la provincia<\/em>. Nel 2000 ha pubblicato <em>Villa Carlotta, il giardino e il museo<\/em> e nel 2005 <em>I Giardini della Citt\u00e0-giardino \u2013 A passeggio nel verde di Varese<\/em>. Fra i suoi lavori pi\u00f9 recenti figurano: <em>La famiglia Bagatti Valsecchi e la villa di Cardano<\/em>, ed. Bellavite, Missaglia, 2010 e <em>Patrimonio botanico<\/em>, in: Ornella Selvafolta, <em>I Giardini di Villa Melzi d\u2019Eril a Bellagio<\/em>, Cisalpino, Milano, 2012. Di notevole importanza sono gli ampi saggi su <em>Giardini e ville nel paesaggio comasco<\/em> (in: <em>Storia di Como<\/em>, vol. V, tomo II, ed. Storia di Como, 2004) e <em>Arte topiaria. Le origini: rilettura delle fonti e ipotesi interpretative <\/em>(in: <em>Topiaria<\/em>, ed. Fondazione Benetton-Canova, 2005). In \u00e9quipe con altri professionisti ha collaborato alla realizzazione di censimenti e progetti di restauro di numerosi parchi o giardini storici. Ha partecipato, anche in veste di relatore, a convegni nazionali e regionali sulle problematiche relative al governo e al restauro del giardino storico. Ha coordinato i convegni internazionali \u2018Arte topiaria. Architetture e sculture vegetali\u2019 (Grezzana, 2000), \u2018L\u2019Himalaya in Insubria\u2019 (Bellagio, 2001), \u2018La figura di Linneo e la sua eredit\u00e0. A 300 anni dalla nascita: 1707-2007\u2019, Anacapri, 2006).<\/p>\n<p><strong><span style=\"text-decoration: underline;\">\u00a0<\/span><\/strong><\/p>\n<p><strong><span style=\"text-decoration: underline;\">Cento Amici del Libro<\/span><\/strong><\/p>\n<p>L&#8217;Associazione Cento Amici del Libro \u00e8 un sodalizio di amanti del bel libro il cui scopo \u00e8 quello di realizzare ogni anno un libro d&#8217;artista di alta qualit\u00e0 sia sotto l&#8217;aspetto della stampa\u00a0 che grafico.<\/p>\n<p>L&#8217;associazione \u00e8 nata a Firenze nel 1939 dall&#8217;idea di tre amatori del bel libro, Ugo Ojetti, Tammaro De Marinis, Gilberta Serlupi Crescenzi il cui intento era di risollevare la qualit\u00e0 della stampa del libro italiano, assai decaduta, dopo lo splendore raggiunto in secoli passati. Il primo volume pubblicato in 120 esemplari sotto la guida di questo grande tipografo fu \u201cL&#8217;Aminta\u201d del Tasso con sette acqueforti di Francesco Chiappelli.<\/p>\n<p>Tutte le edizioni comprendono testi di noti scrittori e poeti, molti dei quali sono inediti come le poesie di Mario Luzi, Eugenio De Signoribus,\u00a0 Andrea Zanzotto, Maria Luisa Spaziani, tutti con l&#8217;apporto grafico di famosi artisti\u00a0 italiani e stranieri, da Pietro Annigoni, Fausto Melotti, Renato Guttuso a Mimmo Paladino, Valter Valentini, Emilio Isgr\u00f2, G\u00e9rard Titus Carmel, Tulio Pericoli, Joe Tilson, Gao Xingjian.<\/p>\n<p>Nel 2015 i Cento Amici del Libro pubblicano il loro 50\u00b0 volume. <a href=\"http:\/\/www.centoamicidellibro.com\/\">www.centoamicidellibro.com<\/a><\/p>\n<p>&nbsp;<\/p>\n<p><strong><span style=\"text-decoration: underline;\">Scheda del Libro d&#8217;artista\u00a0 <\/span><\/strong><\/p>\n<p><strong>Titolo <\/strong>IL GIARDINO E&#8217; APERTO<\/p>\n<p><strong>Progetto grafico<\/strong><em> di Alessandra Angelini<\/em><\/p>\n<p><strong>Testo<\/strong><em> di Paolo Cottini<\/em><\/p>\n<p><strong>Incisioni<\/strong><em> di Alessandra Angelini<\/em><\/p>\n<p><strong>Libro a cura<\/strong><em> di Alessandra Angelini<\/em><\/p>\n<p><strong>Stampa a cura<\/strong> <em>di Daniela Lorenzi \u2013 A14 \u2013 Milano<\/em><\/p>\n<p><strong>Realizzazione legature e custodie<\/strong> <em>di Cristina Balbiano d&#8217;Aramengo \u2013 CBdA \u2013 Milano<\/em><\/p>\n<p><strong>Tipografia a caratteri mobili <\/strong><em>Rodolfo Campi<\/em><\/p>\n<p>&nbsp;<\/p>\n<p><strong><span style=\"text-decoration: underline;\">Coordinate mostra <\/span><\/strong><\/p>\n<p><strong>Titolo<\/strong>\u00a0 IL GIARDINO E&#8217; APERTO\u00a0\u00a0\u00a0\u00a0 <strong>\u00a0\u00a0\u00a0\u00a0\u00a0\u00a0\u00a0\u00a0\u00a0\u00a0\u00a0\u00a0\u00a0\u00a0\u00a0\u00a0\u00a0\u00a0\u00a0\u00a0\u00a0\u00a0\u00a0 <\/strong><\/p>\n<p><strong>Sede Biblioteca Nazionale Braidense <\/strong>&#8211; sala Maria Teresa\u00a0 &#8211; Via Brera 28 &#8211; Milano<\/p>\n<p><strong>Inaugurazione mostra e presentazione libro d\u2019artista <\/strong>gioved\u00ec 4 giugno, ore 18<\/p>\n<p><strong>Date <\/strong>5 &#8211; 27 giugno 2015<\/p>\n<p><strong>Orari <\/strong>luned\u00ec-sabato ore 9.30-13.30 | Domenica chiuso<\/p>\n<p>Aperture fuori orario su prenotazione tel. +39 02 86460907 int 536 &#8211; b-brai@beniculturali.it<\/p>\n<p><strong>Ingresso <\/strong>libero<\/p>\n<p><strong><span style=\"text-decoration: underline;\">Info pubblico<\/span><\/strong> Biblioteca Nazionale Braidense tel. +39 02 86460907 &#8211; b-brai@beniculturali.it<\/p>\n<p>Cento Amici del Libro tel. +39 02 72002220 &#8211; posta@centoamicidellibro.it<\/p>\n","protected":false},"excerpt":{"rendered":"<p>BIBLIOTECA NAZIONALE BRAIDENSE sala Maria Teresa Via Brera 28 &#8211; Milano Il giardino \u00e8 aperto mostra bibliografica sulla storia dei giardini dal &#8216;400 ad oggi e presentazione del libro d\u2019artista di Alessandra Angelini con testi di Paolo Cottini 5 &#8211; 27 giugno 2015 inaugurazione mostra di libri sui giardini pubblicati dal \u2018400 ad oggi presentazione &hellip; <a href=\"https:\/\/www.gdapress.it\/it\/index.php\/52528\/arte\/biblioteca-nazionale-braidense-il-giardino-e-aperto.html\" class=\"more-link\">Read more <span class=\"screen-reader-text\">BIBLIOTECA NAZIONALE BRAIDENSE IL GIARDINO E&#8217; APERTO<\/span><\/a><\/p>\n","protected":false},"author":3,"featured_media":0,"comment_status":"closed","ping_status":"open","sticky":false,"template":"","format":"standard","meta":{"footnotes":""},"categories":[4],"tags":[16017,16016,3882,358],"class_list":["post-52528","post","type-post","status-publish","format-standard","hentry","category-arte","tag-angelini","tag-biblioteca-nazionale-braidense","tag-giardino","tag-libro"],"_links":{"self":[{"href":"https:\/\/www.gdapress.it\/it\/index.php\/wp-json\/wp\/v2\/posts\/52528","targetHints":{"allow":["GET"]}}],"collection":[{"href":"https:\/\/www.gdapress.it\/it\/index.php\/wp-json\/wp\/v2\/posts"}],"about":[{"href":"https:\/\/www.gdapress.it\/it\/index.php\/wp-json\/wp\/v2\/types\/post"}],"author":[{"embeddable":true,"href":"https:\/\/www.gdapress.it\/it\/index.php\/wp-json\/wp\/v2\/users\/3"}],"replies":[{"embeddable":true,"href":"https:\/\/www.gdapress.it\/it\/index.php\/wp-json\/wp\/v2\/comments?post=52528"}],"version-history":[{"count":1,"href":"https:\/\/www.gdapress.it\/it\/index.php\/wp-json\/wp\/v2\/posts\/52528\/revisions"}],"predecessor-version":[{"id":52533,"href":"https:\/\/www.gdapress.it\/it\/index.php\/wp-json\/wp\/v2\/posts\/52528\/revisions\/52533"}],"wp:attachment":[{"href":"https:\/\/www.gdapress.it\/it\/index.php\/wp-json\/wp\/v2\/media?parent=52528"}],"wp:term":[{"taxonomy":"category","embeddable":true,"href":"https:\/\/www.gdapress.it\/it\/index.php\/wp-json\/wp\/v2\/categories?post=52528"},{"taxonomy":"post_tag","embeddable":true,"href":"https:\/\/www.gdapress.it\/it\/index.php\/wp-json\/wp\/v2\/tags?post=52528"}],"curies":[{"name":"wp","href":"https:\/\/api.w.org\/{rel}","templated":true}]}}