
{"id":52473,"date":"2015-06-11T07:44:25","date_gmt":"2015-06-11T05:44:25","guid":{"rendered":"http:\/\/www.gdapress.it\/it\/?p=52473"},"modified":"2015-06-11T07:44:25","modified_gmt":"2015-06-11T05:44:25","slug":"beloved-landscape-paesaggio-e-arte","status":"publish","type":"post","link":"https:\/\/www.gdapress.it\/it\/index.php\/52473\/architettura\/beloved-landscape-paesaggio-e-arte.html","title":{"rendered":"Beloved landscape: paesaggio e arte"},"content":{"rendered":"<p class=\"ecxMsoNormal\">Gioved\u00ec 11 giugno 2015 ore 18<\/p>\n<p class=\"ecxMsoNormal\">Milano Green Point, Via Paolo Frisi 3 Milano<\/p>\n<p class=\"ecxMsoNormal\"><span class=\"ecxA3\"><i>\u201cLa Cattedrale Vegetale rappresenta un\u2019idea di magnificenza, un ordine e una sacralit\u00e0 del luogo, ho sempre voluto dare corpo a questa fratellanza che esiste tra il luogo e la sacralit\u00e0 della terra e questi elementi che si innalzano, che sono gli alberi. In questo c\u2019\u00e8 tutta la filo\u00adsofia del mio lavoro. Il luogo non mi dimentica e questo mi fa felice, mi piace pensare che la gente attraverser\u00e0 questo luogo pensando al perch\u00e9 \u00e8 stata costruita, al perch\u00e9 si \u00e8 fatta, una domanda che la gente si far\u00e0 da s\u00e9, ren\u00addendosi conto che l\u2019opera vale il posto.\u00bb <\/i><\/span><i>\u00a0\u00a0<span class=\"ecxA3\">Giuliano Mauri<\/span><\/i><\/p>\n<p class=\"ecxMsoNormal\"><i><img loading=\"lazy\" decoding=\"async\" id=\"ecxImmagine_x0020_5\" src=\"https:\/\/dub127.afx.ms\/att\/GetInline.aspx?messageid=232d3962-0b81-11e5-9079-00215ad9be56&amp;attindex=0&amp;cp=-1&amp;attdepth=0&amp;imgsrc=cid%3aimage003.jpg%4001D09F9D.D48FF370&amp;cid=5e10b77119522db0&amp;blob=MHxpbWFnZTAwMy5qcGd8aW1hZ2UvanBlZw_3d_3d&amp;hm__login=giulianadeantonellis&amp;hm__domain=hotmail.com&amp;ip=10.148.136.8&amp;d=d1457&amp;mf=0&amp;hm__ts=Thu%2c%2011%20Jun%202015%2005%3a41%3a47%20GMT&amp;st=giulianadeantonellis&amp;hm__ha=01_43c114d0c48b9d7204cf263536e9ac4aba285af1b93696c0bf50b45e468692a4&amp;oneredir=1\" alt=\"Catterdale Vegetale, Arte Sella, Trento, 2001 bassa\" width=\"227\" height=\"249\" border=\"0\" \/><\/i><\/p>\n<p>&nbsp;<\/p>\n<p class=\"ecxMsoNormal\">Ore 18.00 \u00a0\u00a0\u00a0\u00a0\u00a0\u00a0\u00a0\u00a0\u00a0\u00a0 <i>Il racconto della natura di Giuliano Mauri<\/i>, Francesca Regorda <i>Archivio Giuliano Mauri<\/i><\/p>\n<p class=\"ecxMsoNormal\">Ore 18.30\u00a0\u00a0\u00a0\u00a0\u00a0\u00a0\u00a0\u00a0\u00a0\u00a0\u00a0 <i>Green Art Project<\/i>, Patrizia Cancelli e Massimo Cutini <i>Connecting Cultures<\/i><\/p>\n<p class=\"ecxMsoNormal\">Ore 19.00\u00a0\u00a0\u00a0\u00a0\u00a0\u00a0\u00a0\u00a0\u00a0\u00a0\u00a0 <i>Integrare l\u2019ombra nell\u2019outdoor<\/i>, Diana Iannelli con <i>markilux<\/i><\/p>\n<p class=\"ecxMsoNormal\">Ore 19.30 \u00a0\u00a0\u00a0\u00a0\u00a0\u00a0\u00a0\u00a0\u00a0\u00a0 <i>Arte e Natura nel Landscape contemporaneo<\/i>, Patrizia Pozzi con Giulio Arnoldi di <i>Hw-Style<\/i><\/p>\n<p class=\"ecxMsoNormal\">\n<p class=\"ecxMsoNormal\"><b>Aiapp e Milano Green Point con Progetto Ombra Milano nei sei mesi di EXPO MILANO 2015, propongono 5 incontri dal taglio innovativo dedicati al tema <i>NUTRIRSI DI PAESAGGIO. <\/i><\/b>Gli appuntamenti\u00a0 fanno parte del palinsesto <i>Expo in Citt\u00e0<\/i>, del Comune di Milano e \u00a0sono\u00a0 aperti a tutti, professionisti e operatori del settore, cittadini, studenti liceali e universitari, Istituzioni e cos\u00ec via.<\/p>\n<p class=\"ecxMsoNormal\">\n<p class=\"ecxMsoNormal\"><b>Il rapporto tra il paesaggio e l\u2019arte \u00e8 il tema del secondo incontro che si terr\u00e0 gioved\u00ec 11 giugno. <\/b>Nel cuore del Quartiere liberty di Porta Venezia, negli spazi di \u00a0Milano Green Point tale relazione sar\u00e0 raccontata attraverso la testimonianza di due realt\u00e0 italiane attive in ambito culturale-artistico per le quali la natura e il paesaggio sono al centro della loro ricerca, <i>l\u2019Archivio Giuliano Mauri<\/i> di Lodi e <i>Connecting Cultures<\/i> di Milano.<b><\/b><\/p>\n<p class=\"ecxMsoNormal\">Nella seconda parte dell\u2019incontro lo spazio sar\u00e0 dedicato a due aziende che da sempre contribuiscono a migliorare la qualit\u00e0 del nostro vivere la natura:\u00a0 <i>markilux e Hw-Style.<\/i><\/p>\n<p class=\"ecxMsoNormal\"><b>\u00a0<\/b><\/p>\n<p class=\"ecxMsoNormal\"><b>Francesca Regorda<\/b>, nipote di <b>Giuliano Mauri<\/b>, presenta l\u2019Archivio che ha istituito con la madre nel 2008 e la mostra \u201cGiuliano Mauri. Architettura dell\u2019immaginario\u201d, in corso fino al 22 settembre a Lodi, presso l\u2019Ex Chiesa di San Cristoforo, co-curata con Studio Azzurro in collaborazione con il Comune di Lodi e la Triennale di Milano.<\/p>\n<p class=\"ecxPa0\">Giuliano Mauri, \u201cTessitore del bosco\u201d (come lo chiamava il critico d\u2019arte Vittorio Fagone) prima di iniziare qualsiasi opera, prestava molta atten\u00adzione alla memoria accumulata da un luogo nel corso dei secoli e tutta la sua opera era guidata da una progettuali\u00adt\u00e0 che ne rivelava pi\u00f9 tardi l\u2019esattezza di ogni cambiamento.\u00a0 Fatti di natura, molti dei suoi lavori non esistono pi\u00f9, se non sotto forma immateriale di video, fotografie e ricor\u00addi. Ecco perch\u00e9 la creazione di un Archvio e ora questa mostra antologica, nel luogo di nascita del primo artista italiano entrato a far parte del movimento Art in Nature (1981), sono importatissimi.\u00a0 La mostra \u00e8 un percorso attraverso la vita artistica di Mauri, partendo dalle poetiche movimen\u00adtiste con le tele bianche raffiguranti persone oppresse, emarginate, arrivando fino alle Cattedrali. Ogni suo lavoro si articola in una storia, un appunto, un disegno, una fotografia, una maquette e, infine, nell\u2019opera nella natura.<\/p>\n<p class=\"ecxMsoNormal\">\n<p class=\"ecxMsoNormal\"><b>Patrizia Cancelli e Massimo Cutini,<\/b> attraverso il racconto di alcuni prgetti presentano l\u2019attivit\u00e0 di <b>Connecting Cultures<\/b>, organizzazione non profit per la promozione dell\u2019arte contemporanea, fondata a Milano nel 2001 da Anna Detheridge. <i>Arena Verde<\/i> (2014) di Emilio Fantin progetto di verde urbano pensato per i fruitori del Parco Teramo e <i>Risaie Survival Signal Mirror<\/i> (2013) di Massimo Cutini creato con scopo di stato mettere in relazione le cascine del Parco delle Risaie con i cittadini (entrambi realizzati nell&#8217;ambito di <i>Dencity<\/i>). <i>Milano e Oltre<\/i> (2010-2013) progetto per valorizzare la creativit\u00e0 giovanile e le risorse locali in quattro aree di Milano: Bovisa, Barona, Quarto Oggiaro e Bicocca.<i>Imagining Parco Sud<\/i> (2007) intervento ideato per fotografare la percezione comune, mappare il patrimonio ambientale, naturalistico, culturale e architettonico del Parco Agricolo Sud. <i>Emisfero Sud<\/i> (2008) scultura realizzata da Stalker Osservatorio Nomade, rappresenta idealmente il Parco Agricolo Sud e contiene la quantit\u00e0 di riso che si consuma a Milano in un giorno.<\/p>\n<p class=\"ecxMsoNormal\">I lavori realizzati con collaborazioni fra artisti, architetti, performers e il pubblico hanno obiettivi interdisciplinari e interculturali tesi a: favorire una consapevolezza collettiva delle risorse e delle potenzialit\u00e0 del locale; offrire opportunit\u00e0 per scambi interculturali; progettare e realizzare nuove ecologie urbane; agire da catalizzatori verso un cambiamento e un futuro sostenibili.<\/p>\n<p class=\"ecxMsoNormal\">\n<p class=\"ecxPa0\">Concludono l\u2019incontro gli interventi di <b>Diana Iannelli con Markilux<\/b>, <i>Integrare l\u2019ombra nell\u2019outdoor <\/i>e <b>Patrizia Pozzi con Hw-Style<\/b>, <i>Arte e Natura nel Landscape contemporaneo con Patrizia Pozzi e Giulio Arnoldi per HW-Style.<\/i><\/p>\n<p class=\"ecxMsoNormal\"><i>Markilux, <\/i>prestigioso marchio tedesco di tende da sole insieme a progettoombra.it: da pi\u00f9 di 40 anni si preoccupano di rendere ancora pi\u00f9 gradevole la vita sui balconi e sulle terrazze. <a href=\"http:\/\/www.markilux.com\/it\" target=\"_blank\">www.markilux.com\/it<\/a><\/p>\n<p class=\"ecxMsoNormal\"><i>Hw style<\/i>_azienda Leader nella progettazione, realizzazione e gestione del verde, da 25 anni progetta, realizza e gestisce giardini e spazi aperti di ogni tipo.<\/p>\n<p class=\"ecxMsoNormal\">\n<p class=\"ecxMsoNormal\"><i>Ufficio stampa <\/i>Alessandra Pozzi Studio Ap Mob. 338.5965789 <span lang=\"DE\">| <\/span>press@alessandra pozzi.com <span lang=\"DE\">| skype: alessandra.pozzi1<\/span><\/p>\n<p class=\"ecxMsoNormal\">\n<div>\n<p class=\"ecxMsoNormal\"><span lang=\"DE\">\u00a0<\/span><\/p>\n<p class=\"ecxMsoNormal\"><span lang=\"DE\">PROSSIMI APPUNTAMENTI<\/span><\/p>\n<p class=\"ecxMsoNormal\"><span lang=\"DE\">G<\/span>ioved\u00ec 2 luglio 2015 &#8211; ore 18-21<b> <\/b><span lang=\"DE\">| <\/span><b>Belong to Landscape &#8211; paesaggio urbano condiviso<\/b><b> <\/b>con Alessandra Rossi (Funzionario settore Parchi e Giardini e Agricoltura di Milano), Giulia Fontana (Paesaggista) con Vittoria Tamanini (Paesaggista), Margherita Lombardi (Giornalista) con Luca MF Fabris (Architetto), Massimiliano Croci (direttore marketing Mirage) e Markilux<b><\/b><\/p>\n<p class=\"ecxMsoNormal\">Gioved\u00ec 24 settembre 2015 &#8211; ore 18-21 <span lang=\"DE\">| <\/span><b>Beside Landscape &#8211; paesaggio tra high-tech e sostenibilit\u00e0<\/b><b> <\/b>con Cristina Mazzucchelli (Paesaggista), Cesare Salvetat (Architetto), Perlite Italiana e Markilux<\/p>\n<p class=\"ecxMsoNormal\"><span lang=\"DE\">G<\/span>ioved\u00ec 8 ottobre 2015 &#8211; ore 18:00 18-21 <span lang=\"DE\">|<\/span><b>Beyond Landscape &#8211; paesaggio e design<\/b><b> <\/b>con Angelo Jelmini (Scenografo), Claudia Zanfi (Green Island), Tagmi (Designer),Tommaso Mancini (Designer) e Markilux<\/p>\n<p class=\"ecxMsoNormal\">\u00a0Info: Tel 02<i>.76003912<\/i>, <a href=\"mailto:landscape@patriziapozzi.it\">landscape@patriziapozzi.it<\/a><\/p>\n<p class=\"ecxMsoNormal\">\n<\/div>\n","protected":false},"excerpt":{"rendered":"<p>Gioved\u00ec 11 giugno 2015 ore 18 Milano Green Point, Via Paolo Frisi 3 Milano \u201cLa Cattedrale Vegetale rappresenta un\u2019idea di magnificenza, un ordine e una sacralit\u00e0 del luogo, ho sempre voluto dare corpo a questa fratellanza che esiste tra il luogo e la sacralit\u00e0 della terra e questi elementi che si innalzano, che sono gli &hellip; <a href=\"https:\/\/www.gdapress.it\/it\/index.php\/52473\/architettura\/beloved-landscape-paesaggio-e-arte.html\" class=\"more-link\">Read more <span class=\"screen-reader-text\">Beloved landscape: paesaggio e arte<\/span><\/a><\/p>\n","protected":false},"author":3,"featured_media":0,"comment_status":"closed","ping_status":"open","sticky":false,"template":"","format":"standard","meta":{"footnotes":""},"categories":[3],"tags":[17446,15998,4830],"class_list":["post-52473","post","type-post","status-publish","format-standard","hentry","category-architettura","tag-arte","tag-beloved-landscap","tag-paesaggio"],"_links":{"self":[{"href":"https:\/\/www.gdapress.it\/it\/index.php\/wp-json\/wp\/v2\/posts\/52473","targetHints":{"allow":["GET"]}}],"collection":[{"href":"https:\/\/www.gdapress.it\/it\/index.php\/wp-json\/wp\/v2\/posts"}],"about":[{"href":"https:\/\/www.gdapress.it\/it\/index.php\/wp-json\/wp\/v2\/types\/post"}],"author":[{"embeddable":true,"href":"https:\/\/www.gdapress.it\/it\/index.php\/wp-json\/wp\/v2\/users\/3"}],"replies":[{"embeddable":true,"href":"https:\/\/www.gdapress.it\/it\/index.php\/wp-json\/wp\/v2\/comments?post=52473"}],"version-history":[{"count":1,"href":"https:\/\/www.gdapress.it\/it\/index.php\/wp-json\/wp\/v2\/posts\/52473\/revisions"}],"predecessor-version":[{"id":52474,"href":"https:\/\/www.gdapress.it\/it\/index.php\/wp-json\/wp\/v2\/posts\/52473\/revisions\/52474"}],"wp:attachment":[{"href":"https:\/\/www.gdapress.it\/it\/index.php\/wp-json\/wp\/v2\/media?parent=52473"}],"wp:term":[{"taxonomy":"category","embeddable":true,"href":"https:\/\/www.gdapress.it\/it\/index.php\/wp-json\/wp\/v2\/categories?post=52473"},{"taxonomy":"post_tag","embeddable":true,"href":"https:\/\/www.gdapress.it\/it\/index.php\/wp-json\/wp\/v2\/tags?post=52473"}],"curies":[{"name":"wp","href":"https:\/\/api.w.org\/{rel}","templated":true}]}}