
{"id":52266,"date":"2015-06-01T10:58:08","date_gmt":"2015-06-01T08:58:08","guid":{"rendered":"http:\/\/www.gdapress.it\/it\/?p=52266"},"modified":"2015-06-01T10:58:08","modified_gmt":"2015-06-01T08:58:08","slug":"the-vegetarian-chance-alla-cascina-cuccagna","status":"publish","type":"post","link":"https:\/\/www.gdapress.it\/it\/index.php\/52266\/enogastronomia\/the-vegetarian-chance-alla-cascina-cuccagna.html","title":{"rendered":"The Vegetarian Chance alla Cascina Cuccagna"},"content":{"rendered":"<p><a href=\"http:\/\/www.gdapress.it\/it\/..\/public\/it\/2015\/06\/cropped-idea-1.jpg\"><img loading=\"lazy\" decoding=\"async\" class=\"alignnone size-full wp-image-52267\" src=\"http:\/\/www.gdapress.it\/it\/..\/public\/it\/2015\/06\/cropped-idea-1.jpg\" alt=\"cropped-idea-1\" width=\"328\" height=\"157\" srcset=\"https:\/\/www.gdapress.it\/it\/..\/public\/it\/2015\/06\/cropped-idea-1.jpg 328w, https:\/\/www.gdapress.it\/it\/..\/public\/it\/2015\/06\/cropped-idea-1-300x144.jpg 300w\" sizes=\"auto, (max-width: 328px) 100vw, 328px\" \/><\/a><\/p>\n<p><strong><em>The Vegetarian Chance<\/em><\/strong> giunge quest\u2019anno alla sua <strong>seconda edizione<\/strong> e lo fa nell\u2019anno dell\u2019Expo, che mette la qualit\u00e0 e la quantit\u00e0 della nostra nutrizione all\u2019ordine del giorno. La nostra proposta vegetariana \u00e8 dunque quanto mai in tema. Il <strong>vegetarianismo<\/strong> sta guadagnando spazio tra consumatori, cuochi e produttori agricoli e industriali, segno che il messaggio sta arrivando. In Italia circa <strong>7 milioni e mezzo di persone si dichiarano vegetariane<\/strong> e secondo l\u2019Eurispes nel 2030 potrebbero diventare 30 milioni. Nel mondo vegetale c\u2019\u00e8 la soluzione per \u201cnutrire il pianeta\u201d. Ne abbiamo parlato in una tavola rotonda nel marzo scorso. Il tema \u00e8 cos\u00ec attuale che <strong>una scuola di Milano<\/strong> con la nostra collaborazione ha deciso di indire tra i suoi allievi un concorso di cucina vegetariana. Si tratta dell\u2019Istituto Comprensivo Statale Milano Spiga. <strong>Pietro Leemann<\/strong> premier\u00e0 gli allievi vincitori il 4 giugno. Quest\u2019anno siamo gemellati con <strong>Ortinfestival<\/strong>(<a href=\"http:\/\/www.ortinfestival.it\/\">www.ortinfestival.it<\/a>), festival degli orti contemporanei che si svolge alla Reggia di Venaria dal 30\/5 al 2\/6. In programma tre show cooking di TVC con <strong>Pietro Leemann, Daniela Cicioni e Jenny Sugar<\/strong>.<\/p>\n<p><strong>L\u2019idea e gli ideatori<\/strong><\/p>\n<p>\u276f <strong><em>The Vegetarian Chance<\/em> <\/strong>\u00e8 un\u2019associazione culturale con sede in Svizzera, che intende promuovere\u2028la cultura e la cucina vegetariana. I fondatori sono \u2028lo chef <strong>Pietro Leemann<\/strong>, patron del <strong>ristorante stellato Joia <\/strong>di Milano e il giornalista gastronomico <strong>Gabriele Eschenazi<\/strong>, rispettivamente presidente e vicepresidente dell\u2019Associazione.<\/p>\n<p>\u276f Sono sempre pi\u00f9 numerose le persone nel mondo che abbracciano la <strong>dieta vegetariana<\/strong>. Lo fanno per dare\u2028un contributo individuale alla <strong>protezione dell\u2019ambiente<\/strong>, <strong>per salvaguardare la propria salute<\/strong>, per gustare e nutrirsi di <strong>cibi pi\u00f9 naturali <\/strong>e meno artefatti dall\u2019industria alimentare. Il fenomeno \u00e8 culturale prima ancora che gastronomico. E vede coinvolti consumatori, imprenditori, cuochi, medici, nutrizionisti, enti privati e pubblici, governi.<\/p>\n<p>\u276f <strong><em>The Vegetarian Chance<\/em> <\/strong>intende favorire la <strong>rivoluzione in atto <\/strong>con le sue attivit\u00e0 che comprendono <strong>eventi culturali <\/strong>(conferenze, filmati, libri) e gastronomici\u2028 (<strong>un concorso internazionale<\/strong>, show cooking, workshop). La maggior parte delle iniziative sono concentrate nel Festival annuale che TVC organizza. <strong>La prima edizione<\/strong> si \u00e8 svolta il 7 giugno 2014 al Monte Verit\u00e0 in <strong>Svizzera <\/strong>e il 22 giugno 2014 al ristorante Joia a <strong>Milano<\/strong>.<\/p>\n<p>&nbsp;<\/p>\n<p><strong>Il manifesto di TVC<\/strong><\/p>\n<p>\u276f La cucina vegetariana propone una risposta alle <strong>esigenze evolutive <\/strong>della civilt\u00e0 moderna, alla ricerca di un rapporto con\u2028la natura pi\u00f9 consapevole e rispettoso, <strong>di una vita pi\u00f9 salutare<\/strong>, di un cibo pi\u00f9 sano, nutriente e gustoso. I piatti dove non trovano pi\u00f9 posto carne o pesce non sono vuoti di qualcosa,\u2028ma essenzialmente <strong>pi\u00f9 pieni, pi\u00f9 ricchi <\/strong>di una variet\u00e0 di sapori, di sostanze nutrienti e di rapporto con la natura.<\/p>\n<p>\u276f Non c\u2019\u00e8 competizione tra cucina carnivora e cucina vegetariana. La scelta di mangiare verdure piuttosto che carne \u00e8 <strong>un\u2019evoluzione della cucina onnivora <\/strong>che ci coinvolge come esseri umani dotati di una coscienza, di un libero arbitrio, che ci consente di scegliere.<\/p>\n<p>\u276f \u00c8 ormai accertato che <strong>l\u2019iper produzione di carne e pesce <\/strong>sta rapidamente impoverendo il pianeta.<\/p>\n<p>\u276f Non sar\u00e0 pi\u00f9 sostenibile consumare <strong>15mila litri d\u2019acqua <\/strong>e 15 chili di soia per produrre un chilo di carne quando da un solo chilo di soia si ricavano due chili di tofu.<\/p>\n<p>\u276f Di quest\u2019aspetto non ci rendiamo conto perch\u00e9 quando acquistiamo la carne, la paghiamo poco. I suoi veri costi, per\u00f2, non sono quelli che leggiamo sullo scontrino, ma quelli che paghiamo tutti in termini di <strong>effetti negativi sull\u2019ambiente<\/strong> <strong>e sulla salute<\/strong>. Senza trascurare il prezzo della sofferenza, che infliggiamo ad altri esseri viventi. Con le macellazioni di massa <strong>l\u2019uomo rinuncia a elevarsi<\/strong>, a evolversi, a perseguire la felicit\u00e0, l\u2019aspirazione di ogni essere umano sempre evocata da tutti<\/p>\n<p>i filosofi: da <strong>Aristotele a Kant<\/strong>.<\/p>\n<p>\u276f La cultura vegetariana propone di costruire attraverso l\u2019alimentazione <strong>un diverso rapporto con la natura<\/strong>: pi\u00f9 evoluto, pi\u00f9 pacifico. Non un godimento effimero del cibo, ma <strong>una prolungata felicit\u00e0<\/strong>.<\/p>\n<p>\u276f Quasi inevitabilmente le nostre abitudini alimentari dovranno cambiare: <strong>essere pi\u00f9 consapevoli <\/strong>e meno condizionate. Oggi troppo spesso mettiamo nel piatto il cibo che troviamo pi\u00f9 facilmente disponibile <strong>senza fare una vera scelta<\/strong>, senza guardare agli ingredienti e lasciandoci pi\u00f9 facilmente sedurre dalle immagini.<\/p>\n<p><strong>PROGRAMMA 7 giugno 2015<\/strong><\/p>\n<p>Alla Cascina Cuccagna via Cuccagna 2\/4, ang. via Muratori Milano &#8211; Italia.<\/p>\n<p><strong>Ore 10.30<\/strong><\/p>\n<p><strong>Show cooking<\/strong> di <strong>Vittorio Castellani<\/strong><\/p>\n<p><em>Taboul\u00e8 vs. Tabbula, le icone delle insalate di semola di Medio Oriente e Maghreb a confront<\/em><em>o<\/em><\/p>\n<p><em>\u00a0<\/em><\/p>\n<p><strong>Ore 12.30<\/strong><\/p>\n<p><strong>Show Cooking<\/strong> di <strong>Rafael Rodriguez<\/strong> a cura dell&#8217;Ufficio commerciale del Per\u00f9<\/p>\n<p><em>Cereali, tuberi e quinoa: dal Per\u00f9 gli ingredienti per una sana dieta vegetariana<\/em><\/p>\n<p><em>\u00a0<\/em><\/p>\n<p><strong>I partner di <em>The Vegetarian Chanc<\/em>e Ecor, Zardetto Prosecco e Peace Kitchen <\/strong>si presentano in uno spazio dedicato al pubblico con i loro prodotti e i loro progetti amici dell\u2019ambiente e della salute.<\/p>\n<p>&nbsp;<\/p>\n<p><strong>Ore 16.00<\/strong><\/p>\n<p>Concorso internazionale <strong><em>The Vegetarian Chance<\/em><\/strong><\/p>\n<p>Introduce<strong> Gabriele Eschenazi, <\/strong>direttore del festival<\/p>\n<p><strong>Pietro Leemann<\/strong> premia i vincitori<\/p>\n<p><strong>Interventi di:<\/strong><\/p>\n<p><strong>Professor Carlo Modonesi<\/strong>, Docente di Ecologia umana all\u2019Universit\u00e0 degli Studi di Parma<\/p>\n<p><strong>Dottor Stefano Erzegovesi<\/strong>, psichiatra e nutrizionista, responsabile del Centro per i disturbi<\/p>\n<p>alimentari dell&#8217;Ospedale San Raffaele.<\/p>\n<p>I membri della giuria: <strong>Aimo e Nadia, Daniela Cicioni e Femke Van den Heuvel, prima e seconda classificata dello scorso anno, Vittorio Castellani di Ortinfestival<\/strong>.<\/p>\n<p><strong>Ore 17.00 <\/strong><\/p>\n<p>Lo chef giapponese <strong>Toshio Tanahashi<\/strong> in collaborazione con <em>Peace Kitchen<\/em> si esibisce in uno show cooking di <strong>cucina Shohin<\/strong> vegetariana giapponese.<\/p>\n<p><strong>NOTA:<\/strong> Gli show cooking sono a ingresso libero fino a esaurimento posti<\/p>\n<p><strong>Ore 18<\/strong><\/p>\n<p><strong>Aperitivo vegetariano<\/strong> nello spazio del ristorante <strong>Un Posto a Milano<\/strong>: costo 5 euro.<\/p>\n<p>Per tutto il giorno il ristorante <strong>Un Posto a Milano<\/strong> proporr\u00e0 esclusivamente piatti vegetariani e vegani.<\/p>\n<p><strong>L\u2019ospitalit\u00e0 dei cuochi \u00e8 a cura dell\u2019hotel Villa Torretta (Sesto San Giovanni) http:\/\/www.villatorretta.it<\/strong><\/p>\n<p>&nbsp;<\/p>\n<p>&nbsp;<\/p>\n<p>&nbsp;<\/p>\n","protected":false},"excerpt":{"rendered":"<p>The Vegetarian Chance giunge quest\u2019anno alla sua seconda edizione e lo fa nell\u2019anno dell\u2019Expo, che mette la qualit\u00e0 e la quantit\u00e0 della nostra nutrizione all\u2019ordine del giorno. La nostra proposta vegetariana \u00e8 dunque quanto mai in tema. Il vegetarianismo sta guadagnando spazio tra consumatori, cuochi e produttori agricoli e industriali, segno che il messaggio sta &hellip; <a href=\"https:\/\/www.gdapress.it\/it\/index.php\/52266\/enogastronomia\/the-vegetarian-chance-alla-cascina-cuccagna.html\" class=\"more-link\">Read more <span class=\"screen-reader-text\">The Vegetarian Chance alla Cascina Cuccagna<\/span><\/a><\/p>\n","protected":false},"author":3,"featured_media":0,"comment_status":"closed","ping_status":"open","sticky":false,"template":"","format":"standard","meta":{"footnotes":""},"categories":[20],"tags":[1455,15935],"class_list":["post-52266","post","type-post","status-publish","format-standard","hentry","category-enogastronomia","tag-cascina-cuccagna","tag-the-vegetarian-chance"],"_links":{"self":[{"href":"https:\/\/www.gdapress.it\/it\/index.php\/wp-json\/wp\/v2\/posts\/52266","targetHints":{"allow":["GET"]}}],"collection":[{"href":"https:\/\/www.gdapress.it\/it\/index.php\/wp-json\/wp\/v2\/posts"}],"about":[{"href":"https:\/\/www.gdapress.it\/it\/index.php\/wp-json\/wp\/v2\/types\/post"}],"author":[{"embeddable":true,"href":"https:\/\/www.gdapress.it\/it\/index.php\/wp-json\/wp\/v2\/users\/3"}],"replies":[{"embeddable":true,"href":"https:\/\/www.gdapress.it\/it\/index.php\/wp-json\/wp\/v2\/comments?post=52266"}],"version-history":[{"count":1,"href":"https:\/\/www.gdapress.it\/it\/index.php\/wp-json\/wp\/v2\/posts\/52266\/revisions"}],"predecessor-version":[{"id":52268,"href":"https:\/\/www.gdapress.it\/it\/index.php\/wp-json\/wp\/v2\/posts\/52266\/revisions\/52268"}],"wp:attachment":[{"href":"https:\/\/www.gdapress.it\/it\/index.php\/wp-json\/wp\/v2\/media?parent=52266"}],"wp:term":[{"taxonomy":"category","embeddable":true,"href":"https:\/\/www.gdapress.it\/it\/index.php\/wp-json\/wp\/v2\/categories?post=52266"},{"taxonomy":"post_tag","embeddable":true,"href":"https:\/\/www.gdapress.it\/it\/index.php\/wp-json\/wp\/v2\/tags?post=52266"}],"curies":[{"name":"wp","href":"https:\/\/api.w.org\/{rel}","templated":true}]}}