
{"id":52147,"date":"2015-05-27T08:10:33","date_gmt":"2015-05-27T06:10:33","guid":{"rendered":"http:\/\/www.gdapress.it\/it\/?p=52147"},"modified":"2015-05-27T08:14:05","modified_gmt":"2015-05-27T06:14:05","slug":"expo-birrificio-angelo-poretti-partono-gli-appuntamenti-con-le-eccellenze-artistiche-italiane","status":"publish","type":"post","link":"https:\/\/www.gdapress.it\/it\/index.php\/52147\/expo-2015-2\/expo-birrificio-angelo-poretti-partono-gli-appuntamenti-con-le-eccellenze-artistiche-italiane.html","title":{"rendered":"EXPO BIRRIFICIO ANGELO PORETTI Partono gli appuntamenti con le eccellenze artistiche italiane"},"content":{"rendered":"<p style=\"text-align: center;\"><a href=\"http:\/\/www.gdapress.it\/it\/..\/public\/it\/2015\/05\/602806_340004732780783_158509791_n.jpg\"><img loading=\"lazy\" decoding=\"async\" class=\"alignnone size-large wp-image-52148\" src=\"http:\/\/www.gdapress.it\/it\/..\/public\/it\/2015\/05\/602806_340004732780783_158509791_n-400x400.jpg\" alt=\"602806_340004732780783_158509791_n\" width=\"400\" height=\"400\" srcset=\"https:\/\/www.gdapress.it\/it\/..\/public\/it\/2015\/05\/602806_340004732780783_158509791_n.jpg 400w, https:\/\/www.gdapress.it\/it\/..\/public\/it\/2015\/05\/602806_340004732780783_158509791_n-150x150.jpg 150w, https:\/\/www.gdapress.it\/it\/..\/public\/it\/2015\/05\/602806_340004732780783_158509791_n-300x300.jpg 300w, https:\/\/www.gdapress.it\/it\/..\/public\/it\/2015\/05\/602806_340004732780783_158509791_n-144x144.jpg 144w\" sizes=\"auto, (max-width: 400px) 100vw, 400px\" \/><\/a><\/p>\n<p style=\"text-align: center;\">Birrificio Angelo Poretti trasforma la Piazzetta Birra di Padiglione Italia a EXPO 2015 in una fucina di eccellenze artistiche ospitando le migliori Scuole italiane di arti e mestieri<\/p>\n<p style=\"text-align: center;\">Appuntamenti esposizioni alle 14,30 e alle 16,30 27 maggio \u2013 Liceo Artistico Pietro Selvatico (Padova) 17 giugno \u2013 Politecnico Calzaturiero (Vigonza, Padova) 8 luglio \u2013 Scuola dell\u2019Arte della Medaglia (Roma) 29 luglio \u2013 ALMA, La Scuola Internazionale di Cucina Italiana (Colorno, Parma) 2 settembre \u2013 Tar\u00ec Design School (Marcianise, Caserta) 30 settembre \u2013 Scuola del Vetro Abate Zanetti (Murano, Venezia)<\/p>\n<p style=\"text-align: center;\">\u00a0Birrificio Angelo Poretti, scelto come Birra Ufficiale di Padiglione Italia per i valori di tradizione, eccellenza, innovazione e sostenibilit\u00e0 che rappresenta dal 1877, ospita per l\u2019intero periodo di EXPO 2015 le opere d\u2019arte, create in esclusiva e dedicate al brand, di 6 Scuole italiane di alto artigianato, patrimonio artistico del nostro Paese. Il progetto \u00e8 stato ideato da Birrificio Angelo Poretti, grazie alla collaborazione con Fondazione Cologni dei Mestieri d\u2019Arte &#8211; istituzione privata milanese non profit che da oltre vent\u2019anni promuove iniziative culturali e divulgative per la tutela e diffusione dei mestieri d&#8217;arte &#8211; con l\u2019obiettivo di rendere omaggio al genio creativo italiano, amplificando il progetto Vivaio che caratterizza Padiglione Italia e le sue Aziende. A partire dal 27 maggio, in un avvicendarsi di esposizioni che dureranno 3 settimane ciascuna, le 6 Scuole di arti e mestieri metteranno in mostra le proprie opere all\u2019interno della Piazzetta Birra, creazioni uniche che raccontano Birrificio Angelo Poretti e la sua storia con creativit\u00e0, talento, linguaggi e materiali tipici di ogni realt\u00e0:<\/p>\n<p style=\"text-align: center;\">\uf0b7 Liceo Artistico Pietro Selvatico \u2013 Padova (27 maggio\/17 giugno) Fondato nel 1867 da Pietro Selvatico, eminente architetto, storico e critico d\u2019arte con l\u2019obiettivo di \u201ccolmare la distanza tra formazione pratica e conoscenza teorica nell\u2019ambito dell\u2019artigianato\u201d, ospita oggi 6 specializzazioni di studio: Architettura e Ambiente, Design del Gioiello, Design della Moda, Arti Figurative Pittura, Arti Figurative Plastica e Scenografia.<\/p>\n<p style=\"text-align: center;\">\uf0b7 Politecnico Calzaturiero \u2013 Vigonza, PD (17 giugno\/8 luglio) Il Politecnico Calzaturiero, costituito nel 2001 per realizzare nel Veneto ed in Italia iniziative di Formazione, Ricerca e Trasferimento Tecnologico per il settore della Calzatura, sviluppa ed amplia le attivit\u00e0 della \u201cScuola di Design e Tecnica della Calzatura\u201d fondata nel 1923 a Stra e prosegue nell\u2019impegno di conservare i \u201csaperi artigianali\u201d dei Calzolai Veneziani che gi\u00e0 nel 1268 avevano creato una delle pi\u00f9 potenti Confraternite di Venezia.<\/p>\n<p style=\"text-align: center;\">\uf0b7 Scuola dell\u2019Arte della Medaglia \u2013 Roma (8 luglio\/29 luglio) Fondata nel 1907 per volere di Re Vittorio Emanuele III con il fine di istituire a Roma, presso la Regia Zecca, un centro d\u2019alta specializzazione per giovani gi\u00e0 esperti nell\u2019incisione e nella modellazione plastica, \u00e8 oggi un luogo unico al mondo di formazione e perfezionamento dell\u2019arte dell\u2019incisione di monete e medaglie.<\/p>\n<p style=\"text-align: center;\">\u00a0\uf0b7 ALMA, La Scuola Internazionale di Cucina Italiana \u2013 Colorno, PR (29 luglio\/19 agosto) ALMA \u00e8 la Scuola Internazionale di Cucina Italiana, il primo e pi\u00f9 autorevole centro di formazione dell&#8217;Ospitalit\u00e0 Italiana a livello internazionale. ALMA dal 2004 forma cuochi, pasticceri, sommelier, professionisti di sala e bar, manager della ristorazione, provenienti da tutto il mondo. Rettore della Scuola \u00e8 Gualtiero Marchesi, riconosciuto a livello internazionale come il padre della moderna Cucina Italiana.<\/p>\n<p style=\"text-align: center;\">\uf0b7 Tar\u00ec Design School \u2013 Marcianise, CE \u2013 (2 settembre\/23 settembre) Il Polo Orafo del Tar\u00ec \u00e8 un elemento centrale del sistema orafo italiano dedicato ad oreficeria, gioielleria, orologeria e design. Nel 1991 nasce in seno al Centro Orafo una scuola altamente specializzata, Tar\u00ec Design School, che propone corsi tecnici e di design per il settore orafo e del comparto moda con un forte orientamento progettuale, frutto del costante dialogo con aziende e professionisti.<\/p>\n<p style=\"text-align: center;\">\uf0b7 Scuola del Vetro Abate Zanetti \u2013 Murano, VE (30 settembre\/21 ottobre) Erede di una antica istituzione vetraria, la Scuola di Disegno per Vetrai fondata nel lontano 1862 dall\u2019abate Vincenzo Zanetti, \u00e8 oggi pi\u00f9 che mai il luogo d\u2019incontro fra il passato ed il futuro dell\u2019arte del vetro. La struttura \u00e8 infatti attrezzata per tutte le tipiche lavorazioni muranesi: fornace, lume, fusione e moleria.<\/p>\n<p style=\"text-align: center;\">Per scoprire le opere che di volta in volta verranno svelate, Birrificio Angelo Poretti invita tutti gli appassionati d\u2019arte nella Piazzetta Birra, tra il Cardo e il Decumano di Padiglione Italia, il primo giorno di presentazione di ogni Scuola per un duplice evento alle 14,30 e alle 16,30. Birrificio Angelo Poretti concretizza in questo modo il germogliare di nuovi talenti, dando spazio alle nuove energie in un ambiente protetto, ma al tempo stesso a contatto con la ricchezza di stimoli di una vetrina globale come EXPO 2015. Il coraggio di favorire lo sviluppo di giovani talenti italiani, delle eccellenze che gi\u00e0 oggi rappresentano e che ancor pi\u00f9 saranno chiamati a rappresentare, \u00e8 motivo di orgoglio e di impegno per l\u2019azienda e per tutti i partner coinvolti. La storia del Birrificio Angelo Poretti inizia nel 1877, anno in cui Angelo Poretti realizza la prima cotta nello stabilimento di Induno Olona. Costruisce il suo birrificio in Valganna, scelta per l\u2019acqua purissima delle sue fonti, elemento indispensabile per una birra di grande qualit\u00e0. La stessa qualit\u00e0, cura dei particolari e rispetto per la tradizione che hanno rappresentato, e lo fanno tutt\u2019oggi, il sapore delle birre del Birrificio Angelo Poretti, caratterizzate dall\u2019uso di differenti tipi di luppolo, aggiunti in diverse fasi della produzione. Una luppolatura inconfondibile in grado di dare vita a ricette che accompagnano il consumatore in un crescendo di gusto capace di soddisfare le preferenze di ogni palato (\u201c3 Luppoli\u201d, \u201cOriginale 4 Luppoli\u201d, \u201cBock Chiara 5 Luppoli\u201d, \u201cBock Rossa 6 Luppoli\u201d, \u201c7 Luppoli Non Filtrata\u201d stagionale: La Fiorita, L\u2019Estiva, La Mielizia, Ambrata, \u201c8 Luppoli Saison\u201d, \u201c9 Luppoli\u201d: IPA, Porter, Wit, \u201c10 Luppoli\u201d). Il gruppo Carlsberg \u00e8 proprietario del Birrificio dal 2002, dopo un\u2019ultra ventennale collaborazione, iniziata nel 1975 con la sigla dell\u2019accordo per la produzione e commercializzazione in Italia dei marchi Tuborg e Carlsberg. Carlsberg Italia oggi produce e commercializza oltre 1 milione di ettolitri di birra a marchi Carlsberg, Tuborg, Birrificio Angelo Poretti, Selezione Angelo, Kronenbourg 1664, Grimbergen, Feldschl\u00f6sschen. Nel 2011 Carlsberg Italia avvia una rivoluzione nel mercato della birra, sviluppando e lanciando DraughtMasterTM Modular 20, il sistema di spillatura che utilizza i fusti in PET al posto dei tradizionali in acciaio e che non utilizza CO2 aggiunta. Questo nuovo sistema di spillatura permette di offrire al consumatore una birra di estrema qualit\u00e0 e di ridurre contemporaneamente l\u2019impatto ambientale durante le fasi d\u2019infustamento, distribuzione e consumo presso il punto vendita.<\/p>\n<p style=\"text-align: center;\">Nel 2015 Birrificio Angelo Poretti \u00e8 stata scelta da Padiglione Italia per rappresentare l\u2019eccellenza birraria italiana in qualit\u00e0 di \u201cBirra ufficiale del Padiglione Italia a Expo 2015\u201d. www.birrificioporetti.it &#8211; www.carlsbergitalia.it @BirraPoretti #MaestridelLuppolo Carlsberg Italia invita tutti i suoi consumatori a bere responsabilmente e a visionare il sito www.beviresponsabile.it<\/p>\n","protected":false},"excerpt":{"rendered":"<p>Birrificio Angelo Poretti trasforma la Piazzetta Birra di Padiglione Italia a EXPO 2015 in una fucina di eccellenze artistiche ospitando le migliori Scuole italiane di arti e mestieri Appuntamenti esposizioni alle 14,30 e alle 16,30 27 maggio \u2013 Liceo Artistico Pietro Selvatico (Padova) 17 giugno \u2013 Politecnico Calzaturiero (Vigonza, Padova) 8 luglio \u2013 Scuola dell\u2019Arte &hellip; <a href=\"https:\/\/www.gdapress.it\/it\/index.php\/52147\/expo-2015-2\/expo-birrificio-angelo-poretti-partono-gli-appuntamenti-con-le-eccellenze-artistiche-italiane.html\" class=\"more-link\">Read more <span class=\"screen-reader-text\">EXPO BIRRIFICIO ANGELO PORETTI Partono gli appuntamenti con le eccellenze artistiche italiane<\/span><\/a><\/p>\n","protected":false},"author":3,"featured_media":0,"comment_status":"closed","ping_status":"open","sticky":false,"template":"","format":"standard","meta":{"footnotes":""},"categories":[12170],"tags":[9912,15903,1775,15905,15904],"class_list":["post-52147","post","type-post","status-publish","format-standard","hentry","category-expo-2015-2","tag-arti","tag-birrificio-angelo-poretti","tag-expo","tag-mestieri","tag-piazzetta-italia"],"_links":{"self":[{"href":"https:\/\/www.gdapress.it\/it\/index.php\/wp-json\/wp\/v2\/posts\/52147","targetHints":{"allow":["GET"]}}],"collection":[{"href":"https:\/\/www.gdapress.it\/it\/index.php\/wp-json\/wp\/v2\/posts"}],"about":[{"href":"https:\/\/www.gdapress.it\/it\/index.php\/wp-json\/wp\/v2\/types\/post"}],"author":[{"embeddable":true,"href":"https:\/\/www.gdapress.it\/it\/index.php\/wp-json\/wp\/v2\/users\/3"}],"replies":[{"embeddable":true,"href":"https:\/\/www.gdapress.it\/it\/index.php\/wp-json\/wp\/v2\/comments?post=52147"}],"version-history":[{"count":1,"href":"https:\/\/www.gdapress.it\/it\/index.php\/wp-json\/wp\/v2\/posts\/52147\/revisions"}],"predecessor-version":[{"id":52149,"href":"https:\/\/www.gdapress.it\/it\/index.php\/wp-json\/wp\/v2\/posts\/52147\/revisions\/52149"}],"wp:attachment":[{"href":"https:\/\/www.gdapress.it\/it\/index.php\/wp-json\/wp\/v2\/media?parent=52147"}],"wp:term":[{"taxonomy":"category","embeddable":true,"href":"https:\/\/www.gdapress.it\/it\/index.php\/wp-json\/wp\/v2\/categories?post=52147"},{"taxonomy":"post_tag","embeddable":true,"href":"https:\/\/www.gdapress.it\/it\/index.php\/wp-json\/wp\/v2\/tags?post=52147"}],"curies":[{"name":"wp","href":"https:\/\/api.w.org\/{rel}","templated":true}]}}