
{"id":52141,"date":"2015-05-26T08:43:37","date_gmt":"2015-05-26T06:43:37","guid":{"rendered":"http:\/\/www.gdapress.it\/it\/?p=52141"},"modified":"2015-05-26T23:48:13","modified_gmt":"2015-05-26T21:48:13","slug":"la-francia-in-scena-musica-pop-rock-natas-loves-you","status":"publish","type":"post","link":"https:\/\/www.gdapress.it\/it\/index.php\/52141\/musica\/la-francia-in-scena-musica-pop-rock-natas-loves-you.html","title":{"rendered":"LA FRANCIA IN SCENA  Musica Pop Rock  NATAS LOVES YOU"},"content":{"rendered":"<div align=\"center\"><a href=\"http:\/\/www.gdapress.it\/it\/..\/public\/it\/2015\/05\/Natas-Loves-You-c-HD2.jpg\"><img loading=\"lazy\" decoding=\"async\" class=\"alignnone size-large wp-image-52142\" src=\"http:\/\/www.gdapress.it\/it\/..\/public\/it\/2015\/05\/Natas-Loves-You-c-HD2-400x400.jpg\" alt=\"Natas Loves You (c) HD2\" width=\"400\" height=\"400\" srcset=\"https:\/\/www.gdapress.it\/it\/..\/public\/it\/2015\/05\/Natas-Loves-You-c-HD2-400x400.jpg 400w, https:\/\/www.gdapress.it\/it\/..\/public\/it\/2015\/05\/Natas-Loves-You-c-HD2-150x150.jpg 150w, https:\/\/www.gdapress.it\/it\/..\/public\/it\/2015\/05\/Natas-Loves-You-c-HD2-300x300.jpg 300w, https:\/\/www.gdapress.it\/it\/..\/public\/it\/2015\/05\/Natas-Loves-You-c-HD2-144x144.jpg 144w, https:\/\/www.gdapress.it\/it\/..\/public\/it\/2015\/05\/Natas-Loves-You-c-HD2-676x676.jpg 676w, https:\/\/www.gdapress.it\/it\/..\/public\/it\/2015\/05\/Natas-Loves-You-c-HD2.jpg 1000w\" sizes=\"auto, (max-width: 400px) 100vw, 400px\" \/><\/a><\/div>\n<div align=\"center\"><\/div>\n<div align=\"center\"><b>Musica Pop Rock<\/b><\/div>\n<div align=\"center\"><b>Natas Loves You<\/b><\/div>\n<div>\n<div align=\"center\"><b>Prima tourn\u00e9e in Italia in occasione del lancio del primo disco \u00abThe 8th Continent\u00bb<\/b><\/div>\n<div align=\"center\"><b>Presentazione: Marted\u00ec 26 maggio, Show Case Radio RAI 2, Milano<\/b><\/div>\n<div align=\"center\"><b>\u00a0<\/b><\/div>\n<div align=\"center\"><i>Tour:<\/i><\/div>\n<div align=\"center\"><b>Mercoled\u00ec 27 maggio, Init Club, Roma<\/b><\/div>\n<div align=\"center\"><b>Gioved\u00ec 28 maggio, Excinema Aurora, Livorno<\/b><\/div>\n<div align=\"center\"><b>Venerd\u00ec 29 maggio, Pnbox, Pordenone<\/b><\/div>\n<div align=\"center\"><b>Sabato 30 maggio, Officine corsare, Torino<\/b><\/div>\n<div align=\"center\">\n<div>Prosegue a partire da <b>marted\u00ec 26 maggio<\/b> con il gruppo pop rock <b>Natas Loves You<\/b> la stagione musicale de <b><i>La Francia in scena<\/i><\/b>, il nuovo calendario di eventi artistici dell&#8217;Istituto francese in Italia, realizzato per iniziativa dell&#8217;Ambasciata di Francia in Italia e dell&#8217;Institut Fran\u00e7ais Italia, lanciato in occasione di Expo Milano 2015.<\/div>\n<div>La formazione, alla sua prima tourn\u00e9e in Italia in occasione dell\u2019uscita del primo album <i>\u201cThe 8th Continent\u201d<\/i>, sar\u00e0 protagonista di uno <b>show case a Radio RAI<\/b> <b>2<\/b>.<\/div>\n<div>Dopo il tour internazionale, le quattro date italiane vedranno i <b><i>Natas Loves you<\/i><\/b> <b>mercoled\u00ec 27 maggio all\u2019Init Club di Roma<\/b>, <b>gioved\u00ec 28 maggio all\u2019Excinema Aurora di Livorno, venerd\u00ec 29 maggio al Pn box di Pordenone e sabato 30 maggio alle Officine corsare di Torino<\/b>.<\/div>\n<div><\/div>\n<div>L\u2019album <i>\u201cThe 8th Continent\u201d<\/i> \u00e8 la storia di un moderno Ulisse alla ricerca di umanit\u00e0 in un mondo senza speranza e in cui deve confrontarsi con il passare del tempo, la morte e con gli effetti benefici dell\u2019amore. <i>\u201cThe 8th Continent\u201d<\/i>riassume gli ultimi tre anni di vita della band, durante i quali il pop elettronico ha trovato nel rock psichedelico il suo alter-ego dando grande enfasi alle voci e ai ritmi.<\/div>\n<div><\/div>\n<div class=\"ecxModulovuotoAA\">L\u2019appuntamento si colloca nell\u2019ampio calendario de \u201c<i>La Francia in scena<\/i><i>\u201d<\/i>, che riunisce in un\u2019unica stagione, da maggio a novembre, diverse proposte di varie discipline artistiche: musica classica, rock, pop e elettronica; danza e circo contemporanei; teatro e performance; arte visiva e contemporanea.<\/div>\n<div class=\"ecxModulovuotoAA\">Maggiori informazioni al sito: <a href=\"http:\/\/www.institutfrancais-italia.com\/\" target=\"_blank\">www.institutfrancais-italia.com<\/a><\/div>\n<div class=\"ecxModulovuotoAA\"><\/div>\n<div>Partner musicale di Ambasciata di Francia e Institut Fran\u00e7ais in Italia per \u201cLa Francia in scena\u201d \u00e8 <i>Deezer (<a class=\"\" href=\"http:\/\/www.deezer.com\/\" target=\"\">www.deezer.com<\/a>)<\/i>, il primo servizio globale di musica in streaming, presente in oltre 180 Paesi e con un catalogo di oltre 35 milioni di brani. Per <i>\u201cLa Francia in scena\u201d<\/i>, <i>Deezer<\/i> ha creato una playlist con i brani dei \u201c<i>Natas Loves You\u201d<\/i>, tratti dal nuovo album <i>\u201cThe 8th Continent\u201d<\/i>. La playlist \u00e8 disponibile a questo link:<a href=\"http:\/\/www.deezer.com\/playlist\/1241489411\" target=\"_blank\">http:\/\/www.deezer.com\/playlist\/1241489411<\/a> . Inoltre, su Deezer, \u00e8 possibile seguire il profilo ufficiale de \u201cLa Francia in scena\u201d a questo indirizzo: <a href=\"http:\/\/www.deezer.com\/profile\/353291845\" target=\"_blank\">http:\/\/www.deezer.com\/profile\/353291845<\/a> .<\/div>\n<div><\/div>\n<div>Il concerto di mercoled\u00ec 27 maggio<i> (Init Club, Roma) <\/i>conclude la rassegna <i>Marte Magazine Reloaded<\/i>(<a href=\"http:\/\/www.martemagazine.it\/\" target=\"_blank\">www.martemagazine.it<\/a>) che celebra, dopo tre anni di pausa, il ritorno della storica webzine di MArtelive con eventi, rubriche e interviste a interpreti della musica nazionale e internazionale.<\/div>\n<div><\/div>\n<div><\/div>\n<div><b>NATAS LOVES YOU<\/b><\/div>\n<div><i>Alain Schuman<\/i> \u2013 voce principale<\/div>\n<div><i>Virgile Arndt<\/i> \u2013 basso e voce<\/div>\n<div><i>Pierre-Hadrien Trigano<\/i> \u2013 voce e tastiera<\/div>\n<div><i>Joonas Jaatinen<\/i> \u2013 batteria<\/div>\n<div><i>Joachim Masson<\/i> \u2013 chitarra<\/div>\n<div><\/div>\n<div><\/div>\n<div>I <b><i>Natas Loves You<\/i><\/b><i> <\/i>debuttano<i> <\/i>all\u2019inizio degli anni 2010 per una ristretta cerchia della musica pop e nel 2014 vengono presentati al MaMA (le March\u00e9 des Musiques Actuelles) di Parigi. I <b><i>Natas Loves You<\/i><\/b> Sono un gruppo di amici e compagni di scuola, provenienti dal Lussemburgo, tutti cresciuti con hip-hop e rock psichedelico, con origini differenti: francesi, spagnole, finlandesi e americane. La musica eclettica e cosmopolita di <b><i>Alain Schuman<\/i><\/b> (voce principale), <b><i>Virgile Arndt<\/i><\/b>(seconda voce e basso), <b><i>Pierre-Hadrien Trigano<\/i><\/b> (seconda voce e tastiera), <b><i>Joonas Jaatinen<\/i><\/b> (batteria) e <b><i>Joachim Masson<\/i><\/b> (chitarra), \u00e8 influenzata da <i>Curtis Mayfield, Metronomy, Zombies<\/i> fino a <i>A Tribe Called Quest<\/i>, passando per<i>Astrud<\/i> e <i>Jo\u00e3o Gilberto. <\/i>Il lavoro dei <b><i>Natas Loves You<\/i><\/b> non rinnega il passato, ma \u00e8 rivolto al futuro mescolando sonorit\u00e0 Anni \u201960 con la sperimentazione elettronica.<\/div>\n<div><b>\u00a0<\/b><\/div>\n<div><b>\u00a0<\/b><\/div>\n<div><b>INFORMAZIONI PRATICHE <\/b>(Tourn\u00e9e in collaborazione con Solid Bond)<\/div>\n<div>Marted\u00ec 26 maggio | Show Case Radio RAI 2, Milano<\/div>\n<div>Mercoled\u00ec 27 maggio ore 21.30 | Init Club, Via della Stazione Tuscolana 133, Roma |\u20ac 8.00<\/div>\n<div>Gioved\u00ec 28 maggio ore 22.30 (Apertura 19.30)| Excinema Aurora, Via Bengasi 113, Livorno | Ingresso Gratuito<\/div>\n<div>Venerd\u00ec 29 maggio ore 21.30| Pn box, Via Vittorio Veneto 23, Pordenone | \u20ac8.00<\/div>\n<div>Sabato 30 maggio ore 21.30| Officine corsare, Via Giorgio Pallavicino 35, Torino | \u20ac3.00 con tessera Arci<\/div>\n<div>\n<div align=\"center\"><b>La Francia in scena<\/b><\/div>\n<div align=\"center\"><b>\u00a0<\/b><\/div>\n<div align=\"center\"><a href=\"http:\/\/institutfrancais-italia.com\/\" target=\"_blank\"><b>institutfrancais-italia.com<\/b><\/a><\/div>\n<div align=\"center\"><b>facebook.com\/IFItalia<\/b><\/div>\n<div align=\"center\"><b>twitter.com\/IF_Italia<\/b><\/div>\n<div align=\"center\"><\/div>\n<div align=\"center\"><b>\u00a0<\/b><\/div>\n<\/div>\n<\/div>\n<\/div>\n","protected":false},"excerpt":{"rendered":"<p>Musica Pop Rock Natas Loves You Prima tourn\u00e9e in Italia in occasione del lancio del primo disco \u00abThe 8th Continent\u00bb Presentazione: Marted\u00ec 26 maggio, Show Case Radio RAI 2, Milano \u00a0 Tour: Mercoled\u00ec 27 maggio, Init Club, Roma Gioved\u00ec 28 maggio, Excinema Aurora, Livorno Venerd\u00ec 29 maggio, Pnbox, Pordenone Sabato 30 maggio, Officine corsare, Torino &hellip; <a href=\"https:\/\/www.gdapress.it\/it\/index.php\/52141\/musica\/la-francia-in-scena-musica-pop-rock-natas-loves-you.html\" class=\"more-link\">Read more <span class=\"screen-reader-text\">LA FRANCIA IN SCENA  Musica Pop Rock  NATAS LOVES YOU<\/span><\/a><\/p>\n","protected":false},"author":3,"featured_media":0,"comment_status":"closed","ping_status":"open","sticky":false,"template":"","format":"standard","meta":{"footnotes":""},"categories":[19],"tags":[15848,15898,15899],"class_list":["post-52141","post","type-post","status-publish","format-standard","hentry","category-musica","tag-la-francia-in-scena","tag-musica-pop-rock","tag-natas-loves-you"],"_links":{"self":[{"href":"https:\/\/www.gdapress.it\/it\/index.php\/wp-json\/wp\/v2\/posts\/52141","targetHints":{"allow":["GET"]}}],"collection":[{"href":"https:\/\/www.gdapress.it\/it\/index.php\/wp-json\/wp\/v2\/posts"}],"about":[{"href":"https:\/\/www.gdapress.it\/it\/index.php\/wp-json\/wp\/v2\/types\/post"}],"author":[{"embeddable":true,"href":"https:\/\/www.gdapress.it\/it\/index.php\/wp-json\/wp\/v2\/users\/3"}],"replies":[{"embeddable":true,"href":"https:\/\/www.gdapress.it\/it\/index.php\/wp-json\/wp\/v2\/comments?post=52141"}],"version-history":[{"count":1,"href":"https:\/\/www.gdapress.it\/it\/index.php\/wp-json\/wp\/v2\/posts\/52141\/revisions"}],"predecessor-version":[{"id":52143,"href":"https:\/\/www.gdapress.it\/it\/index.php\/wp-json\/wp\/v2\/posts\/52141\/revisions\/52143"}],"wp:attachment":[{"href":"https:\/\/www.gdapress.it\/it\/index.php\/wp-json\/wp\/v2\/media?parent=52141"}],"wp:term":[{"taxonomy":"category","embeddable":true,"href":"https:\/\/www.gdapress.it\/it\/index.php\/wp-json\/wp\/v2\/categories?post=52141"},{"taxonomy":"post_tag","embeddable":true,"href":"https:\/\/www.gdapress.it\/it\/index.php\/wp-json\/wp\/v2\/tags?post=52141"}],"curies":[{"name":"wp","href":"https:\/\/api.w.org\/{rel}","templated":true}]}}