
{"id":52120,"date":"2015-05-25T12:39:24","date_gmt":"2015-05-25T10:39:24","guid":{"rendered":"http:\/\/www.gdapress.it\/it\/?p=52120"},"modified":"2015-05-25T12:39:24","modified_gmt":"2015-05-25T10:39:24","slug":"park-hyatt-milano-presenta-il-nuovo-dehors-del-mio","status":"publish","type":"post","link":"https:\/\/www.gdapress.it\/it\/index.php\/52120\/enogastronomia\/park-hyatt-milano-presenta-il-nuovo-dehors-del-mio.html","title":{"rendered":"Park Hyatt Milano presenta il nuovo Dehors del MIO"},"content":{"rendered":"<p><a href=\"http:\/\/www.gdapress.it\/it\/..\/public\/it\/2015\/05\/Dehors-Mio_7.jpeg\"><img loading=\"lazy\" decoding=\"async\" class=\"alignnone size-large wp-image-52121\" src=\"http:\/\/www.gdapress.it\/it\/..\/public\/it\/2015\/05\/Dehors-Mio_7-500x334.jpeg\" alt=\"Dehors Mio_7\" width=\"500\" height=\"334\" srcset=\"https:\/\/www.gdapress.it\/it\/..\/public\/it\/2015\/05\/Dehors-Mio_7-500x334.jpeg 500w, https:\/\/www.gdapress.it\/it\/..\/public\/it\/2015\/05\/Dehors-Mio_7-300x200.jpeg 300w, https:\/\/www.gdapress.it\/it\/..\/public\/it\/2015\/05\/Dehors-Mio_7.jpeg 640w\" sizes=\"auto, (max-width: 500px) 100vw, 500px\" \/><\/a>\u00a0\u00a0<a href=\"http:\/\/www.gdapress.it\/it\/..\/public\/it\/2015\/05\/Mio-bar-16.jpeg\"><img loading=\"lazy\" decoding=\"async\" class=\"alignnone size-medium wp-image-52123\" src=\"http:\/\/www.gdapress.it\/it\/..\/public\/it\/2015\/05\/Mio-bar-16-200x300.jpeg\" alt=\"Mio bar 16\" width=\"200\" height=\"300\" srcset=\"https:\/\/www.gdapress.it\/it\/..\/public\/it\/2015\/05\/Mio-bar-16-200x300.jpeg 200w, https:\/\/www.gdapress.it\/it\/..\/public\/it\/2015\/05\/Mio-bar-16-267x400.jpeg 267w, https:\/\/www.gdapress.it\/it\/..\/public\/it\/2015\/05\/Mio-bar-16.jpeg 427w\" sizes=\"auto, (max-width: 200px) 100vw, 200px\" \/><\/a><\/p>\n<p><a href=\"http:\/\/www.gdapress.it\/it\/..\/public\/it\/2015\/05\/Mio-bar-19.jpeg\"><img loading=\"lazy\" decoding=\"async\" class=\"alignnone size-large wp-image-52122\" src=\"http:\/\/www.gdapress.it\/it\/..\/public\/it\/2015\/05\/Mio-bar-19-500x334.jpeg\" alt=\"Mio bar 19\" width=\"500\" height=\"334\" srcset=\"https:\/\/www.gdapress.it\/it\/..\/public\/it\/2015\/05\/Mio-bar-19-500x334.jpeg 500w, https:\/\/www.gdapress.it\/it\/..\/public\/it\/2015\/05\/Mio-bar-19-300x200.jpeg 300w, https:\/\/www.gdapress.it\/it\/..\/public\/it\/2015\/05\/Mio-bar-19.jpeg 640w\" sizes=\"auto, (max-width: 500px) 100vw, 500px\" \/><\/a><\/p>\n<p>&nbsp;<\/p>\n<p><em>Ultimo atto del processo di rinnovamento avviato con l\u2019apertura del nuovo Bar \u00e8 l\u2019apertura del Dehors del Mio: l\u2019eleganza si affaccia in Galleria<\/em><\/p>\n<p>Con l\u2019apertura del nuovo <strong><em>Dehors<\/em><\/strong> del <strong><em>MIO<\/em><\/strong> si completa il processo di rinnovamento degli ambienti che <em>Park Hyatt Milano<\/em> ha avviato nello scorso gennaio e che hanno interessato il Ristorante <em>VUN<\/em>, il Bar <em>MIO<\/em> e, infine, proprio il <em>Dehors<\/em> dell\u2019hotel.<\/p>\n<p>&nbsp;<\/p>\n<p>Progettato dall\u2019architetto <em>Flaviano Capriotti<\/em> &#8211; che ha firmato l\u2019intero restyle \u2013 il Dehors si presenta non solo rinnovato negli arredi ma anche pi\u00f9 esteso e versatile rispetto al passato: 25 i posti a sedere della nuova struttura, che rester\u00e0 aperta anche in inverno consentendo la vista sulla Galleria da un ambiente riservato ed esclusivo.<\/p>\n<p>&nbsp;<\/p>\n<p><strong>Il sapore di un luogo<\/strong><\/p>\n<p>Il <strong><em>Dehors<\/em><\/strong> rappresenta un nuovo momento di versatile benessere per quanti cercano, a un passo dalla Galleria Vittorio Emanuele II, un\u2019oasi di qualit\u00e0 e autenticit\u00e0. L\u2019offerta gastronomica beneficia dell\u2019esperienza e del valore della cucina dello chef stellato <strong><em>Andrea Aprea<\/em><\/strong>. La carta (destinata a cambiare ogni due mesi, in base alla stagionalit\u00e0 delle materie prime) offre due percorsi distinti: classici italiani e piatti internazionali, per offrire anche ai viaggiatori meno curiosi un porto sicuro cui approdare.<\/p>\n<p>Essendo l\u2019estensione del MIO, il Dehors \u00e8 il punto di riferimento naturale per il rito dell\u2019aperitivo e per tutti quanti sono appassionati di cocktails. Aperto sino all\u20191 del mattino pu\u00f2 essere il teatro ideale per trascorrere ogni momento della giornata all\u2019insegna di eleganza e bien vivre.<\/p>\n<p>&nbsp;<\/p>\n<p><strong>Concept e arredi<\/strong><\/p>\n<p>Per trasferire all\u2019ospite un senso di naturalezza e comfort nel Dehors \u00e8 stato scelto di impiegare un materiale naturale come il teak. L&#8217;allestimento floreale ha un carattere spontaneo, concepito per vivere in tutte le stagioni, con fioriture e profumi diversi lungo tutto l&#8217;arco dell&#8217;anno: essenze mediterranee come rosmarino e mirto, fiori come camelia e azalea vivono sia sul perimetro che all&#8217;interno della terrazza in vasi artigianali di terracotta toscana.<\/p>\n<p>L&#8217;arredamento, prodotto da <strong><em>Roda<\/em><\/strong>, azienda punto di riferimento per il lusso nell\u2019outdoor, \u00e8 stato selezionato per offrire il massimo comfort e flessibilit\u00e0 ed \u00e8 disposto in modo da garantire privacy tra le varie composizioni. La collezione di sedute <em>Orson<\/em> disegnata da <em>Gordon Guillaumier<\/em> \u00e8 declinata nella versione pieghevole per esterno, rivisitazione in chiave contemporanea della classica sedia da regista, e in quella total wood: il tutto in perfetto equilibrio tra solidit\u00e0 e leggerezza con il tavolo <em>Stem<\/em> \u2013 disegnato da <em>Rodolfo Dordoni<\/em> &#8211; per dare insieme eleganza, solidit\u00e0 e leggerezza.<\/p>\n<p>Il Dehors \u00e8 la naturale estensione del Mio nella bella stagione mentre d&#8217;inverno, grazie ad allestimenti specifici, avr\u00e0 il sapore di un giardino privato.<\/p>\n<p>&#8212;&#8212;&#8212;&#8212;&#8212;&#8212;&#8212;&#8212;&#8212;&#8211;<\/p>\n<p><strong><em>Si chiama MIO<\/em><\/strong><strong>, \u00e8 il city bar di Milano <\/strong><\/p>\n<p><strong>\u00a0<\/strong><\/p>\n<p>Nel giugno 2014 Park Hyatt Milano incaric\u00f2 l\u2019architetto <em>Flaviano Capriotti<\/em> di riconfigurare l\u2019intero piano terra nell\u2019ala che ospita ristorante e bar.<\/p>\n<p>Il progetto \u00e8 stato pensato per dare all\u2019area bar una maggior centralit\u00e0 nella vita dell\u2019hotel ma anche per diventare un punto di riferimento per il pubblico milanese.<\/p>\n<p>Il design degli ambienti ha un sapore contemporaneo ma ricco di rimandi alla storia e all\u2019esperienza milanese. La cucina mantiene la forte impronta naturale e creativa dello Chef <em>Andrea Aprea<\/em>, legando assieme la tradizione gastronomica italiana con la contemporaneit\u00e0 della cucina internazionale.<\/p>\n<p><strong>\u00a0<\/strong><\/p>\n<p>Il MIO \u00e8 stato concepito per essere il centro delle aree pubbliche e conviviali del Park Hyatt Milano posizionandosi come punto di contatto tra la Cupola Lobby Lounge e il ristorante <em>VUN<\/em>.<\/p>\n<p>Lo stile \u00e8 glamour e informale: un ambiente d\u2019atmosfera in cui potersi rilassare o passare serate ricche di stimoli. Ad un passo dalla Galleria Vittorio Emanuele II, nel cuore della citt\u00e0, il <em>MIO<\/em> sa essere la destinazione ideale per i pranzi del financial district di Milano, cos\u00ec come il luogo elettivo per l\u2019aperitivo; sa dare al turista il senso della contemporaneit\u00e0 cos\u00ec come al milanese il sapore della propria tradizione, ricco di riferimenti apprezzati dalle fashion e design communities che fanno di Milano una citt\u00e0 stimolante e innovativa.<\/p>\n<p>&nbsp;<\/p>\n<p>&nbsp;<\/p>\n<p>&nbsp;<\/p>\n","protected":false},"excerpt":{"rendered":"<p>\u00a0\u00a0 &nbsp; Ultimo atto del processo di rinnovamento avviato con l\u2019apertura del nuovo Bar \u00e8 l\u2019apertura del Dehors del Mio: l\u2019eleganza si affaccia in Galleria Con l\u2019apertura del nuovo Dehors del MIO si completa il processo di rinnovamento degli ambienti che Park Hyatt Milano ha avviato nello scorso gennaio e che hanno interessato il Ristorante &hellip; <a href=\"https:\/\/www.gdapress.it\/it\/index.php\/52120\/enogastronomia\/park-hyatt-milano-presenta-il-nuovo-dehors-del-mio.html\" class=\"more-link\">Read more <span class=\"screen-reader-text\">Park Hyatt Milano presenta il nuovo Dehors del MIO<\/span><\/a><\/p>\n","protected":false},"author":3,"featured_media":0,"comment_status":"closed","ping_status":"open","sticky":false,"template":"","format":"standard","meta":{"footnotes":""},"categories":[20],"tags":[15895,5719,9393],"class_list":["post-52120","post","type-post","status-publish","format-standard","hentry","category-enogastronomia","tag-dehors","tag-mio","tag-park-hyatt-milano"],"_links":{"self":[{"href":"https:\/\/www.gdapress.it\/it\/index.php\/wp-json\/wp\/v2\/posts\/52120","targetHints":{"allow":["GET"]}}],"collection":[{"href":"https:\/\/www.gdapress.it\/it\/index.php\/wp-json\/wp\/v2\/posts"}],"about":[{"href":"https:\/\/www.gdapress.it\/it\/index.php\/wp-json\/wp\/v2\/types\/post"}],"author":[{"embeddable":true,"href":"https:\/\/www.gdapress.it\/it\/index.php\/wp-json\/wp\/v2\/users\/3"}],"replies":[{"embeddable":true,"href":"https:\/\/www.gdapress.it\/it\/index.php\/wp-json\/wp\/v2\/comments?post=52120"}],"version-history":[{"count":1,"href":"https:\/\/www.gdapress.it\/it\/index.php\/wp-json\/wp\/v2\/posts\/52120\/revisions"}],"predecessor-version":[{"id":52124,"href":"https:\/\/www.gdapress.it\/it\/index.php\/wp-json\/wp\/v2\/posts\/52120\/revisions\/52124"}],"wp:attachment":[{"href":"https:\/\/www.gdapress.it\/it\/index.php\/wp-json\/wp\/v2\/media?parent=52120"}],"wp:term":[{"taxonomy":"category","embeddable":true,"href":"https:\/\/www.gdapress.it\/it\/index.php\/wp-json\/wp\/v2\/categories?post=52120"},{"taxonomy":"post_tag","embeddable":true,"href":"https:\/\/www.gdapress.it\/it\/index.php\/wp-json\/wp\/v2\/tags?post=52120"}],"curies":[{"name":"wp","href":"https:\/\/api.w.org\/{rel}","templated":true}]}}