
{"id":52048,"date":"2015-03-06T23:06:20","date_gmt":"2015-03-06T21:06:20","guid":{"rendered":"http:\/\/www.gdapress.it\/it\/?p=52048"},"modified":"2015-05-24T23:09:11","modified_gmt":"2015-05-24T21:09:11","slug":"carpaccio-palazzo-sarcinelli-conegliano","status":"publish","type":"post","link":"https:\/\/www.gdapress.it\/it\/index.php\/52048\/arte\/carpaccio-palazzo-sarcinelli-conegliano.html","title":{"rendered":"CARPACCIO  Palazzo Sarcinelli Conegliano"},"content":{"rendered":"<p>a cura di Giandomenico Romanelli Conegliano, Palazzo Sarcinelli, 7 marzo &#8211; 28 giugno 2015<\/p>\n<p>Dopo la grande mostra del 1963 a Palazzo Ducale a Venezia, il felice ritorno dell\u2019ultimo sorprendente Carpaccio e la scoperta del figlio Benedetto a Palazzo Sarcinelli a Conegliano. Sotto l\u2019Alto Patronato del Presidente della Repubblica Italiana, promossa dal Comune di Conegliano e da Civita Tre Venezie, con la partecipazione della Regione Veneto, e con il patrocinio della Provincia di Treviso, la mostra \u00e8 il secondo appuntamento del ciclo progettato da Giandomenico Romanelli a Palazzo Sarcinelli. La volont\u00e0 del curatore e del comitato promotore di cui fanno parte Luca Caburlotto, Giovanna Damiani, Augusto Gentili e Marica Mercalli, \u00e8 quella di indagare e illustrare gli ultimi dieci anni di attivit\u00e0 di Vitt\u00f2re Carpaccio (dal 1515 al 1525 ca.), considerato il pi\u00f9 grande narratore, \u2018teatralizzatore\u2019 e vedutista ante-litteram della pittura veneziana, anni che sono segnati da una importante svolta nella sua poetica. In mostra capolavori di grandissima qualit\u00e0 e originalit\u00e0, dipinti celebri da ritrovare come il San Giorgio che lotta con il drago di San Giorgio Maggiore, la Pala di Pirano, il Polittico da Pozzale del Cadore, o la particolarissima Entrata del podest\u00e0 Contarini a Capodistria che, nella prospettiva adottata, consente allo spettatore un insolito e realistico sguardo sulla citt\u00e0; opere da riscoprire come le clamorose Portelle d\u2019organo dal Duomo di Capodistria o il bellissimo Trittico di Santa Fosca ricomposto per la prima volta dopo cinquant\u2019anni, in collaborazione con Permasteelisa Group, da Zagabria, Venezia e Bergamo in occasione della mostra; e ancora dipinti da scoprire, di fatto mai visti, come la novit\u00e0 assoluta del Padre eterno tra i cherubini da Sirtori, (Lecco). Circa cinquanta opere tra dipinti, pale d\u2019altare, disegni, documenti, stampe. Carpaccio era stato l\u2019interprete (con Gentile Bellini, Basaiti e altri colleghi) di un gusto e di una sensibilit\u00e0 che nascevano e rispondevano alle esigenze di auto-rappresentazione e auto-celebrazione del considerevole ceto dei professionisti, mercanti, artigiani, pubblici funzionari e le Scuole (grandi e piccole) erano il luogo in cui tale ceto trovava la sua esplicitazione pi\u00f9 compiuta e fortunata. Qui Carpaccio idealizzava il mondo veneziano in una visione e in una rappresentazione sospese tra realismo e utopia, tra documentazione e seducente favola letteraria. E\u2019 il mondo elegante e sognante delle storie di Sant\u2019Orsola, dei successi di san Giorgio sul drago, della vita cenobitica del grande saggio Girolamo. La rottura di un equilibrio che appariva perfetto si gioca a cavallo tra XV e XVI secolo: le guerre, le crisi politiche, i contrasti religiosi fan s\u00ec che tramonti una Conegliano, Palazzo Sarcinelli 7 marzo &#8211; 28 giugno 2015 stagione e se ne affermi un\u2019altra, pi\u00f9 dolorosa e concitata, pi\u00f9 laica e spregiudicata, pi\u00f9 spericolata e libera nella stessa ricerca e trasformazione dei linguaggi dell\u2019arte. Compaiono sulla scena artistica nuovi protagonisti: da Giorgione a Tiziano, dal Lotto a Pordenone a Sebastiano del Piombo. Carpaccio affronta il secolo nuovo sottoponendo anche il proprio linguaggio ad una sorta di prova, di affinamento, di verifica. La nostra mostra insegue Vittore in questa ricerca che appare talvolta drammatica, in questo viaggio interiore tormentato ma anche liricamente poetico. Un viaggio che segue il pittore nello spostamento del suo centro d\u2019interesse dalla capitale al territorio, quindi verso il confine orientale della Repubblica, verso quell\u2019Istria amatissima e luminosa che sar\u00e0 per altro presto investita dal vivificante ciclone della Riforma. Itinerario d\u2019arte nel territorio al tempo di Carpaccio Palazzo Sarcinelli \u00e8 nel cuore di Conegliano e Conegliano \u00e8 nel cuore di un territorio ricchissimo di arte e di storia. La mostra di Carpaccio pu\u00f2 essere l&#8217;occasione per scoprirne i tesori nascosti e per apprezzare l&#8217;unicit\u00e0 di quello che a ragione \u00e8 stato definito un grande museo a cielo aperto. I visitatori sono quindi invitati, a corredo e completamento del percorso dentro la mostra, a intraprendere un breve viaggio affascinante nella cultura artistica al tempo di Carpaccio su una terra che conserva e svela testimonianze ineguagliabili di quell&#8217;arte e di quella cultura, crocevia di correnti culturali, letterarie, artistiche; luoghi d&#8217;incontro tra piet\u00e0 popolare e dottrina &#8216;alta&#8217;, di pensiero filosofico e sapienza contadina; di tradizioni e di accoglienza, di curiosit\u00e0 per lo straniero e di ospitalit\u00e0 per il pellegrino. Un itinerario che pu\u00f2 essere come un girovagare tra i gioielli di famiglia, un curiosare tra capolavori celeberrimi e i segni sommessi di piccoli maestri. Da Conegliano, che dispiega le sue eccellenze d&#8217;arte nel Duomo, nella Scuola dei Battuti e nelle sue varie chiese, si pu\u00f2 passare a Susegana e scegliere la strada per Treviso inseguendo le tracce di Tiziano, Lorenzo Lotto, Pordenone, Savoldo; oppure dirigersi verso Vittorio Veneto (le antiche Ceneda e Serravalle) per ritrovarsi ancora con Tiziano, dopo essere transitati accanto al lago di Revine e all&#8217;appartata Cison di Valmarino localit\u00e0 tutte che celano maestri del calibro di Cima, di Francesco da Milano, di Andrea Previtali. Rivolgersi poi alla volta di Asolo e Castelfranco per restare rapiti dalla grandezza di Giorgione e, ancora, di Lorenzo Lotto. Ma non minori sorprese riserver\u00e0 la strada verso Feltre e Belluno, con l&#8217;austerit\u00e0 dei loro meno noti ma non meno interessanti maestri per ritrovarsi a Pieve di Cadore, culla dell&#8217;immenso Tiziano.<\/p>\n<p>Sede Palazzo Sarcinelli Via XX Settembre 132 Conegliano, Palazzo Sarcinelli 7 marzo &#8211; 28 giugno 2015 31015 Conegliano (Treviso) Date Dal 7 marzo al 28 giugno 2015 Vernice 6 marzo 2015 Apertura marted\u00ec, mercoled\u00ec e gioved\u00ec 9.00 &#8211; 18.00 venerd\u00ec 9.00 &#8211; 21.00 sabato e domenica 9.00 \u2013 19.00 chiuso il luned\u00ec Informazioni www.mostracarpaccio.it Prenotazioni 199.15.11.14 E\u2019 possibile prenotare la vostra visita dal 18 settembre 2014 Biglietti Intero \u20ac 10,00 Ridotto \u20ac 8,00: studenti, adulti over 60 anni, convenzioni, Ridotto \u20ac 7,00 euro: gruppi da 10 a 25 persone Ridotto scuole \u20ac 4,00 Speciale famiglie \u20ac 22,00: nuclei familiari formati da due adulti e un minorenne (dal secondo minorenne in poi \u20ac 6,00) Gratuito: bambini fino ai 6 anni, disabili con accompagnatore, guide turistiche, due accompagnatori per classe e un accompagnatore per gruppo, giornalisti previo accredito. Attivit\u00e0 educative Visita didattica per le scuole della durata di un\u2019ora \u20ac 60,00 Visita didattica e laboratorio per le scuole della durata di 2 ore \u20ac 100,00 Visita guidata in Italiano \u20ac 100,00 per gruppi da 10 a 25 persone Visita guidata in Inglese \u20ac 120,00 per gruppi da 10 a 25 persone Le visite guidate sono effettuate con l\u2019ausilio di un sistema radio-microfonico il cui costo \u00e8 compreso nell\u2019importo indicato. Per i gruppi con guida propria il costo dell\u2019affitto obbligatorio del sistema \u00e8 di \u20ac 30,00 Prenotazione obbligatoria per gruppi 199.15.11.14 \u20ac 1,50 cad. per i gruppi e singoli Prenotazione obbligatoria per scuole Le scuole possono prenotare dal luned\u00ec al venerd\u00ec +39 345 7948689 info@astartesc.it<\/p>\n","protected":false},"excerpt":{"rendered":"<p>a cura di Giandomenico Romanelli Conegliano, Palazzo Sarcinelli, 7 marzo &#8211; 28 giugno 2015 Dopo la grande mostra del 1963 a Palazzo Ducale a Venezia, il felice ritorno dell\u2019ultimo sorprendente Carpaccio e la scoperta del figlio Benedetto a Palazzo Sarcinelli a Conegliano. Sotto l\u2019Alto Patronato del Presidente della Repubblica Italiana, promossa dal Comune di Conegliano &hellip; <a href=\"https:\/\/www.gdapress.it\/it\/index.php\/52048\/arte\/carpaccio-palazzo-sarcinelli-conegliano.html\" class=\"more-link\">Read more <span class=\"screen-reader-text\">CARPACCIO  Palazzo Sarcinelli Conegliano<\/span><\/a><\/p>\n","protected":false},"author":3,"featured_media":0,"comment_status":"closed","ping_status":"open","sticky":false,"template":"","format":"standard","meta":{"footnotes":""},"categories":[4],"tags":[2180,1084,12509],"class_list":["post-52048","post","type-post","status-publish","format-standard","hentry","category-arte","tag-carpaccio","tag-conegliano","tag-palazzo-sarcinelli"],"_links":{"self":[{"href":"https:\/\/www.gdapress.it\/it\/index.php\/wp-json\/wp\/v2\/posts\/52048","targetHints":{"allow":["GET"]}}],"collection":[{"href":"https:\/\/www.gdapress.it\/it\/index.php\/wp-json\/wp\/v2\/posts"}],"about":[{"href":"https:\/\/www.gdapress.it\/it\/index.php\/wp-json\/wp\/v2\/types\/post"}],"author":[{"embeddable":true,"href":"https:\/\/www.gdapress.it\/it\/index.php\/wp-json\/wp\/v2\/users\/3"}],"replies":[{"embeddable":true,"href":"https:\/\/www.gdapress.it\/it\/index.php\/wp-json\/wp\/v2\/comments?post=52048"}],"version-history":[{"count":1,"href":"https:\/\/www.gdapress.it\/it\/index.php\/wp-json\/wp\/v2\/posts\/52048\/revisions"}],"predecessor-version":[{"id":52049,"href":"https:\/\/www.gdapress.it\/it\/index.php\/wp-json\/wp\/v2\/posts\/52048\/revisions\/52049"}],"wp:attachment":[{"href":"https:\/\/www.gdapress.it\/it\/index.php\/wp-json\/wp\/v2\/media?parent=52048"}],"wp:term":[{"taxonomy":"category","embeddable":true,"href":"https:\/\/www.gdapress.it\/it\/index.php\/wp-json\/wp\/v2\/categories?post=52048"},{"taxonomy":"post_tag","embeddable":true,"href":"https:\/\/www.gdapress.it\/it\/index.php\/wp-json\/wp\/v2\/tags?post=52048"}],"curies":[{"name":"wp","href":"https:\/\/api.w.org\/{rel}","templated":true}]}}