
{"id":51959,"date":"2015-05-22T23:31:26","date_gmt":"2015-05-22T21:31:26","guid":{"rendered":"http:\/\/www.gdapress.it\/it\/?p=51959"},"modified":"2015-05-23T23:31:49","modified_gmt":"2015-05-23T21:31:49","slug":"expo-min-martina-inaugura-mi-2015-caseificio-grana-padano-che-produce-ogni-giorno-2-forme-allinterno-di-cascina-triulza","status":"publish","type":"post","link":"https:\/\/www.gdapress.it\/it\/index.php\/51959\/expo-2015-2\/expo-min-martina-inaugura-mi-2015-caseificio-grana-padano-che-produce-ogni-giorno-2-forme-allinterno-di-cascina-triulza.html","title":{"rendered":"EXPO: MIN. MARTINA INAUGURA &#8220;MI 2015&#8221;, CASEIFICIO GRANA PADANO CHE PRODUCE OGNI GIORNO 2 FORME ALL&#8217;INTERNO DI CASCINA TRIULZA"},"content":{"rendered":"<p><a href=\"http:\/\/www.gdapress.it\/it\/..\/public\/it\/2015\/05\/EXPO_DA-SX_MINISTRO-MARTINA_NICOLA-CESARE-BALDRIGHI-PRESIDENTE-GRANA-PADANO.jpeg\"><img loading=\"lazy\" decoding=\"async\" class=\"alignnone size-large wp-image-51960\" src=\"http:\/\/www.gdapress.it\/it\/..\/public\/it\/2015\/05\/EXPO_DA-SX_MINISTRO-MARTINA_NICOLA-CESARE-BALDRIGHI-PRESIDENTE-GRANA-PADANO-500x334.jpeg\" alt=\"EXPO_DA SX_MINISTRO MARTINA_NICOLA CESARE BALDRIGHI PRESIDENTE GRANA PADANO\" width=\"500\" height=\"334\" srcset=\"https:\/\/www.gdapress.it\/it\/..\/public\/it\/2015\/05\/EXPO_DA-SX_MINISTRO-MARTINA_NICOLA-CESARE-BALDRIGHI-PRESIDENTE-GRANA-PADANO-500x334.jpeg 500w, https:\/\/www.gdapress.it\/it\/..\/public\/it\/2015\/05\/EXPO_DA-SX_MINISTRO-MARTINA_NICOLA-CESARE-BALDRIGHI-PRESIDENTE-GRANA-PADANO-300x200.jpeg 300w, https:\/\/www.gdapress.it\/it\/..\/public\/it\/2015\/05\/EXPO_DA-SX_MINISTRO-MARTINA_NICOLA-CESARE-BALDRIGHI-PRESIDENTE-GRANA-PADANO.jpeg 826w\" sizes=\"auto, (max-width: 500px) 100vw, 500px\" \/><\/a><\/p>\n<p>&nbsp;<\/p>\n<p>Un vero e proprio caseificio, con la matricola ufficiale &#8216;MI 2015&#8217;,\u00a0dotato di\u00a0una mono caldaia in grado di produrre forme di Grana Padano.\u00a0La prima di queste forme rigorosamente &#8216;made in Expo Milano&#8217;, \u00e8 nata oggi\u00a0a Cascina Triulza, all&#8217;interno\u00a0dell&#8217;Esposizione Universale, <strong>alla presenza del ministro per le Politiche Agricole e Forestali, Maurizio Martina<\/strong>.<\/p>\n<p>&nbsp;<\/p>\n<p>&#8220;Da oggi i visitatori di Expo &#8211; <strong>ha dichiarato Martina <\/strong>&#8211; potranno vedere il grande lavoro che c&#8217;\u00e8 dietro a uno dei pi\u00f9 importanti ambasciatori del Made in Italy agroalimentare nel mondo, come il Grana Padano. Un progetto utile anche in chiave di educazione alimentare che valorizza l&#8217;esperienza dei territori, del lavoro di migliaia di allevatori e l&#8217;arte dei nostri produttori. L&#8217;evento di Milano \u00e8 una vetrina incredibile per mostrare al mondo le nostre eccellenze produttive&#8221;.<\/p>\n<p>&nbsp;<\/p>\n<p>\u201cUn progetto\u00a0benefico\u00a0&#8211; <strong>spiega il presidente del Consorzio Grana padano, Nicola Cesare Baldrighi<\/strong> &#8211; che coinvolger\u00e0 i visitatori, rendendoli partecipi del processo di lavorazione del formaggio Dop pi\u00f9 consumato del mondo\u201d. Grana Padano nel 2014 ha fatto segnare una produzione di oltre 4,5 milioni di forme di cui 1.588.000 destinate al mercato internazionale. Un sistema che coinvolge\u00a040 mila operatori e 132 caseifici\u201d.<\/p>\n<p>&nbsp;<\/p>\n<p>\u201cOgni giorno, fino al 31 ottobre &#8211; <strong>aggiunge il presidente\u00a0Baldrighi<\/strong> &#8211; nel caseificio &#8216;MI 2015&#8217; verranno\u00a0realizzate due forme di Grana Padano\u00a0\u00a0rispettando rigorosamente il disciplinare di produzione attraverso tutti i processi lavorativi previsti\u201d.<\/p>\n<p>&nbsp;<\/p>\n<p>\u201cLe forme prodotte in Expo &#8211; <strong>aggiunge Stefano Berni, direttore generale del Consorzio<\/strong> &#8211; saranno contraddistinte dal marchio &#8216;MI 2015&#8217; e verranno vendute all\u2019asta. Il ricavato, dedotti solo i puri costi del latte, verr\u00e0 devoluto\u00a0<strong>all\u2019Ospedale Pediatrico<\/strong> <strong>N.P.H. Saint Damien di Haiti<\/strong> tramite la <strong>Fondazione\u00a0\u00a0Francesca Rava<\/strong> <strong>NPH Italia Onlus<\/strong> con la quale abbiamo gi\u00e0 realizzato nel medesimo ospedale il reparto di malattie nutrizionali. La mission \u00e8 curare i bambini affetti da problemi metabolici, perch\u00e9 la grande povert\u00e0 nello stato di Haiti non consente ad una consistente fetta della popolazione di nutrirsi in modo equilibrato e corretto\u201d.<\/p>\n<p>&nbsp;<\/p>\n<p>&#8220;Questo &#8211; <strong>concludono Baldrighi e Berni<\/strong> &#8211; <strong>\u00e8 il nostro modo di nutrire il pianeta<\/strong>, ovvero il modo di interpretare il titolo tematico di Expo Milano 2015&#8243;.<\/p>\n<p>\u201cL\u2019inaugurazione del caseificio del Consorzio Tutela Grana Padano in Cascina Triulza segna un momento molto importante dell\u2019attivit\u00e0 del Padiglione della Societ\u00e0 Civile ed \u00e8 una delle testimonianze del grande impegno di Confcooperative, sponsor ufficiale di Cascina Triulza \u2013 dichiara\u00a0<strong>Massimo Minelli, Vicepresidente di Confcooperative Lombardia e Consigliere di Fondazione Triulza<\/strong>\u00a0\u2013 Il caseificio sar\u00e0 da oggi pienamente attivo e coinvolger\u00e0 i visitatori in un\u2019esperienza unica, espressione del legame con la terra e di un saper fare che \u00e8 valore prezioso e condiviso da tutti gli attori della filiera del Grana Padano e dal mondo delle imprese cooperative\u201d.<\/p>\n<p>&nbsp;<\/p>\n","protected":false},"excerpt":{"rendered":"<p>&nbsp; Un vero e proprio caseificio, con la matricola ufficiale &#8216;MI 2015&#8217;,\u00a0dotato di\u00a0una mono caldaia in grado di produrre forme di Grana Padano.\u00a0La prima di queste forme rigorosamente &#8216;made in Expo Milano&#8217;, \u00e8 nata oggi\u00a0a Cascina Triulza, all&#8217;interno\u00a0dell&#8217;Esposizione Universale, alla presenza del ministro per le Politiche Agricole e Forestali, Maurizio Martina. &nbsp; &#8220;Da oggi i &hellip; <a href=\"https:\/\/www.gdapress.it\/it\/index.php\/51959\/expo-2015-2\/expo-min-martina-inaugura-mi-2015-caseificio-grana-padano-che-produce-ogni-giorno-2-forme-allinterno-di-cascina-triulza.html\" class=\"more-link\">Read more <span class=\"screen-reader-text\">EXPO: MIN. MARTINA INAUGURA &#8220;MI 2015&#8221;, CASEIFICIO GRANA PADANO CHE PRODUCE OGNI GIORNO 2 FORME ALL&#8217;INTERNO DI CASCINA TRIULZA<\/span><\/a><\/p>\n","protected":false},"author":3,"featured_media":0,"comment_status":"closed","ping_status":"open","sticky":false,"template":"","format":"standard","meta":{"footnotes":""},"categories":[12170],"tags":[15831,14501,13487,1775,11252,15830],"class_list":["post-51959","post","type-post","status-publish","format-standard","hentry","category-expo-2015-2","tag-mi-2015","tag-cascina-triulza","tag-caseificio","tag-expo","tag-grana-padano","tag-martina"],"_links":{"self":[{"href":"https:\/\/www.gdapress.it\/it\/index.php\/wp-json\/wp\/v2\/posts\/51959","targetHints":{"allow":["GET"]}}],"collection":[{"href":"https:\/\/www.gdapress.it\/it\/index.php\/wp-json\/wp\/v2\/posts"}],"about":[{"href":"https:\/\/www.gdapress.it\/it\/index.php\/wp-json\/wp\/v2\/types\/post"}],"author":[{"embeddable":true,"href":"https:\/\/www.gdapress.it\/it\/index.php\/wp-json\/wp\/v2\/users\/3"}],"replies":[{"embeddable":true,"href":"https:\/\/www.gdapress.it\/it\/index.php\/wp-json\/wp\/v2\/comments?post=51959"}],"version-history":[{"count":1,"href":"https:\/\/www.gdapress.it\/it\/index.php\/wp-json\/wp\/v2\/posts\/51959\/revisions"}],"predecessor-version":[{"id":51961,"href":"https:\/\/www.gdapress.it\/it\/index.php\/wp-json\/wp\/v2\/posts\/51959\/revisions\/51961"}],"wp:attachment":[{"href":"https:\/\/www.gdapress.it\/it\/index.php\/wp-json\/wp\/v2\/media?parent=51959"}],"wp:term":[{"taxonomy":"category","embeddable":true,"href":"https:\/\/www.gdapress.it\/it\/index.php\/wp-json\/wp\/v2\/categories?post=51959"},{"taxonomy":"post_tag","embeddable":true,"href":"https:\/\/www.gdapress.it\/it\/index.php\/wp-json\/wp\/v2\/tags?post=51959"}],"curies":[{"name":"wp","href":"https:\/\/api.w.org\/{rel}","templated":true}]}}