
{"id":51935,"date":"2015-05-23T19:41:52","date_gmt":"2015-05-23T17:41:52","guid":{"rendered":"http:\/\/www.gdapress.it\/it\/?p=51935"},"modified":"2015-05-23T19:41:52","modified_gmt":"2015-05-23T17:41:52","slug":"cerimonia-di-apertura-della-world-fair-trade-week-allex-ansaldo","status":"publish","type":"post","link":"https:\/\/www.gdapress.it\/it\/index.php\/51935\/appuntamenti\/cerimonia-di-apertura-della-world-fair-trade-week-allex-ansaldo.html","title":{"rendered":"Cerimonia di apertura della World Fair Trade Week all&#8217;Ex Ansaldo"},"content":{"rendered":"<p align=\"CENTER\"><span style=\"color: #000000;\"><span style=\"font-family: Tahoma, sans-serif;\"><span style=\"font-size: x-large;\"><strong><span style=\"font-size: large;\">Domenica 24 Maggio h 10, cerimonia di apertura della World Fair Trade Week all&#8217;Ex Ansaldo nell&#8217;area incontri al primo piano, via Tortona 54. Milano Capitale del CFair Trade fino al 31 Maggio con sei grandi eventi in programma.<\/span><\/strong><\/span><\/span><\/span><\/p>\n<p align=\"CENTER\"><span style=\"color: #000000;\"><span style=\"font-family: Tahoma, sans-serif;\"><span style=\"font-size: x-large;\"><strong><span style=\"font-size: large;\">Record di delegati alla 13^ WFTO Biennal Conference, conferenza mondiale del Commercio Equo e Solidale<\/span><\/strong><\/span><\/span><\/span><\/p>\n<p align=\"JUSTIFY\"><span style=\"color: #000000;\"><span style=\"font-family: Tahoma;\"><span style=\"font-size: small;\">Milano Capitale mondiale del Commercio Equo e Solidale. <strong>Dal 23 al 31 maggio 2015<\/strong>, proprio nel primo mese di apertura di Expo2015, la citt\u00e0 ospiter\u00e0 la pi\u00f9 grande manifestazione mondiale di sensibilizzazione sui \u00a0temi del Fair Trade: cibo, artigianato, giusto prezzo, sostenibilit\u00e0 economica, diritti dei lavoratori, rispetto dell&#8217;ambiente. La cerimonia di apertura \u00e8 prevista per le h. <strong>10 di domenica 24 maggio presso l&#8217;area incontri al primo piano dell&#8217;Ex Ansaldo a Milano<\/strong>. Parteciperanno all&#8217;evento <strong>Rudi Dalvai<\/strong>, Presidente di WFTO mondiale;\u00a0<strong>Alessandro Franceschini<\/strong>, Presidente di Equo Garantito; <strong>Cristina Tajani<\/strong>, Assessore alle Politiche per il Lavoro, Sviluppo economico, Universit\u00e0 e Ricerca del Comune di Milano, <strong>Palagummi Sainath, giornalista indiano esperto di globalizzazione; Mauro Parolini, Assessore al Commercio, Turismo e Terziario della Regione Lombardia; Simonetta Rubinato, deputata e firmataria della Proposta di Legge nazionale sul\u00a0Commercio Equo e Solidale e un rappresentante di Fondazione Cariplo. Il tavolo degli ospiti sar\u00e0 moderato da Pietro Raitano, Direttore di Altreconomia.<\/strong><\/span><\/span><\/span><\/p>\n<p align=\"JUSTIFY\">\u201c<span style=\"font-family: Tahoma, sans-serif;\"><span style=\"font-size: small;\">Dal 23 al 31 Maggio Milano diventer\u00e0 capitale mondiale del Fair Trade. Dopo Rio nel 2013 proprio la citt\u00e0 sede di Expo2015 accoglier\u00e0 centinaia di attori del Commercio Equo e Solidale da tutto il mondo per la World Fair Trade Week 2015 -afferma <strong>Rudi Dalvai presidente di WFTO, <\/strong>Organizzazione mondiale del Fair Trade-. Un&#8217;occasione unica per Milano e il movimento globale del Fair Trade che, con la World Fair Trade Week, afferma un modello di produzione e distribuzione, quello del commercio equo e solidale, che &#8216;nutre&#8217; il pianeta in modo equo da oltre 50 anni\u201d.<\/span><\/span><\/p>\n<p align=\"JUSTIFY\">\u201c<span style=\"font-family: Tahoma, sans-serif;\"><span style=\"font-size: small;\">In Italia sono decine le organizzazioni di Commercio Equo e Solidale, attive da decenni sul territorio con centinaia di punti vendita -spiega <\/span><span style=\"font-size: small;\"><strong>Alessandro Franceschini, presidente di Equo Garantito, <\/strong><\/span><span style=\"font-size: small;\">Assemblea Generale Italiana del Commercio Equo e Solidale-. Tutte si stanno preparando alla World Fair Trade Week 2015 con l\u2019intento di portare a Milano i valori, i saperi e i sapori di un modello commerciale che da sempre ha messo al centro le persone e le organizzazioni nel Sud come nel Nord del mondo\u201d.<\/span><\/span><\/p>\n<p align=\"JUSTIFY\"><span style=\"font-family: Tahoma, sans-serif;\"><span style=\"font-size: small;\">Le persone e le loro storie uniche, che insieme disegnano il panorama mondiale del Movimento del Commercio Equo e Solidale, saranno le vere protagoniste della World Fair Trade Week organizzata da <\/span><span style=\"font-size: small;\"><strong>WFTO <\/strong><\/span><span style=\"font-size: small;\">-World Fair Trade Organization- ed <\/span><span style=\"font-size: small;\"><strong>Equo Garantito, <\/strong><\/span><span style=\"font-size: small;\">l&#8217;Assemblea Generale italiana del Commercio Equo e Solidale in collaborazione con il <\/span><span style=\"font-size: small;\"><strong>Comune di Milano <\/strong><\/span><span style=\"font-size: small;\">e grazie al sostegno di <\/span><span style=\"font-size: small;\"><strong>Fondazione Cariplo <\/strong><\/span><span style=\"font-size: small;\">e del <\/span><span style=\"font-size: small;\"><strong>progetto EU &#8216;Food Smart Cities for Development&#8217;.<\/strong><\/span><\/span><\/p>\n<p align=\"JUSTIFY\"><span style=\"font-family: Tahoma;\"><span style=\"color: #000000;\"><span style=\"font-size: small;\">L&#8217;appuntamento con la cerimonia di apertura della <\/span><\/span><span style=\"color: #000000;\"><span style=\"font-size: small;\"><strong>World Fair Trade Week <\/strong><\/span><\/span><span style=\"color: #000000;\"><span style=\"font-size: small;\">\u00e8 <\/span><\/span><span style=\"color: #000000;\"><span style=\"font-size: small;\">alle h. 10 di domenica 24 Maggio nell&#8217;area incontri, primo piano all&#8217;Ex Ansaldo (in chiusura della Fair&amp;Ethical Fashion Show). Ne<\/span><\/span><span style=\"color: #000000;\"><span style=\"font-size: small;\">gli stessi locali &#8211; nel pomeriggio &#8211; si apre la prima parte della WFTO Biennal Conference con la plenary session <\/span><\/span><span style=\"color: #000000;\"><span style=\"font-size: small;\"><strong>aperta ai giornalisti <\/strong><\/span><\/span><span style=\"color: #000000;\"><span style=\"font-size: small;\">e con l&#8217;intervento di <\/span><\/span><span style=\"color: #000000;\"><span style=\"font-size: small;\"><strong>Palagummi Sainath<\/strong><\/span><\/span><span style=\"color: #000000;\"><span style=\"font-size: small;\">, giornalista indiano esperto di impatti della globalizzazione. La <\/span><\/span><span style=\"color: #000000;\"><span style=\"font-size: small;\"><strong>WFTO Biennal Conference <\/strong><\/span><\/span><span style=\"color: #000000;\"><span style=\"font-size: small;\">e i suoi 280 delegati (il <\/span><\/span><span style=\"color: #000000;\"><span style=\"font-size: small;\"><strong>record di partecipazione di tutte le tredici edizioni della manifestazione<\/strong><\/span><\/span><span style=\"color: #000000;\"><span style=\"font-size: small;\">) si trasferisce poi fino al 27 Maggio al Klima Hotel. Ai giornalisti \u00e8 consentito l&#8217;accesso ai lavori durante le plenary session del 25 maggio dalle h. 9 alle h. 9.50 per il discorso di <\/span><\/span><span style=\"color: #000000;\"><span style=\"font-size: small;\"><strong>Francisco van der Hoff<\/strong><\/span><\/span><span style=\"color: #000000;\"><span style=\"font-size: small;\">, uno dei fondatori del Movimento del Commercio Equo e Solidale e il 26 Maggio durante la plenary session dalle h.9 alle h.9.50<\/span><\/span><span style=\"color: #000000;\"><span style=\"font-size: small;\"><strong>.<\/strong><\/span><\/span><\/span><\/p>\n<p align=\"JUSTIFY\"><span style=\"font-family: Tahoma;\"><span style=\"font-size: xx-small;\"><span style=\"font-size: small;\">La WFTO Biennal Conference \u00e8 la riunione strategica dell&#8217;Organizzaizione mondiale del Fair Trade in cui vengono condivise le visioni e decise le strategie del commercio equo e solidale mondiale. <\/span><span style=\"font-size: small;\">Tra i partecipanti <\/span><span style=\"font-size: small;\"><strong>Rudi Dalvai<\/strong><\/span><span style=\"font-size: small;\">, presidente di WFTO, <\/span><span style=\"font-size: small;\"><strong>Ana Asti<\/strong><\/span><span style=\"font-size: small;\">, vicepresidente e rappresentante di WFTO America Latina, <\/span><span style=\"font-size: small;\"><strong>Johny Joseph<\/strong><\/span><span style=\"font-size: small;\">, presidente di Creative Handicrafts, Segretario e rappresentante di WFTO Asia, <\/span><span style=\"font-size: small;\"><strong>Bob Chase<\/strong><\/span><span style=\"font-size: small;\">, CEO di Serrv International e membro indipendente del direttivo, <\/span><span style=\"font-size: small;\"><strong>Roopa Mehta<\/strong><\/span><span style=\"font-size: small;\">, fondatrice di Sasha Export e m embro indipendente del Direttivo, <\/span><span style=\"font-size: small;\"><strong>Palagummi Sainath<\/strong><\/span><span style=\"font-size: small;\">, giornalista esperto di globalizzazione, <\/span><span style=\"font-size: small;\"><strong>Francisco van der Hoff<\/strong><\/span><span style=\"font-size: small;\">, fondatore Max Havelaar, <\/span><span style=\"font-size: small;\"><strong>Ryan Zinn<\/strong><\/span><span style=\"font-size: small;\">, coordinatore di Fair World Project, <\/span><span style=\"font-size: small;\"><strong>Carol Wills<\/strong><\/span><span style=\"font-size: small;\">, responsabile del programma di commercio equo e solidale \u201cBridge\u201d di Oxfam.<\/span><\/span><\/span><\/p>\n<p align=\"JUSTIFY\"><span style=\"font-family: Tahoma, sans-serif;\"><span style=\"font-size: small;\"><span style=\"font-size: small;\"><strong>I numeri dei sei eventi della <\/strong><\/span><strong>World Fair Trade Week<\/strong>: la World Fair Trade Conference dal 24 al 27 Maggio che accoglie al Hotel Klima oltre 280 delegati WFTO da 57 Paesi del Mondo; la <strong>Milano Fair City<\/strong> -prima fiera mondiale del Fair Trade- alla Fabbrica del Vapore di via Procaccini ospita 170 espositori da 30 Paesi e un calendario di 40 tra incontri e conferenze. E ancora la <strong>Fair&amp;Ethical Fashion Show<\/strong> all&#8217;Ex Ansaldo prima fiera internazionale di moda etica e sostenibile con un ricco programma culturale e 30 espositori da 12 Paesi; il <strong>Fair Trade Symposium<\/strong> organizzato insieme al Politecnico di Milano dove 70 ricercatori da 12 Paesi si confrontano su 59 <span style=\"font-size: small;\">paper <\/span>di studio e l&#8217;assemblea annuale di <strong>AGICES-Equo Garantito<\/strong>, momento di incontro e confronto tra i protagonisti del settore in Italia, settore che malgrado la crisi vede aumentare i suoi punti vendita. E infine la <strong>Milano Fair Cuisine<\/strong>, che dal 16 al 31 Maggio vede gli chef di 26 ristoranti di Milano e d&#8217;Italia confrontarsi con gli ingredienti della &#8216;dispensa etica&#8217; del Fair Trade e proporre serate a tema Fair Trade.<\/span><\/span><\/p>\n<p align=\"CENTER\">\n","protected":false},"excerpt":{"rendered":"<p>Domenica 24 Maggio h 10, cerimonia di apertura della World Fair Trade Week all&#8217;Ex Ansaldo nell&#8217;area incontri al primo piano, via Tortona 54. Milano Capitale del CFair Trade fino al 31 Maggio con sei grandi eventi in programma. Record di delegati alla 13^ WFTO Biennal Conference, conferenza mondiale del Commercio Equo e Solidale Milano Capitale &hellip; <a href=\"https:\/\/www.gdapress.it\/it\/index.php\/51935\/appuntamenti\/cerimonia-di-apertura-della-world-fair-trade-week-allex-ansaldo.html\" class=\"more-link\">Read more <span class=\"screen-reader-text\">Cerimonia di apertura della World Fair Trade Week all&#8217;Ex Ansaldo<\/span><\/a><\/p>\n","protected":false},"author":3,"featured_media":0,"comment_status":"closed","ping_status":"open","sticky":false,"template":"","format":"standard","meta":{"footnotes":""},"categories":[2245],"tags":[8583,15819,15818],"class_list":["post-51935","post","type-post","status-publish","format-standard","hentry","category-appuntamenti","tag-ex-ansaldo","tag-trade-week","tag-world-fair"],"_links":{"self":[{"href":"https:\/\/www.gdapress.it\/it\/index.php\/wp-json\/wp\/v2\/posts\/51935","targetHints":{"allow":["GET"]}}],"collection":[{"href":"https:\/\/www.gdapress.it\/it\/index.php\/wp-json\/wp\/v2\/posts"}],"about":[{"href":"https:\/\/www.gdapress.it\/it\/index.php\/wp-json\/wp\/v2\/types\/post"}],"author":[{"embeddable":true,"href":"https:\/\/www.gdapress.it\/it\/index.php\/wp-json\/wp\/v2\/users\/3"}],"replies":[{"embeddable":true,"href":"https:\/\/www.gdapress.it\/it\/index.php\/wp-json\/wp\/v2\/comments?post=51935"}],"version-history":[{"count":1,"href":"https:\/\/www.gdapress.it\/it\/index.php\/wp-json\/wp\/v2\/posts\/51935\/revisions"}],"predecessor-version":[{"id":51936,"href":"https:\/\/www.gdapress.it\/it\/index.php\/wp-json\/wp\/v2\/posts\/51935\/revisions\/51936"}],"wp:attachment":[{"href":"https:\/\/www.gdapress.it\/it\/index.php\/wp-json\/wp\/v2\/media?parent=51935"}],"wp:term":[{"taxonomy":"category","embeddable":true,"href":"https:\/\/www.gdapress.it\/it\/index.php\/wp-json\/wp\/v2\/categories?post=51935"},{"taxonomy":"post_tag","embeddable":true,"href":"https:\/\/www.gdapress.it\/it\/index.php\/wp-json\/wp\/v2\/tags?post=51935"}],"curies":[{"name":"wp","href":"https:\/\/api.w.org\/{rel}","templated":true}]}}